{"id":41187,"date":"2019-03-01T11:00:23","date_gmt":"2019-03-01T10:00:23","guid":{"rendered":"https:\/\/www.fedaiisf.it\/?p=41187"},"modified":"2019-03-01T12:58:45","modified_gmt":"2019-03-01T11:58:45","slug":"protocollo-cittadinanzattiva-sif-informazione-chiara-trasparente-e-documentata-sul-farmaco-e-sugli-integratori-alimentari-fatturato-e-occupazione-in-crescita-per-gli-integratori","status":"publish","type":"post","link":"https:\/\/www.fedaiisf.it\/en\/protocollo-cittadinanzattiva-sif-informazione-chiara-trasparente-e-documentata-sul-farmaco-e-sugli-integratori-alimentari-fatturato-e-occupazione-in-crescita-per-gli-integratori\/","title":{"rendered":"Protocollo Cittadinanzattiva SIF: Informazione chiara, trasparente e documentata sul farmaco e sugli integratori alimentari. Fatturato e occupazione in crescita per gli integratori"},"content":{"rendered":"<h2>Farmaci e cittadini: firmato protocollo tra Cittadinanzattiva e SIF<\/h2>\n<p><a href=\"https:\/\/www.cittadinanzattiva.it\/comunicati\/salute\/12116-farmaci-e-cittadini-firmato-protocollo-tra-cittadinanzattiva-e-sif.html\" target=\"_blank\" rel=\"noopener\">Cittadinanzattiva &#8211; 28 febbraio 2019<\/a><\/p>\n<p>Una alleanza strategica per fornire ai cittadini una informazione chiara, trasparente e documentata su tutti i temi che coinvolgono il farmaco e gli integratori alimentari. \u00c8 questo uno dei principali obiettivi del protocollo di collaborazione siglato tra Cittadinanzattiva e Societ\u00e0 italiana di farmacologia (SIF) presentato oggi a Roma.<\/p>\n<p><a href=\"https:\/\/www.fedaiisf.it\/wp-content\/uploads\/2019\/03\/cittadinanzattiva.jpg\"><img loading=\"lazy\" decoding=\"async\" class=\"wp-image-41191 alignright\" src=\"https:\/\/www.fedaiisf.it\/wp-content\/uploads\/2019\/03\/cittadinanzattiva-1024x576.jpg\" alt=\"\" width=\"426\" height=\"240\" srcset=\"https:\/\/www.fedaiisf.it\/wp-content\/uploads\/2019\/03\/cittadinanzattiva-1024x576.jpg 1024w, https:\/\/www.fedaiisf.it\/wp-content\/uploads\/2019\/03\/cittadinanzattiva-300x169.jpg 300w, https:\/\/www.fedaiisf.it\/wp-content\/uploads\/2019\/03\/cittadinanzattiva-768x432.jpg 768w, https:\/\/www.fedaiisf.it\/wp-content\/uploads\/2019\/03\/cittadinanzattiva-390x220.jpg 390w, https:\/\/www.fedaiisf.it\/wp-content\/uploads\/2019\/03\/cittadinanzattiva.jpg 1280w\" sizes=\"auto, (max-width: 426px) 100vw, 426px\" \/><\/a>Tra le azioni che le organizzazioni metteranno in campo ci sar\u00e0 la progettazione di campagne di informazione sui medicinali e sulle modalit\u00e0 del loro sviluppo clinico e, ancora, informazione di prossimit\u00e0 ai consumatori, in collaborazione con le farmacie: l\u2019accordo prevede che SIF e Cittadinanzattiva costituiscano un vero e proprio ponte tra il mondo della ricerca farmacologica, dove si produce conoscenza, e la societ\u00e0 civile, dove la conoscenza deve trovare applicazione a beneficio dei cittadini.<\/p>\n<p>Ai cittadini le organizzazioni dedicheranno quindi attivit\u00e0 di formazione sul corretto e appropriato utilizzo dei farmaci, con particolare attenzione all\u2019utilizzo da parte delle fasce pi\u00f9 vulnerabili, come per esempio gli anziani e i bambini. Verranno proposte in modo comprensibile le modalit\u00e0 con cui vengono introdotti sul mercato i farmaci equivalenti e i biosimilari.<\/p>\n<p>Tra gli ulteriori punti previsti nell\u2019accordo, l\u2019impegno reciproco per una corretta informazione anche attraverso i media, e incontri di formazione rivolti a leader di organizzazioni civiche e di pazienti.<\/p>\n<p><a href=\"https:\/\/www.fedaiisf.it\/wp-content\/uploads\/2019\/03\/SIF.jpg\"><img loading=\"lazy\" decoding=\"async\" class=\"wp-image-41192 alignleft\" src=\"https:\/\/www.fedaiisf.it\/wp-content\/uploads\/2019\/03\/SIF.jpg\" alt=\"\" width=\"238\" height=\"238\" srcset=\"https:\/\/www.fedaiisf.it\/wp-content\/uploads\/2019\/03\/SIF.jpg 512w, https:\/\/www.fedaiisf.it\/wp-content\/uploads\/2019\/03\/SIF-300x300.jpg 300w, https:\/\/www.fedaiisf.it\/wp-content\/uploads\/2019\/03\/SIF-150x150.jpg 150w, https:\/\/www.fedaiisf.it\/wp-content\/uploads\/2019\/03\/SIF-36x36.jpg 36w\" sizes=\"auto, (max-width: 238px) 100vw, 238px\" \/><\/a>\u00abPer noi questo protocollo \u00e8 molto importante perch\u00e9 salda una collaborazione centrale tra cittadini e farmacologi\u00bb, ha dichiarato Antonio Gaudioso, segretario generale di Cittadinanzattiva, \u00abper realizzare attivit\u00e0 di informazione che da un lato garantiscano l\u2019uso pi\u00f9 appropriato e corretto dal farmaco, e dall\u2019altro un uso altrettanto corretto degli integratori alimentari. Questa collaborazione ha come obiettivo non solo quello di favorire l\u2019appropriatezza dell\u2019uso dei farmaci, ma anche di essere un segno di come all\u2019interno del SSN soggetti che hanno ruoli diversi possano, lavorando insieme, prendersi cura dell\u2019interesse generale. Ed \u00e8 un accordo che non ha alcun obiettivo di esclusivit\u00e0, ma di assoluta inclusivit\u00e0, che vorrebbe far lavorare insieme il mondo dei farmacologi, i pazienti affetti da patologie croniche, i farmacisti, le associazioni dei cittadini e il mondo dei media, nonch\u00e9 tutti coloro che hanno un ruolo importante nella filiera del farmaco del nostro Paese\u00bb.<\/p>\n<p>\u00abQuesto accordo realizza una delle missioni della Societ\u00e0 Italiana di Farmacologia\u201d, spiega il presidente SIF Alessandro Mugelli, \u201cvale a dire quella di essere una interfaccia attiva tra il mondo della ricerca scientifica e la societ\u00e0. I Farmacologi insegnano come funzionano i farmaci e come si devono utilizzare a tutti gli studenti dei corsi di laurea sanitaria e, attraverso corsi, convegni e congressi, ne ottimizzano il loro utilizzo da parte degli specialisti. Siamo convinti che il cittadino debba avere informazioni corrette, scientificamente provate, indipendenti e chiare, sui benefici e i rischi associati all\u2019uso dei farmaci per esercitare appieno il proprio diritto-dovere alla salute. SIF intende avere, attraverso questo accordo, un ruolo pubblico, socialmente utile, basato su questi principi: scientificit\u00e0, trasparenza, etica\u00bb.<\/p>\n<hr \/>\n<h1 class=\"site-block__title\">Industria degli integratori alimentari: in crescita fatturato e occupazione<\/h1>\n<div class=\"content\">\n<h3 class=\"site-block__title\">Presentata alla Camera la nuova indagine sul settore in Italia realizzata dal Centro Studi di Federsalus. La stima sul fatturato 2017 segna un +12% rispetto all\u2019anno precedente. Il numero di addetti (11.500) \u00e8 salito dell\u20198,7%<\/h3>\n<p><a href=\"https:\/\/www.aboutpharma.com\/blog\/2019\/02\/28\/industria-degli-integratori-alimentari-in-crescita-fatturato-e-occupazione\/\" target=\"_blank\" rel=\"noopener\">Aboutpharma &#8211; 28 febbraio 2019<\/a><\/p>\n<p class=\"p3\"><span class=\"s1\">Cresce la filiera italiana degli integratori alimentari. Il fatturato industriale (stimato) nel 2017 ha raggiunto quota 1,33 miliardi, con un incremento del 12% rispetto all\u2019anno precedente. Il numero di occupati \u00e8 aumentato dell\u20198,7%, attestandosi a 11.509 addetti. Il numero di prescrizioni mediche (26 milioni nel 2018) \u00e8 salito del 30% negli ultimi due anni. Sono questi alcuni dei dati emersi dalla quarta indagine sull\u2019industria degli integratori realizzata dal Centro Studi di Federsalus, l\u2019associazione che rappresenta circa 200 aziende del settore in Italia, e <a href=\"https:\/\/www.fedaiisf.it\/wp-content\/uploads\/2019\/03\/Mercato-integratori.png\"><img loading=\"lazy\" decoding=\"async\" class=\"wp-image-41193 alignright\" src=\"https:\/\/www.fedaiisf.it\/wp-content\/uploads\/2019\/03\/Mercato-integratori.png\" alt=\"\" width=\"484\" height=\"374\" srcset=\"https:\/\/www.fedaiisf.it\/wp-content\/uploads\/2019\/03\/Mercato-integratori.png 796w, https:\/\/www.fedaiisf.it\/wp-content\/uploads\/2019\/03\/Mercato-integratori-300x232.png 300w, https:\/\/www.fedaiisf.it\/wp-content\/uploads\/2019\/03\/Mercato-integratori-768x594.png 768w\" sizes=\"auto, (max-width: 484px) 100vw, 484px\" \/><\/a>presentata oggi alla Camera.Le stime derivano da un campione di 87 aziende, che rappresentano il 44% degli associati a FederSalus e il 70% del fatturato.<br \/>\n<\/span><\/p>\n<h2 class=\"p3\"><span class=\"s1\">Identikit delle aziende<\/span><\/h2>\n<p class=\"p3\"><span class=\"s1\">La filiera dell\u2019integratore \u00e8 costituita soprattutto da produttori di materie prime, aziende di produzione conto terzi e aziende a marchio proprio sul mercato di consumo. Secondo l\u2019indagine, si tratta di imprese dinamiche e orientate all\u2019innovazione: gli investimenti assorbono circa l\u201911% del fatturato e si concentrano per un 72% in impianti e nuovi macchinari, ricerca e sviluppo, tecnologie e formazione. <\/span><\/p>\n<p class=\"p3\"><span class=\"s1\">Quanto alla produzione, l\u201981% \u00e8 realizzata in conto terzi e il 73% \u00e8 concentrata in Italia, ma le aziende guardano comunque ai mercati internazionali: il 22% esporta oltre un quarto del fatturato. Di certo non mancano i margini di miglioramento, visto che per il 53% delle aziende l\u2019incidenza del fatturato estero sul totale \u00e8 inferiore al 25% e un altro 25% non esporta affatto. <\/span><\/p>\n<p class=\"p3\"><span class=\"s1\">Internazionalizzazione e regole comuni in Europa sono una priorit\u00e0 secondo Marco Fiorani, presidente di Federsalus: \u201cPer continuare a creare occupazione e innovazione e quindi crescita \u2013 commenta Fiorani. \u2013 il settore necessita di criteri di valutazione di sicurezza ed efficacia specifici per l\u2019integratore a livello europeo. La mancata armonizzazione regolatoria nella Ue \u00e8 un freno alla libera circolazione dei prodotti e quindi alle esportazioni delle aziende italiane, che sono un riferimento di qualit\u00e0 nel mondo. Molto \u00e8 ancora da fare in questa direzione e stiamo<span class=\"Apple-converted-space\">\u00a0 <\/span>attivando un desk internazionalizzazione, in collaborazione con Ice \u2013 Italian Trade Agency, per supportare le aziende verso i mercati esteri. Nel 2019 \u2013 conclude il presidente di Federsalus \u2013<span class=\"Apple-converted-space\">\u00a0 <\/span>attraverso l\u2019organizzazione di incontri BtoB con operatori internazionali e di collettive nei pi\u00f9 importanti eventi mondiali del settore, l\u2019associazione sar\u00e0 a Ginevra, a Tokyo e a Chicago\u201d.<\/span><\/p>\n<h2 class=\"p3\"><span class=\"s1\">In farmacia<\/span><\/h2>\n<p class=\"p3\"><span class=\"s1\">Spostandosi sul versante dei consumi, la farmacia \u00e8 il principale canale di distribuzione degli integratori. Vale infatti l\u201986% del mercato nazionale, valutato in 3,3 miliardi di euro. A seguire parafarmacie (8,6%) e grande distribuzione (5,4%). Per il 32% dei consumatori il farmacista <a href=\"https:\/\/www.fedaiisf.it\/wp-content\/uploads\/2018\/09\/Prescrizione-integratori.jpg\"><img loading=\"lazy\" decoding=\"async\" class=\"wp-image-38012 alignleft\" src=\"https:\/\/www.fedaiisf.it\/wp-content\/uploads\/2018\/09\/Prescrizione-integratori-1024x576.jpg\" alt=\"\" width=\"371\" height=\"209\" srcset=\"https:\/\/www.fedaiisf.it\/wp-content\/uploads\/2018\/09\/Prescrizione-integratori-1024x576.jpg 1024w, https:\/\/www.fedaiisf.it\/wp-content\/uploads\/2018\/09\/Prescrizione-integratori-300x169.jpg 300w, https:\/\/www.fedaiisf.it\/wp-content\/uploads\/2018\/09\/Prescrizione-integratori-768x432.jpg 768w, https:\/\/www.fedaiisf.it\/wp-content\/uploads\/2018\/09\/Prescrizione-integratori-390x220.jpg 390w, https:\/\/www.fedaiisf.it\/wp-content\/uploads\/2018\/09\/Prescrizione-integratori.jpg 1280w\" sizes=\"auto, (max-width: 371px) 100vw, 371px\" \/><\/a>\u00e8 la figura di riferimento per l\u2019uso degli integratori. Per il 42% \u00e8 il medico. <\/span><\/p>\n<h2 class=\"p3\"><span class=\"s1\">I medici<\/span><\/h2>\n<p class=\"p3\"><span class=\"s1\">Nel 2018, secondo dati Iqvia Medical Audit per FederSalus, si contano 26 milioni di prescrizioni mediche, in crescita del 30% negli ultimi due anni. Gli integratori alimentari rientrano a pieno titolo nella pratica clinica del medico e in particolare dei medici di medicina generale (24%), dei pediatri (16%), degli ortopedici (15%) e dei ginecologi (14%), tra le principali categorie che ne consigliano l\u2019utilizzo ai propri pazienti.<\/span><\/p>\n<h2 class=\"p3\"><span class=\"s1\">L\u2019analisi<\/span><\/h2>\n<p class=\"p3\"><span class=\"s1\">Una conferma dello stato di salute dell\u2019industria degli integratori arriva anche da un\u2019analisi di Elite Borsa Italiana, il network internazionale delle eccellenze. Uno studio condotto su un campione di aziende confermerebbe \u201cperformance molto interessanti di un settore in crescita anno dopo anno\u201d e \u201cuna propensione all\u2019innovazione delle aziende\u201d certificata \u201cdalla valorizzazione della dinamica degli investimenti industriali\u201d.<\/span><\/p>\n<p><a href=\"https:\/\/www.aboutpharma.com\/wp-content\/uploads\/2019\/02\/Abstract_Indagine-di-settore-2018.pdf\" target=\"_blank\" rel=\"noopener\">I DATI IN SINTESI<\/a><\/p>\n<p>Related news: <a href=\"https:\/\/www.federsalus.it\/wp-content\/uploads\/2018\/04\/1518617906Linee-Guida-Comunicazione_2018-.pdf\" target=\"_blank\" rel=\"noopener\">Federsalus. Linee Guida sulla Comunicazione degli integratori alimentari<\/a><\/p>\n<p><a href=\"https:\/\/www.fedaiisf.it\/wp-content\/uploads\/2019\/03\/ISF-integratori.png\"><img loading=\"lazy\" decoding=\"async\" class=\"size-full wp-image-41195 aligncenter\" src=\"https:\/\/www.fedaiisf.it\/wp-content\/uploads\/2019\/03\/ISF-integratori.png\" alt=\"\" width=\"751\" height=\"960\" srcset=\"https:\/\/www.fedaiisf.it\/wp-content\/uploads\/2019\/03\/ISF-integratori.png 751w, https:\/\/www.fedaiisf.it\/wp-content\/uploads\/2019\/03\/ISF-integratori-235x300.png 235w\" sizes=\"auto, (max-width: 751px) 100vw, 751px\" \/><\/a><\/p>\n<\/div>","protected":false},"excerpt":{"rendered":"<p>Farmaci e cittadini: firmato protocollo tra Cittadinanzattiva e SIF Cittadinanzattiva &#8211; 28 febbraio 2019 Una alleanza strategica per fornire ai cittadini una informazione chiara, trasparente e documentata su tutti i temi che coinvolgono il farmaco e gli integratori alimentari. \u00c8 questo uno dei principali obiettivi del protocollo di collaborazione siglato tra Cittadinanzattiva e Societ\u00e0 italiana &hellip;<\/p>","protected":false},"author":4,"featured_media":35718,"comment_status":"closed","ping_status":"closed","sticky":false,"template":"","format":"standard","meta":{"footnotes":""},"categories":[1],"tags":[55,21,30],"class_list":["post-41187","post","type-post","status-publish","format-standard","has-post-thumbnail","hentry","category-notizie","tag-farmacovigilanza","tag-informatori-scientifici","tag-ricette"],"amp_enabled":true,"_links":{"self":[{"href":"https:\/\/www.fedaiisf.it\/en\/wp-json\/wp\/v2\/posts\/41187","targetHints":{"allow":["GET"]}}],"collection":[{"href":"https:\/\/www.fedaiisf.it\/en\/wp-json\/wp\/v2\/posts"}],"about":[{"href":"https:\/\/www.fedaiisf.it\/en\/wp-json\/wp\/v2\/types\/post"}],"author":[{"embeddable":true,"href":"https:\/\/www.fedaiisf.it\/en\/wp-json\/wp\/v2\/users\/4"}],"replies":[{"embeddable":true,"href":"https:\/\/www.fedaiisf.it\/en\/wp-json\/wp\/v2\/comments?post=41187"}],"version-history":[{"count":0,"href":"https:\/\/www.fedaiisf.it\/en\/wp-json\/wp\/v2\/posts\/41187\/revisions"}],"wp:featuredmedia":[{"embeddable":true,"href":"https:\/\/www.fedaiisf.it\/en\/wp-json\/wp\/v2\/media\/35718"}],"wp:attachment":[{"href":"https:\/\/www.fedaiisf.it\/en\/wp-json\/wp\/v2\/media?parent=41187"}],"wp:term":[{"taxonomy":"category","embeddable":true,"href":"https:\/\/www.fedaiisf.it\/en\/wp-json\/wp\/v2\/categories?post=41187"},{"taxonomy":"post_tag","embeddable":true,"href":"https:\/\/www.fedaiisf.it\/en\/wp-json\/wp\/v2\/tags?post=41187"}],"curies":[{"name":"wp","href":"https:\/\/api.w.org\/{rel}","templated":true}]}}