{"id":41505,"date":"2019-03-16T17:21:15","date_gmt":"2019-03-16T16:21:15","guid":{"rendered":"https:\/\/www.fedaiisf.it\/?p=41505"},"modified":"2019-03-16T17:30:58","modified_gmt":"2019-03-16T16:30:58","slug":"fedaiisf-napoli-intervento-alla-giornata-di-prevenzione-per-le-malattie-del-rene-unoccasione-per-far-conoscere-gli-isf","status":"publish","type":"post","link":"https:\/\/www.fedaiisf.it\/en\/fedaiisf-napoli-intervento-alla-giornata-di-prevenzione-per-le-malattie-del-rene-unoccasione-per-far-conoscere-gli-isf\/","title":{"rendered":"Fedaiisf Napoli. Intervento alla giornata di prevenzione per le malattie del rene. Un&#8217;occasione per far conoscere gli ISF"},"content":{"rendered":"<p>We receive and gladly publish<\/p>\n<p><span style=\"font-size: 18px;\">Giuseppe Acratofaro, Valeria Bruno e Maria Rosaria Trotta hanno rappresentato la nostra Sezione Fedaiisf come volontari alla giornata di <a href=\"https:\/\/www.fedaiisf.it\/wp-content\/uploads\/2019\/03\/Fedaiisf-Napoli-alla-giornata-del-rene-1.png\"><img loading=\"lazy\" decoding=\"async\" class=\"wp-image-41506 alignright\" src=\"https:\/\/www.fedaiisf.it\/wp-content\/uploads\/2019\/03\/Fedaiisf-Napoli-alla-giornata-del-rene-1.png\" alt=\"\" width=\"420\" height=\"537\" srcset=\"https:\/\/www.fedaiisf.it\/wp-content\/uploads\/2019\/03\/Fedaiisf-Napoli-alla-giornata-del-rene-1.png 670w, https:\/\/www.fedaiisf.it\/wp-content\/uploads\/2019\/03\/Fedaiisf-Napoli-alla-giornata-del-rene-1-235x300.png 235w\" sizes=\"auto, (max-width: 420px) 100vw, 420px\" \/><\/a>prevenzione per le malattie del rene. Organizzata dal gruppo Lions Portici Miglio d&#8217;Oro, un gruppo estremamente attivo nel campo della prevenzione e della salute del cittadino. <\/span><\/p>\n<p><span style=\"font-size: 18px;\">Ringraziamo il loro consiglio direttivo, la Dott.ssa Formisano, e i Dott.ri D&#8217;amaro e Gaggiotti, che invitandoci a partecipare ci hanno dato l&#8217;opportunit\u00e0 di farci conoscere meglio come Associazione. Giuseppe e Valeria, in particolare, con la loro disponibilit\u00e0 ed allegria hanno reso un&#8217;attivit\u00e0 di raccolta dati personali delle persone interessate allo screening, molto pi\u00f9 leggera anche per i pazienti stessi. <\/span><\/p>\n<p><span style=\"font-size: 18px;\">Abbiamo approfittato per presentarci in una veste diversa dalla solita. Facendoci apprezzare per l&#8217;aiuto e l&#8217;attenzione dedicate. Favorevolmente sorpresi nello scoprire che avevamo dedicato il nostro tempo libero per sostenere, a titolo di volontariato, la causa della nostra Associazione. Sono abituati a vederci come dipendenti di aziende e non come individui che in ambito sanitario possono essere utili direttamente al paziente. <\/span><\/p>\n<p><span style=\"font-size: 18px;\">\u00c8 stata l&#8217;occasione anche per presentare meglio le finalit\u00e0 della nostra associazione e per stringere interessanti collaborazioni sul piano delle attivit\u00e0 sociali per il futuro. Un modo per uscire dal buio in cui noi stessi ci siamo infilati. <\/span><\/p>\n<p><span style=\"font-size: 18px;\"><a href=\"https:\/\/www.fedaiisf.it\/wp-content\/uploads\/2019\/03\/Fedaiisf-Napoli-giornata-del-rene-2.png\"><img loading=\"lazy\" decoding=\"async\" class=\"wp-image-41507 alignleft\" src=\"https:\/\/www.fedaiisf.it\/wp-content\/uploads\/2019\/03\/Fedaiisf-Napoli-giornata-del-rene-2-1024x728.png\" alt=\"\" width=\"286\" height=\"203\" srcset=\"https:\/\/www.fedaiisf.it\/wp-content\/uploads\/2019\/03\/Fedaiisf-Napoli-giornata-del-rene-2-1024x728.png 1024w, https:\/\/www.fedaiisf.it\/wp-content\/uploads\/2019\/03\/Fedaiisf-Napoli-giornata-del-rene-2-300x213.png 300w, https:\/\/www.fedaiisf.it\/wp-content\/uploads\/2019\/03\/Fedaiisf-Napoli-giornata-del-rene-2-768x546.png 768w, https:\/\/www.fedaiisf.it\/wp-content\/uploads\/2019\/03\/Fedaiisf-Napoli-giornata-del-rene-2.png 1038w\" sizes=\"auto, (max-width: 286px) 100vw, 286px\" \/><\/a>Un ringraziamento anche al Presidente del centro sociale per Anziani &#8220;Officina della Pace&#8221; nei cui locali si \u00e8 svolta la seduta di screening. Il signor Pezzella ha accettato volentieri la nostra proposta di ospitarci nel suo attivissimo centro che conta pi\u00f9 di 100 iscritti impegnati in diverse attivit\u00e0 culturali e sociali. <\/span><\/p>\n<p><span style=\"font-size: 18px;\">Programmeremo a breve un incontro in cui trattare argomenti che possano interessare gli anziani e aiutarli nelle loro attivit\u00e0 quotidiane relative alla salute. Insomma, oggi \u00e8 stato un altro bel modo di sentirsi ISF.<\/span><\/p>\n<p style=\"text-align: left;\">\u00a0\u00a0\u00a0\u00a0\u00a0\u00a0 Maria Rosaria Trotta<\/p>\n<p style=\"text-align: left;\">Presidente Sez. Fadaiisf Napoli<\/p>","protected":false},"excerpt":{"rendered":"<p>Riceviamo e volentieri pubblichiamo Giuseppe Acratofaro, Valeria Bruno e Maria Rosaria Trotta hanno rappresentato la nostra Sezione Fedaiisf come volontari alla giornata di prevenzione per le malattie del rene. Organizzata dal gruppo Lions Portici Miglio d&#8217;Oro, un gruppo estremamente attivo nel campo della prevenzione e della salute del cittadino. Ringraziamo il loro consiglio direttivo, la &hellip;<\/p>","protected":false},"author":4,"featured_media":41509,"comment_status":"closed","ping_status":"closed","sticky":false,"template":"","format":"standard","meta":{"footnotes":""},"categories":[14],"tags":[45],"class_list":["post-41505","post","type-post","status-publish","format-standard","has-post-thumbnail","hentry","category-news-fedaiisf","tag-fedaiisf"],"amp_enabled":true,"_links":{"self":[{"href":"https:\/\/www.fedaiisf.it\/en\/wp-json\/wp\/v2\/posts\/41505","targetHints":{"allow":["GET"]}}],"collection":[{"href":"https:\/\/www.fedaiisf.it\/en\/wp-json\/wp\/v2\/posts"}],"about":[{"href":"https:\/\/www.fedaiisf.it\/en\/wp-json\/wp\/v2\/types\/post"}],"author":[{"embeddable":true,"href":"https:\/\/www.fedaiisf.it\/en\/wp-json\/wp\/v2\/users\/4"}],"replies":[{"embeddable":true,"href":"https:\/\/www.fedaiisf.it\/en\/wp-json\/wp\/v2\/comments?post=41505"}],"version-history":[{"count":0,"href":"https:\/\/www.fedaiisf.it\/en\/wp-json\/wp\/v2\/posts\/41505\/revisions"}],"wp:featuredmedia":[{"embeddable":true,"href":"https:\/\/www.fedaiisf.it\/en\/wp-json\/wp\/v2\/media\/41509"}],"wp:attachment":[{"href":"https:\/\/www.fedaiisf.it\/en\/wp-json\/wp\/v2\/media?parent=41505"}],"wp:term":[{"taxonomy":"category","embeddable":true,"href":"https:\/\/www.fedaiisf.it\/en\/wp-json\/wp\/v2\/categories?post=41505"},{"taxonomy":"post_tag","embeddable":true,"href":"https:\/\/www.fedaiisf.it\/en\/wp-json\/wp\/v2\/tags?post=41505"}],"curies":[{"name":"wp","href":"https:\/\/api.w.org\/{rel}","templated":true}]}}