{"id":41932,"date":"2019-04-08T18:09:37","date_gmt":"2019-04-08T16:09:37","guid":{"rendered":"https:\/\/www.fedaiisf.it\/?p=41932"},"modified":"2019-04-08T18:33:24","modified_gmt":"2019-04-08T16:33:24","slug":"filctem-marco-falcinelli-nuovo-segretario-generale","status":"publish","type":"post","link":"https:\/\/www.fedaiisf.it\/en\/filctem-marco-falcinelli-nuovo-segretario-generale\/","title":{"rendered":"Filctem, Marco Falcinelli elected new general secretary"},"content":{"rendered":"<div class=\"articolo_testo-content\">\n<h3>I 196 membri dell\u2019assemblea nazionale hanno votato, a scrutinio segreto, ed eletto Marco Falcinelli segretario generale con 179 voti favorevoli (91,5%), 14 contrari (7%) e 3 astenuti (1.5%)<\/h3>\n<p><a href=\"http:\/\/www.filctemcgil.it\/index.php?option=com_flexicontent&amp;view=items&amp;cid=9&amp;id=7824&amp;Itemid=3\" target=\"_blank\" rel=\"noopener\">Filctem &#8211; 8 aprile 2019<\/a><\/p>\n<p>AND <strong>Marco Falcinelli<\/strong> il nuovo segretario generale della Filctem Cgil. Romano, 53 anni, Falcinelli ha una lunga esperienza nella federazione della Cgil che unisce i lavoratori chimici, tessili, dell&#8217;energia e delle manifatture. \u00c8 infatti presente nella categoria nazionale dal 2001 (prima Filcea, poi Filcem e infine Filctem). Andr\u00e0 a sostituire Emilio Miceli, eletto segretario confederale della Cgil il\u00a024 gennaio\u00a0scorso.<\/p>\n<p><a href=\"https:\/\/www.fedaiisf.it\/wp-content\/uploads\/2019\/04\/Marco-Falcinelli-Filctem.png\"><img loading=\"lazy\" decoding=\"async\" class=\"size-full wp-image-41935 alignright\" src=\"https:\/\/www.fedaiisf.it\/wp-content\/uploads\/2019\/04\/Marco-Falcinelli-Filctem.png\" alt=\"\" width=\"292\" height=\"535\" srcset=\"https:\/\/www.fedaiisf.it\/wp-content\/uploads\/2019\/04\/Marco-Falcinelli-Filctem.png 292w, https:\/\/www.fedaiisf.it\/wp-content\/uploads\/2019\/04\/Marco-Falcinelli-Filctem-164x300.png 164w\" sizes=\"auto, (max-width: 292px) 100vw, 292px\" \/><\/a>I 196 membri dell\u2019assemblea nazionale hanno votato, a scrutinio segreto, ed eletto Marco Falcinelli segretario generale con 179 voti favorevoli (91,5%), 14 contrari (7%) e 3 astenuti (1.5%).<\/p>\n<p>\u201cil valore aggiunto della Filctem Cgil,\u00a0oggi, sta nell\u2019avere immaginato, anzitempo e per tempo, un modello di categoria in grado di raccogliere le sfide che il mondo del lavoro ci pone davanti. Mentre ci\u00f2 che sta intorno a noi si frammenta sempre di pi\u00f9 noi siamo in grado, con i tanti settori che rappresentiamo, di offrire un punto di unificazione fondamentale per le politiche contrattuali, per le politiche industriali per le politiche organizzative\u201d cos\u00ec ha detto\u00a0questa \u00a0mattina\u00a0Marco Falcinelli nella sua dichiarazione programmatica all\u2019assemblea generale.<\/p>\n<p>\u201cSul salario minimo \u2013 ha continuato Falcinelli -, condivido la posizione della Cgil sul tema: si dia certezza alla rappresentanza e si assuma, come valore legale, quanto contenuto nei contratti nazionali. Con la volont\u00e0 di dare un contratto nazionale, nella sua complessit\u00e0, a chi ne \u00e8\u00a0oggi\u00a0privo e non di determinare la condizione per cui quel lavoratore il contratto non l\u2019avr\u00e0 mai perch\u00e9 alle imprese conviene applicare il semplice salario minimo, facendo finta che tutto quello che \u00e8 altrettanto importante, come diritti e tutele, semplicemente, non esista\u201d.<\/p>\n<p>\u201cLa linea politica della Filctem Cgil sui contratti non cambier\u00e0 \u2013 ha affermato senza mezzi termini Falcinelli -, il nostro modello contrattuale non cambier\u00e0\u201d.<\/p>\n<p>\u201cLa difesa dei contratti nazionali non passa solo attraverso il loro rinnovo e dalle scelte che faremo, ma anche da come li andremo a costruire e con chi. Non solo, quindi, con la loro approvazione ma anche come garantiremo la massima partecipazione attiva dei delegati e delle migliaia di lavoratrici e lavoratori\u201d: ha detto Falcinelli sul tema della partecipazione<\/p>\n<p>\u201cil nostro Paese ha un governo di destra &#8211; ha poi spiegato il neoeletto segretario generale della Filctem Cgil riflettendo sull\u2019attuale politica -, molto pericoloso perch\u00e9 opera sul terreno della frammentazione sociale, cavalcando il disagio e fomentando le paure. Altro che inclusivit\u00e0, questo Governo introduce giornalmente azioni che separano le persone, gli uni contro gli altri. La progressiva insicurezza delle persone per il loro futuro \u00e8 la cifra caratteristica del nostro tempo: precariato, disoccupazione, sfruttamento, impoverimento della classe media, disattenzione sui temi della differenza di genere e pericolosi ritorni a politiche oscurantiste sul tema della famiglia e dei diritti civili\u201d.<\/p>\n<p>\u201cIl Paese ha bisogno di investimenti pubblici e privati se vogliamo che l\u2019economia riparta \u2013 ha infine concluso il segretario generale della Filctem Cgil sul delicato tema dell\u2019economia nazionale -. Produrre ricchezza e reddito rappresentano l\u2019unica via attraverso la quale si possono affermare strategie di redistribuzione solidale\u201d.<\/p>\n<p><a href=\"http:\/\/www.filctemcgil.it\/images\/stories\/flexicontent\/news\/comunicati_stampa\/190408_CS_elezioneFlacinelli.pdf\" target=\"_blank\" rel=\"noopener\">Comunicato stampa Fictem<\/a><\/p>\n<p><a href=\"http:\/\/www.filctemcgil.it\/images\/stories\/flexicontent\/news\/chi_siamo\/190405_falcinelli_-_biografia-1.pdf\" target=\"_blank\" rel=\"noopener\">Biografia di Marco Falcinelli<\/a><\/p>\n<p>Notizie correlate: P<a href=\"https:\/\/www.fedaiisf.it\/wp-content\/uploads\/2014\/02\/Persi-13400-posti-di-lavoro-in-7-anni.pdf\" target=\"_blank\" rel=\"noopener\">ersi 13400 posti di lavoro in sette anni. Il sindacato fra incudine e martello<\/a><\/p>\n<p><a href=\"https:\/\/www.fedaiisf.it\/wp-content\/uploads\/2019\/04\/Occupazione-Farmindustria-1997-2012.png\"><img loading=\"lazy\" decoding=\"async\" class=\"size-full wp-image-41939 aligncenter\" src=\"https:\/\/www.fedaiisf.it\/wp-content\/uploads\/2019\/04\/Occupazione-Farmindustria-1997-2012.png\" alt=\"\" width=\"648\" height=\"400\" srcset=\"https:\/\/www.fedaiisf.it\/wp-content\/uploads\/2019\/04\/Occupazione-Farmindustria-1997-2012.png 648w, https:\/\/www.fedaiisf.it\/wp-content\/uploads\/2019\/04\/Occupazione-Farmindustria-1997-2012-300x185.png 300w, https:\/\/www.fedaiisf.it\/wp-content\/uploads\/2019\/04\/Occupazione-Farmindustria-1997-2012-702x432.png 702w\" sizes=\"auto, (max-width: 648px) 100vw, 648px\" \/><\/a><\/p>\n<p><a href=\"https:\/\/www.fedaiisf.it\/wp-content\/uploads\/2019\/03\/Prod.-Industriale-farmaci-2006-2018.png\"><img loading=\"lazy\" decoding=\"async\" class=\"wp-image-41804 aligncenter\" src=\"https:\/\/www.fedaiisf.it\/wp-content\/uploads\/2019\/03\/Prod.-Industriale-farmaci-2006-2018.png\" alt=\"\" width=\"351\" height=\"300\" \/><\/a><\/p>\n<p style=\"text-align: center;\">ISTAT Settore Farmaceutico<\/p>\n<\/div>","protected":false},"excerpt":{"rendered":"<p>I 196 membri dell\u2019assemblea nazionale hanno votato, a scrutinio segreto, ed eletto Marco Falcinelli segretario generale con 179 voti favorevoli (91,5%), 14 contrari (7%) e 3 astenuti (1.5%) Filctem &#8211; 8 aprile 2019 \u00c8 Marco Falcinelli il nuovo segretario generale della Filctem Cgil. Romano, 53 anni, Falcinelli ha una lunga esperienza nella federazione della Cgil &hellip;<\/p>","protected":false},"author":4,"featured_media":41936,"comment_status":"closed","ping_status":"closed","sticky":false,"template":"","format":"standard","meta":{"footnotes":""},"categories":[1],"tags":[44],"class_list":["post-41932","post","type-post","status-publish","format-standard","has-post-thumbnail","hentry","category-notizie","tag-sindacati"],"amp_enabled":true,"_links":{"self":[{"href":"https:\/\/www.fedaiisf.it\/en\/wp-json\/wp\/v2\/posts\/41932","targetHints":{"allow":["GET"]}}],"collection":[{"href":"https:\/\/www.fedaiisf.it\/en\/wp-json\/wp\/v2\/posts"}],"about":[{"href":"https:\/\/www.fedaiisf.it\/en\/wp-json\/wp\/v2\/types\/post"}],"author":[{"embeddable":true,"href":"https:\/\/www.fedaiisf.it\/en\/wp-json\/wp\/v2\/users\/4"}],"replies":[{"embeddable":true,"href":"https:\/\/www.fedaiisf.it\/en\/wp-json\/wp\/v2\/comments?post=41932"}],"version-history":[{"count":0,"href":"https:\/\/www.fedaiisf.it\/en\/wp-json\/wp\/v2\/posts\/41932\/revisions"}],"wp:featuredmedia":[{"embeddable":true,"href":"https:\/\/www.fedaiisf.it\/en\/wp-json\/wp\/v2\/media\/41936"}],"wp:attachment":[{"href":"https:\/\/www.fedaiisf.it\/en\/wp-json\/wp\/v2\/media?parent=41932"}],"wp:term":[{"taxonomy":"category","embeddable":true,"href":"https:\/\/www.fedaiisf.it\/en\/wp-json\/wp\/v2\/categories?post=41932"},{"taxonomy":"post_tag","embeddable":true,"href":"https:\/\/www.fedaiisf.it\/en\/wp-json\/wp\/v2\/tags?post=41932"}],"curies":[{"name":"wp","href":"https:\/\/api.w.org\/{rel}","templated":true}]}}