{"id":41973,"date":"2019-04-10T11:50:53","date_gmt":"2019-04-10T09:50:53","guid":{"rendered":"https:\/\/www.fedaiisf.it\/?p=41973"},"modified":"2019-04-10T11:50:53","modified_gmt":"2019-04-10T09:50:53","slug":"istat-a-febbraio-2019-la-produzione-di-prodotti-farmaceutici-torna-in-positivo-53","status":"publish","type":"post","link":"https:\/\/www.fedaiisf.it\/en\/istat-a-febbraio-2019-la-produzione-di-prodotti-farmaceutici-torna-in-positivo-53\/","title":{"rendered":"ISTAT. In February 2019, the production of pharmaceutical products returned to positive (+5.3%)"},"content":{"rendered":"<p><span style=\"font-size: 18px;\">A febbraio 2019 si stima che l\u2019indice destagionalizzato della produzione industriale aumenti dello 0,8% rispetto a gennaio. Nella media del trimestre dicembre-febbraio, il livello destagionalizzato della produzione diminuisce dello 0,3% rispetto ai tre mesi <a href=\"https:\/\/www.fedaiisf.it\/wp-content\/uploads\/2019\/04\/ISTAT-Prod.-industriale-feb-2019.png\"><img loading=\"lazy\" decoding=\"async\" class=\"wp-image-41978 alignright\" src=\"https:\/\/www.fedaiisf.it\/wp-content\/uploads\/2019\/04\/ISTAT-Prod.-industriale-feb-2019.png\" alt=\"\" width=\"607\" height=\"333\" srcset=\"https:\/\/www.fedaiisf.it\/wp-content\/uploads\/2019\/04\/ISTAT-Prod.-industriale-feb-2019.png 840w, https:\/\/www.fedaiisf.it\/wp-content\/uploads\/2019\/04\/ISTAT-Prod.-industriale-feb-2019-300x165.png 300w, https:\/\/www.fedaiisf.it\/wp-content\/uploads\/2019\/04\/ISTAT-Prod.-industriale-feb-2019-768x421.png 768w, https:\/\/www.fedaiisf.it\/wp-content\/uploads\/2019\/04\/ISTAT-Prod.-industriale-feb-2019-546x300.png 546w\" sizes=\"auto, (max-width: 607px) 100vw, 607px\" \/><\/a>previous.<\/span><\/p>\n<p><span style=\"font-size: 18px;\">L\u2019indice destagionalizzato mensile mostra un marcato aumento congiunturale per i beni di consumo (+3,2%); incrementi pi\u00f9 contenuti si registrano per i beni strumentali (+1,1%) e per i beni intermedi (+0,2%) mentre diminuisce il comparto dell\u2019energia (-2,4%).<\/span><\/p>\n<p><span style=\"font-size: 18px;\">Corretto per gli effetti di calendario, a febbraio 2019 l\u2019indice \u00e8 aumentato in termini tendenziali dello 0,9% (i giorni lavorativi sono stati 20, come a febbraio 2018). L\u2019incremento \u00e8 pi\u00f9 ampio se si considerano le sole attivit\u00e0 manifatturiere (+1,3%).<\/span><\/p>\n<p><span style=\"font-size: 18px;\">Gli indici corretti per gli effetti di calendario registrano a febbraio 2019 un aumento tendenziale accentuato per i beni di consumo (+4,7%) e pi\u00f9 lieve per i beni strumentali (+1,5%); diminuisce in modo marcato l\u2019energia (-4,1%) mentre pi\u00f9 moderata \u00e8 la diminuzione dei beni intermedi (-1,1%).<\/span><\/p>\n<p><span style=\"font-size: 18px;\">I settori di attivit\u00e0 economica che registrano le variazioni tendenziali positive pi\u00f9 rilevanti sono le industrie tessili, abbigliamento, pelli e accessori (+11,7%), la<strong> produzione di prodotti farmaceutici di base e preparati farmaceutici (+5,3%)<\/strong> e la fabbricazione di computer, prodotti di elettronica e ottica, apparecchi elettromedicali, apparecchi di misurazione e orologi (+4,4%). Le flessioni pi\u00f9 ampie si registrano nella fabbricazione di coke e prodotti petroliferi raffinati (-13,9%), nell\u2019industria del legno, della carta e stampa (-5,4%) e nella fornitura di energia elettrica, gas, vapore ed aria (-2,8%).<\/span><\/p>\n<p><span class=\"label\"><a href=\"https:\/\/www.istat.it\/it\/files\/\/2019\/04\/Produzione-industriale_febbraio2019.pdf\" target=\"_blank\" rel=\"noopener\">Full text and methodological note<\/a><\/span><\/p>\n<p><a href=\"https:\/\/www.fedaiisf.it\/wp-content\/uploads\/2019\/04\/ISTAT-intestazione-prod.-industriale-feb-2019.png\"><img loading=\"lazy\" decoding=\"async\" class=\"size-full wp-image-41975 aligncenter\" src=\"https:\/\/www.fedaiisf.it\/wp-content\/uploads\/2019\/04\/ISTAT-intestazione-prod.-industriale-feb-2019.png\" alt=\"\" width=\"857\" height=\"158\" srcset=\"https:\/\/www.fedaiisf.it\/wp-content\/uploads\/2019\/04\/ISTAT-intestazione-prod.-industriale-feb-2019.png 857w, https:\/\/www.fedaiisf.it\/wp-content\/uploads\/2019\/04\/ISTAT-intestazione-prod.-industriale-feb-2019-300x55.png 300w, https:\/\/www.fedaiisf.it\/wp-content\/uploads\/2019\/04\/ISTAT-intestazione-prod.-industriale-feb-2019-768x142.png 768w\" sizes=\"auto, (max-width: 857px) 100vw, 857px\" \/><\/a><\/p>\n<p><a href=\"https:\/\/www.fedaiisf.it\/wp-content\/uploads\/2019\/04\/ISTAT.-Prod.-Farmaceutica-feb-2019.png\"><img loading=\"lazy\" decoding=\"async\" class=\"size-full wp-image-41976 aligncenter\" src=\"https:\/\/www.fedaiisf.it\/wp-content\/uploads\/2019\/04\/ISTAT.-Prod.-Farmaceutica-feb-2019.png\" alt=\"\" width=\"854\" height=\"43\" srcset=\"https:\/\/www.fedaiisf.it\/wp-content\/uploads\/2019\/04\/ISTAT.-Prod.-Farmaceutica-feb-2019.png 854w, https:\/\/www.fedaiisf.it\/wp-content\/uploads\/2019\/04\/ISTAT.-Prod.-Farmaceutica-feb-2019-300x15.png 300w, https:\/\/www.fedaiisf.it\/wp-content\/uploads\/2019\/04\/ISTAT.-Prod.-Farmaceutica-feb-2019-768x39.png 768w\" sizes=\"auto, (max-width: 854px) 100vw, 854px\" \/><\/a><\/p>","protected":false},"excerpt":{"rendered":"<p>A febbraio 2019 si stima che l\u2019indice destagionalizzato della produzione industriale aumenti dello 0,8% rispetto a gennaio. Nella media del trimestre dicembre-febbraio, il livello destagionalizzato della produzione diminuisce dello 0,3% rispetto ai tre mesi precedenti. L\u2019indice destagionalizzato mensile mostra un marcato aumento congiunturale per i beni di consumo (+3,2%); incrementi pi\u00f9 contenuti si registrano per &hellip;<\/p>","protected":false},"author":4,"featured_media":30226,"comment_status":"closed","ping_status":"closed","sticky":false,"template":"","format":"standard","meta":{"footnotes":""},"categories":[1],"tags":[42],"class_list":["post-41973","post","type-post","status-publish","format-standard","has-post-thumbnail","hentry","category-notizie","tag-istat"],"amp_enabled":true,"_links":{"self":[{"href":"https:\/\/www.fedaiisf.it\/en\/wp-json\/wp\/v2\/posts\/41973","targetHints":{"allow":["GET"]}}],"collection":[{"href":"https:\/\/www.fedaiisf.it\/en\/wp-json\/wp\/v2\/posts"}],"about":[{"href":"https:\/\/www.fedaiisf.it\/en\/wp-json\/wp\/v2\/types\/post"}],"author":[{"embeddable":true,"href":"https:\/\/www.fedaiisf.it\/en\/wp-json\/wp\/v2\/users\/4"}],"replies":[{"embeddable":true,"href":"https:\/\/www.fedaiisf.it\/en\/wp-json\/wp\/v2\/comments?post=41973"}],"version-history":[{"count":0,"href":"https:\/\/www.fedaiisf.it\/en\/wp-json\/wp\/v2\/posts\/41973\/revisions"}],"wp:featuredmedia":[{"embeddable":true,"href":"https:\/\/www.fedaiisf.it\/en\/wp-json\/wp\/v2\/media\/30226"}],"wp:attachment":[{"href":"https:\/\/www.fedaiisf.it\/en\/wp-json\/wp\/v2\/media?parent=41973"}],"wp:term":[{"taxonomy":"category","embeddable":true,"href":"https:\/\/www.fedaiisf.it\/en\/wp-json\/wp\/v2\/categories?post=41973"},{"taxonomy":"post_tag","embeddable":true,"href":"https:\/\/www.fedaiisf.it\/en\/wp-json\/wp\/v2\/tags?post=41973"}],"curies":[{"name":"wp","href":"https:\/\/api.w.org\/{rel}","templated":true}]}}