{"id":42027,"date":"2019-04-12T09:45:59","date_gmt":"2019-04-12T07:45:59","guid":{"rendered":"https:\/\/www.fedaiisf.it\/?p=42027"},"modified":"2019-04-12T13:18:43","modified_gmt":"2019-04-12T11:18:43","slug":"di-maio-pronti-a-togliere-le-competenze-in-sanita-alle-regioni-stiamo-per-commissariare-vincenzo-de-luca-in-campania","status":"publish","type":"post","link":"https:\/\/www.fedaiisf.it\/en\/di-maio-pronti-a-togliere-le-competenze-in-sanita-alle-regioni-stiamo-per-commissariare-vincenzo-de-luca-in-campania\/","title":{"rendered":"Di Maio: &quot;Ready to take away the health responsibilities of the regions&quot;, &quot;We are about to commission Vincenzo de Luca in Campania&quot;"},"content":{"rendered":"<h2>Stiamo lavorando per togliere le competenze in materia di sanit\u00e0 alle Regioni<\/h2>\n<p><a href=\"http:\/\/www.fimmg.org\/index.php?action=pages&amp;m=view&amp;p=18&amp;art=3255\" target=\"_blank\" rel=\"noopener\">FIMMG -News &#8211; 11\/04\/2019<\/a><\/p>\n<p><span style=\"font-size: 18px;\">Sull&#8217;autonomia \u201cio non ho capito se prevale la linea mediana di Salvini, o quella pi\u00f9 trachant di Zaia. Se l&#8217;autonomia deve creare <a href=\"https:\/\/www.fedaiisf.it\/wp-content\/uploads\/2019\/04\/Di-Maio-e-Vespa-Porta-a-Porta.jpg\"><img loading=\"lazy\" decoding=\"async\" class=\"wp-image-42029 alignright\" src=\"https:\/\/www.fedaiisf.it\/wp-content\/uploads\/2019\/04\/Di-Maio-e-Vespa-Porta-a-Porta.jpg\" alt=\"\" width=\"318\" height=\"239\" srcset=\"https:\/\/www.fedaiisf.it\/wp-content\/uploads\/2019\/04\/Di-Maio-e-Vespa-Porta-a-Porta.jpg 960w, https:\/\/www.fedaiisf.it\/wp-content\/uploads\/2019\/04\/Di-Maio-e-Vespa-Porta-a-Porta-300x225.jpg 300w, https:\/\/www.fedaiisf.it\/wp-content\/uploads\/2019\/04\/Di-Maio-e-Vespa-Porta-a-Porta-768x576.jpg 768w\" sizes=\"auto, (max-width: 318px) 100vw, 318px\" \/><\/a>dei malati di serie a o b non mi sta bene. Da ministro e vicepremier non posso rassegnarmi a che ci siano cosi tante differenze in Italia.<\/span><\/p>\n<p><span style=\"font-size: 18px;\">Stiamo lavorando a individuare tutte le responsabilit\u00e0 e <strong>togliere le competenze in materia di sanit\u00e0 alle regioni<\/strong>\u201d. Cos\u00ec il vicepremier e ministro del Lavoro e dello Sviluppo economico, Luigi Di Maio, nel corso della registrazione di Porta a Porta che andr\u00e0 in onda questa sera.<\/span><\/p>\n<p><span style=\"font-size: 18px;\">\u201cStiamo per commissariare Vincenzo de Luca in Campania per quanto riguarda la sanit\u00e0 e spero che Salvini non abbia nulla da ridire. Va bene l&#8217;autonomia, ma poi ci sono tutti i meccanismi di perequazione con le altre regioni che vanno ancora messi in piedi. &#8211; prosegue &#8211; Non voglio spaccare l&#8217;Italia, lavoriamo per l&#8217;autonomia. Il governo deve essere argine per quello che non c&#8217;\u00e8 nel contratto\u201d.<\/span><\/p>\n<p>Fonte Agi<\/p>\n<p>Related news: <a href=\"https:\/\/www.huffingtonpost.it\/2019\/04\/09\/la-lega-non-difenda-vincenzo-de-luca-giulia-grillo-allhuffpost-la-gestione-della-sanita-in-campania-e-indifendibile_a_23708760\/\" target=\"_blank\" rel=\"noopener\">&#8220;La Lega non difenda Vincenzo De Luca&#8221;. Giulia Grillo all&#8217;Huffpost: &#8220;La gestione della sanit\u00e0 in Campania \u00e8 indifendibile&#8221;<\/a><\/p>\n<p class=\"entry-title\"><a href=\"http:\/\/www.responsabilecivile.it\/disuguaglianze-di-salute-fnomceo-bene-dichiarazioni-grillo\/\" target=\"_blank\" rel=\"noopener\">Disuguaglianze di salute, FNOMCeO: bene dichiarazioni Grillo<\/a><\/p>\n<p class=\"entry-title\"><a href=\"https:\/\/portale.fnomceo.it\/regionalismo-differenziato-la-versione-di-grillo-piu-autonomia-su-organizzazione-e-personale-ma-piu-poteri-al-ministero-per-assicurare-unitarieta-ed-universalita-nel-ssn\/\" target=\"_blank\" rel=\"noopener\">Regionalismo differenziato. La versione di Grillo: \u201cPi\u00f9 autonomia su organizzazione e personale ma pi\u00f9 poteri al ministero per assicurare unitariet\u00e0 ed universalit\u00e0 nel SSN\u201d<\/a><\/p>\n<p>&nbsp;<\/p>\n<p>&nbsp;<\/p>","protected":false},"excerpt":{"rendered":"<p>Stiamo lavorando per togliere le competenze in materia di sanit\u00e0 alle Regioni FIMMG -News &#8211; 11\/04\/2019 Sull&#8217;autonomia \u201cio non ho capito se prevale la linea mediana di Salvini, o quella pi\u00f9 trachant di Zaia. Se l&#8217;autonomia deve creare dei malati di serie a o b non mi sta bene. Da ministro e vicepremier non posso &hellip;<\/p>","protected":false},"author":4,"featured_media":42030,"comment_status":"closed","ping_status":"closed","sticky":false,"template":"","format":"standard","meta":{"footnotes":""},"categories":[1],"tags":[79],"class_list":["post-42027","post","type-post","status-publish","format-standard","has-post-thumbnail","hentry","category-notizie","tag-ssn"],"amp_enabled":true,"_links":{"self":[{"href":"https:\/\/www.fedaiisf.it\/en\/wp-json\/wp\/v2\/posts\/42027","targetHints":{"allow":["GET"]}}],"collection":[{"href":"https:\/\/www.fedaiisf.it\/en\/wp-json\/wp\/v2\/posts"}],"about":[{"href":"https:\/\/www.fedaiisf.it\/en\/wp-json\/wp\/v2\/types\/post"}],"author":[{"embeddable":true,"href":"https:\/\/www.fedaiisf.it\/en\/wp-json\/wp\/v2\/users\/4"}],"replies":[{"embeddable":true,"href":"https:\/\/www.fedaiisf.it\/en\/wp-json\/wp\/v2\/comments?post=42027"}],"version-history":[{"count":0,"href":"https:\/\/www.fedaiisf.it\/en\/wp-json\/wp\/v2\/posts\/42027\/revisions"}],"wp:featuredmedia":[{"embeddable":true,"href":"https:\/\/www.fedaiisf.it\/en\/wp-json\/wp\/v2\/media\/42030"}],"wp:attachment":[{"href":"https:\/\/www.fedaiisf.it\/en\/wp-json\/wp\/v2\/media?parent=42027"}],"wp:term":[{"taxonomy":"category","embeddable":true,"href":"https:\/\/www.fedaiisf.it\/en\/wp-json\/wp\/v2\/categories?post=42027"},{"taxonomy":"post_tag","embeddable":true,"href":"https:\/\/www.fedaiisf.it\/en\/wp-json\/wp\/v2\/tags?post=42027"}],"curies":[{"name":"wp","href":"https:\/\/api.w.org\/{rel}","templated":true}]}}