{"id":42039,"date":"2019-04-15T12:11:59","date_gmt":"2019-04-15T10:11:59","guid":{"rendered":"https:\/\/www.fedaiisf.it\/?p=42039"},"modified":"2019-04-16T11:49:11","modified_gmt":"2019-04-16T09:49:11","slug":"dispositivi-medici-la-commissione-europea-lancia-un-portale-per-facilitare-la-transazione-verso-i-nuovi-regolamenti","status":"publish","type":"post","link":"https:\/\/www.fedaiisf.it\/en\/dispositivi-medici-la-commissione-europea-lancia-un-portale-per-facilitare-la-transazione-verso-i-nuovi-regolamenti\/","title":{"rendered":"Medical devices. The European Commission launches a portal to facilitate the transition towards the new regulations"},"content":{"rendered":"<h2><span class=\"tlid-translation translation\" lang=\"it\" style=\"font-size: 18px;\">La Commissione lancia un portale per facilitare la transizione verso i nuovi regolamenti sui dispositivi medici e sui dispositivi medico-diagnostici in vitro<\/span><\/h2>\n<p><a href=\"https:\/\/ec.europa.eu\/health\/eunewsletter\/233\/newsletter_en\" target=\"_blank\" rel=\"noopener\">Newsletter 233 &#8211; Medical Devices &#8211; European Commission<\/a><\/p>\n<p><span class=\"tlid-translation translation\" lang=\"it\"><a href=\"https:\/\/www.fedaiisf.it\/wp-content\/uploads\/2019\/04\/timo-pesonen-comm.-europeo.jpg\"><img loading=\"lazy\" decoding=\"async\" class=\"size-full wp-image-42046 alignright\" src=\"https:\/\/www.fedaiisf.it\/wp-content\/uploads\/2019\/04\/timo-pesonen-comm.-europeo.jpg\" alt=\"\" width=\"123\" height=\"143\" \/><\/a>Timo Pesonen, il nuovo direttore generale della direzione generale della Commissione europea per il mercato interno, l&#8217;industria, l&#8217;imprenditorialit\u00e0 e le PMI (DG Grow), parla della sezione rinnovata dei dispositivi medici sul sito web della Commissione europea che \u00e8 stata lanciata per facilitare la transizione verso due nuovi regolamenti su dispositivi medici e dispositivi medico-diagnostici in vitro. Il portale presenta i nuovi requisiti normativi in \u200b\u200bvarie sezioni rivolte agli attori interessati (produttori, importatori, istituzioni sanitarie, autorit\u00e0 di paesi non UE e altri). <\/span><\/p>\n<h3><span class=\"tlid-translation translation\" lang=\"it\">In primo luogo, qual \u00e8 l&#8217;importanza dei dispositivi medici da una prospettiva europea? <\/span><\/h3>\n<p><span class=\"tlid-translation translation\" lang=\"it\"><a href=\"https:\/\/www.fedaiisf.it\/wp-content\/uploads\/2019\/04\/Dispositivi-campo-applicazione-regolamenti.png\"><img loading=\"lazy\" decoding=\"async\" class=\"wp-image-42047 alignleft\" src=\"https:\/\/www.fedaiisf.it\/wp-content\/uploads\/2019\/04\/Dispositivi-campo-applicazione-regolamenti.png\" alt=\"\" width=\"521\" height=\"666\" srcset=\"https:\/\/www.fedaiisf.it\/wp-content\/uploads\/2019\/04\/Dispositivi-campo-applicazione-regolamenti.png 674w, https:\/\/www.fedaiisf.it\/wp-content\/uploads\/2019\/04\/Dispositivi-campo-applicazione-regolamenti-235x300.png 235w\" sizes=\"auto, (max-width: 521px) 100vw, 521px\" \/><\/a>A volte le persone pensano che i dispositivi medici siano solo cose come sostituti dell&#8217;anca e pacemaker, ma la gamma di dispositivi medici \u00e8 piuttosto ampia, includendo qualsiasi cosa, dalle lenti a contatto alle bende adesive, agli scanner a raggi X e ai dispositivi medico-diagnostici in vitro. Molti di questi dispositivi sono essenziali per la nostra salute e qualit\u00e0 della vita, nonch\u00e9 per l&#8217;economia europea, e ci aspettiamo che siano sicuri ed efficaci. <\/span><\/p>\n<h3><span class=\"tlid-translation translation\" lang=\"it\">Perch\u00e9 \u00e8 stato necessario introdurre nuovi regolamenti? <\/span><\/h3>\n<p><span class=\"tlid-translation translation\" lang=\"it\">Poich\u00e9 le norme dell&#8217;UE sulla sicurezza e le prestazioni dei dispositivi medici sono state stabilite alla fine degli anni &#8217;90, vi sono state discrepanze nella loro interpretazione in tutta Europa. Sono emersi problemi in alcune categorie di dispositivi medici, ad esempio protesi mammarie e protesi d&#8217;anca metallo su metallo. <\/span><\/p>\n<p><span class=\"tlid-translation translation\" lang=\"it\">Per considerare i progressi compiuti negli ultimi 20 anni, l&#8217;UE ha riveduto il quadro giuridico. Due nuovi regolamenti &#8211; uno sui dispositivi medici e l&#8217;altro sui dispositivi medico-diagnostici in vitro &#8211; sono stati adottati dal Consiglio e dal Parlamento ed \u00e8 entrato in vigore nel maggio 2017. Dopo un periodo transitorio, il regolamento sui dispositivi medici si applicher\u00e0 pienamente a partire dal 26 Maggio 2020 e il regolamento sui dispositivi medici diagnostici in vitro sar\u00e0 pienamente applicabile dal 26 maggio 2022. <\/span><\/p>\n<h3><span class=\"tlid-translation translation\" lang=\"it\">Quale sar\u00e0 il vantaggio di avere questi nuovi regolamenti? <\/span><\/h3>\n<p><span class=\"tlid-translation translation\" lang=\"it\">I nuovi regolamenti miglioreranno la qualit\u00e0 e la sicurezza dei dispositivi sul mercato dell&#8217;UE rafforzando i criteri per la designazione degli organismi e dei processi notificati per la loro supervisione, introducendo un controllo pre-mercato pi\u00f9 rigoroso dei dispositivi ad alto rischio e rafforzando la sorveglianza post-mercato. Hanno creato un sistema completamente nuovo di identificatori di dispositivi univoci, migliorando l&#8217;identificazione e la tracciabilit\u00e0 dei dispositivi medici. Crea un sistema per identificare in modo univoco i dispositivi medici lungo la catena di approvvigionamento. <\/span><\/p>\n<p><span class=\"tlid-translation translation\" lang=\"it\">I nuovi regolamenti aumenteranno la trasparenza. Sintesi di sicurezza e prestazioni cliniche per dispositivi medici ad alto rischio saranno disponibili al pubblico attraverso la banca dati europea sui dispositivi medici (EUDAMED). Il database includer\u00e0 informazioni su dispositivi, operatori economici, ricerca clinica e sorveglianza post-mercato, aiuter\u00e0 le autorit\u00e0 di regolamentazione a coordinarsi e scambiarsi informazioni e sar\u00e0 utilizzato per riferire e tracciare gli incidenti. <\/span><\/p>\n<h3><span class=\"tlid-translation translation\" lang=\"it\">Cosa possono aspettarsi gli utenti di trovare sul nuovo portale? <\/span><\/h3>\n<p><span class=\"tlid-translation translation\" lang=\"it\">THE<\/span><span class=\"tlid-translation translation\" lang=\"it\">l rinnovato sito Web spiega le principali differenze tra le attuali direttive e i nuovi regolamenti. Evidenzia la tempistica per la transizione e le scadenze per l&#8217;implementazione e offre anche risorse destinate ai giornalisti interessati all&#8217;industria dei dispositivi medici.<\/span><\/p>\n<p><a href=\"https:\/\/eudamed.eu\/\" target=\"_blank\" rel=\"noopener\">EUDAMED<\/a><\/p>\n<div><a href=\"https:\/\/eur-lex.europa.eu\/legal-content\/IT\/TXT\/PDF\/?uri=CELEX:32017R0745&amp;from=it\" target=\"_blank\" rel=\"noopener\"><strong>REGOLAMENTO (UE) 2017\/745 DEL PARLAMENTO EUROPEO E DEL CONSIGLIO del 5 aprile 2017\u00a0<\/strong><\/a><\/div>\n<p><a href=\"https:\/\/www.fedaiisf.it\/wp-content\/uploads\/2019\/04\/NEW-REGULATIONS-IT.pdf\">NEW REGULATIONS-IT<\/a><\/p>\n<p>Related news:\u00a0<a href=\"https:\/\/www.fedaiisf.it\/en\/il-ministro-grillo-presenta-il-documento-di-governance-dei-dispositivi-medici-va-regolamentata-lattivita-di-informazione\/\" target=\"_blank\" rel=\"noopener\"><strong>Il ministro Grillo presenta il documento di Governance dei dispositivi medici. Va regolamentata l\u2019attivit\u00e0 di informazione<\/strong><\/a><\/p>\n<p class=\"span11\"><a href=\"http:\/\/www.salute.gov.it\/portale\/news\/p3_2_1_1_1.jsp?lingua=italiano&amp;menu=notizie&amp;p=dalministero&amp;id=3712\" target=\"_blank\" rel=\"noopener\">Dispositivi medici, scade il 30 aprile il termine per il versamento del contributo sulle spese per attivit\u00e0 promozionali<\/a><\/p>\n<p><a href=\"https:\/\/www.fedaiisf.it\/wp-content\/uploads\/2019\/04\/dispositivi-regolamenti-1.png\"><img loading=\"lazy\" decoding=\"async\" class=\"size-full wp-image-42053 aligncenter\" src=\"https:\/\/www.fedaiisf.it\/wp-content\/uploads\/2019\/04\/dispositivi-regolamenti-1.png\" alt=\"\" width=\"779\" height=\"910\" srcset=\"https:\/\/www.fedaiisf.it\/wp-content\/uploads\/2019\/04\/dispositivi-regolamenti-1.png 779w, https:\/\/www.fedaiisf.it\/wp-content\/uploads\/2019\/04\/dispositivi-regolamenti-1-257x300.png 257w, https:\/\/www.fedaiisf.it\/wp-content\/uploads\/2019\/04\/dispositivi-regolamenti-1-768x897.png 768w\" sizes=\"auto, (max-width: 779px) 100vw, 779px\" \/><\/a><\/p>\n<p><a href=\"https:\/\/www.fedaiisf.it\/wp-content\/uploads\/2019\/04\/Dispositivi-regolamenti-2.png\"><img loading=\"lazy\" decoding=\"async\" class=\"size-full wp-image-42055 aligncenter\" src=\"https:\/\/www.fedaiisf.it\/wp-content\/uploads\/2019\/04\/Dispositivi-regolamenti-2.png\" alt=\"\" width=\"781\" height=\"793\" srcset=\"https:\/\/www.fedaiisf.it\/wp-content\/uploads\/2019\/04\/Dispositivi-regolamenti-2.png 781w, https:\/\/www.fedaiisf.it\/wp-content\/uploads\/2019\/04\/Dispositivi-regolamenti-2-295x300.png 295w, https:\/\/www.fedaiisf.it\/wp-content\/uploads\/2019\/04\/Dispositivi-regolamenti-2-768x780.png 768w, https:\/\/www.fedaiisf.it\/wp-content\/uploads\/2019\/04\/Dispositivi-regolamenti-2-36x36.png 36w\" sizes=\"auto, (max-width: 781px) 100vw, 781px\" \/><\/a><\/p>\n<p><a href=\"https:\/\/www.fedaiisf.it\/wp-content\/uploads\/2019\/04\/Dispositivi-responsabile-regolamenti.png\"><img loading=\"lazy\" decoding=\"async\" class=\"size-full wp-image-42061 aligncenter\" src=\"https:\/\/www.fedaiisf.it\/wp-content\/uploads\/2019\/04\/Dispositivi-responsabile-regolamenti.png\" alt=\"\" width=\"811\" height=\"478\" srcset=\"https:\/\/www.fedaiisf.it\/wp-content\/uploads\/2019\/04\/Dispositivi-responsabile-regolamenti.png 811w, https:\/\/www.fedaiisf.it\/wp-content\/uploads\/2019\/04\/Dispositivi-responsabile-regolamenti-300x177.png 300w, https:\/\/www.fedaiisf.it\/wp-content\/uploads\/2019\/04\/Dispositivi-responsabile-regolamenti-768x453.png 768w\" sizes=\"auto, (max-width: 811px) 100vw, 811px\" \/><\/a><\/p>","protected":false},"excerpt":{"rendered":"<p>La Commissione lancia un portale per facilitare la transizione verso i nuovi regolamenti sui dispositivi medici e sui dispositivi medico-diagnostici in vitro Newsletter 233 &#8211; Medical Devices &#8211; European Commission Timo Pesonen, il nuovo direttore generale della direzione generale della Commissione europea per il mercato interno, l&#8217;industria, l&#8217;imprenditorialit\u00e0 e le PMI (DG Grow), parla della &hellip;<\/p>","protected":false},"author":4,"featured_media":42043,"comment_status":"closed","ping_status":"closed","sticky":false,"template":"","format":"standard","meta":{"footnotes":""},"categories":[1],"tags":[],"class_list":["post-42039","post","type-post","status-publish","format-standard","has-post-thumbnail","hentry","category-notizie"],"amp_enabled":true,"_links":{"self":[{"href":"https:\/\/www.fedaiisf.it\/en\/wp-json\/wp\/v2\/posts\/42039","targetHints":{"allow":["GET"]}}],"collection":[{"href":"https:\/\/www.fedaiisf.it\/en\/wp-json\/wp\/v2\/posts"}],"about":[{"href":"https:\/\/www.fedaiisf.it\/en\/wp-json\/wp\/v2\/types\/post"}],"author":[{"embeddable":true,"href":"https:\/\/www.fedaiisf.it\/en\/wp-json\/wp\/v2\/users\/4"}],"replies":[{"embeddable":true,"href":"https:\/\/www.fedaiisf.it\/en\/wp-json\/wp\/v2\/comments?post=42039"}],"version-history":[{"count":0,"href":"https:\/\/www.fedaiisf.it\/en\/wp-json\/wp\/v2\/posts\/42039\/revisions"}],"wp:featuredmedia":[{"embeddable":true,"href":"https:\/\/www.fedaiisf.it\/en\/wp-json\/wp\/v2\/media\/42043"}],"wp:attachment":[{"href":"https:\/\/www.fedaiisf.it\/en\/wp-json\/wp\/v2\/media?parent=42039"}],"wp:term":[{"taxonomy":"category","embeddable":true,"href":"https:\/\/www.fedaiisf.it\/en\/wp-json\/wp\/v2\/categories?post=42039"},{"taxonomy":"post_tag","embeddable":true,"href":"https:\/\/www.fedaiisf.it\/en\/wp-json\/wp\/v2\/tags?post=42039"}],"curies":[{"name":"wp","href":"https:\/\/api.w.org\/{rel}","templated":true}]}}