{"id":42626,"date":"2019-05-05T12:33:14","date_gmt":"2019-05-05T10:33:14","guid":{"rendered":"https:\/\/www.fedaiisf.it\/?p=42626"},"modified":"2019-05-06T13:06:35","modified_gmt":"2019-05-06T11:06:35","slug":"giornata-mondiale-del-lavaggio-delle-mani-al-via-indagine-oms-nelle-strtture-sanitarie","status":"publish","type":"post","link":"https:\/\/www.fedaiisf.it\/en\/giornata-mondiale-del-lavaggio-delle-mani-al-via-indagine-oms-nelle-strtture-sanitarie\/","title":{"rendered":"Giornata mondiale del lavaggio delle mani, al via indagine OMS nelle strtture sanitarie"},"content":{"rendered":"<p>L&#8217;Organizzazione Mondiale della Sanit\u00e0 (OMS) ogni anno promuove, per il 5 maggio, la Giornata Mondiale per il\u00a0lavaggio delle mani\u00a0per ricordare l\u2019importanza di questo gesto semplice, ma essenziale per la prevenzione delle infezioni trasmissibili, soprattutto negli ambienti ospedalieri e di cura.<\/p>\n<h4>Indagine sullo stato di attuazione dei programmi di prevenzione e controllo delle infezioni correlate all\u2019assistenza<\/h4>\n<p>In questo contesto l&#8217;OMS ha lanciato l&#8217;indagine <em><a href=\"https:\/\/www.who.int\/infection-prevention\/campaigns\/ipc-global-survey-2019\/en\/\" target=\"_blank\" rel=\"noopener\">2019 WHO Global Survey on Infection Prevention and Control (IPC) and Hand<\/a> <a href=\"https:\/\/www.who.int\/infection-prevention\/campaigns\/ipc-global-survey-2019\/en\/\" target=\"_blank\" rel=\"noopener\">Hygiene<\/a><\/em>\u00a0per descrivere lo stato di attuazione dei programmi di prevenzione e controllo delle <a title=\"apre pagina interna\" href=\"http:\/\/www.salute.gov.it\/portale\/temi\/p2_5.jsp?lingua=italiano&amp;area=Malattie%20infettive&amp;menu=ica\" target=\"_blank\" rel=\"noopener\">infezioni correlate all\u2019assistenza<\/a> (ICA) e delle attivit\u00e0 per promuovere l\u2019igiene delle mani nelle strutture sanitarie.<br \/>\n<a href=\"https:\/\/www.fedaiisf.it\/wp-content\/uploads\/2019\/05\/lavaggio-mani-Giornata-Mondiale-Igiene-mani-foto-jpg.jpg\"><img loading=\"lazy\" decoding=\"async\" class=\"wp-image-42634 alignright\" src=\"https:\/\/www.fedaiisf.it\/wp-content\/uploads\/2019\/05\/lavaggio-mani-Giornata-Mondiale-Igiene-mani-foto-jpg.jpg\" alt=\"\" width=\"355\" height=\"261\" srcset=\"https:\/\/www.fedaiisf.it\/wp-content\/uploads\/2019\/05\/lavaggio-mani-Giornata-Mondiale-Igiene-mani-foto-jpg.jpg 497w, https:\/\/www.fedaiisf.it\/wp-content\/uploads\/2019\/05\/lavaggio-mani-Giornata-Mondiale-Igiene-mani-foto-jpg-300x220.jpg 300w\" sizes=\"auto, (max-width: 355px) 100vw, 355px\" \/><\/a>Sono invitate a partecipare tutte le strutture sanitarie a livello mondiale. L\u2019indagine, attiva <strong>fino al 16 luglio 2019<\/strong>, si basa sulla compilazione di due questionari on-line:<\/p>\n<ul>\n<li><a title=\"apre nuova finestra\" href=\"https:\/\/www.who.int\/infection-prevention\/tools\/core-components\/IPCAF-facility.PDF?ua=1\" target=\"_blank\" rel=\"noopener\">WHO Infection Prevention and Control Assessment Framework<\/a>\u00a0(IPCAF)<\/li>\n<li><a title=\"apre nuova finestra\" href=\"https:\/\/www.who.int\/gpsc\/country_work\/hhsa_framework_October_2010.pdf?ua=1\" target=\"_blank\" rel=\"noopener\">WHO Hand Hygiene Self-Assessment Framework<\/a>\u00a0(HHSAF).<\/li>\n<\/ul>\n<p>Nell\u2019ambito del\u00a0<a title=\"opens pdf files\" href=\"http:\/\/www.salute.gov.it\/imgs\/C_17_pubblicazioni_2660_allegato.pdf\" target=\"_blank\" rel=\"noopener\">Piano nazionale di contrasto dell\u2019antimicrobico-resistenza (PNCAR) 2017-2020<\/a>, l&#8217;indagine rappresenta un\u2019opportunit\u00e0 per delineare lo stato attuale del Paese in relazione alle attivit\u00e0 correlate al controllo delle ICA, nonch\u00e9 per descrivere eventuali e auspicabili futuri progressi, anche a livello di singola struttura, attraverso la sua ripetizione, servendosene quindi come strumento di monitoraggio a livello locale.<\/p>\n<h4>Convegno 9 maggio<\/h4>\n<p>In occasione della ricorrenza, il ministero, in collaborazione con l&#8217;Istituto superiore di sanit\u00e0 (ISS) e l&#8217;Agenzia italiana del farmaco (AIFA), ha organizzato a Roma il convegno <a title=\"apre pagina interna\" href=\"http:\/\/www.salute.gov.it\/portale\/news\/p3_2_2_1_1.jsp?lingua=italiano&amp;menu=eventi&amp;p=daeventi&amp;id=550\" target=\"_blank\" rel=\"noopener\">L\u2019igiene delle mani: strumento per la prevenzione delle infezioni correlate all\u2019assistenza e dell\u2019antimicrobico-resistenza<\/a> destinato al personale di enti e istituzioni sanitarie e di ricerca coinvolto nelle attivit\u00e0 assistenziali e interessato al tema delle infezioni correlate all\u2019assistenza e all\u2019antibiotico-resistenza.<\/p>\n<h4><strong>Alcuni dati sull&#8217;antibiotico-resistenza<\/strong><\/h4>\n<p>Secondo i dati dell&#8217;ultimo rapporto di sorveglianza congiunto ECDC-EFSA, in Italia, dal 2009 al 2017, tra gli isolati di <em>Salmonella<\/em> <em>spp.<\/em> provenienti da bovini \u00e8 stata osservata una resistenza significativa crescente alla ciprofloxacina, all&#8217;acido nalidixico e all\u2019ampicillina.<\/p>\n<p><strong>To know more:<\/strong><\/p>\n<ul>\n<li><a title=\"opens pdf files\" href=\"http:\/\/www.salute.gov.it\/imgs\/C_17_notizie_3730_listaFile_itemName_0_file.pdf\" target=\"_blank\" rel=\"noopener\">Rapporto sintetico dell&#8217;Unione Europea sulla resistenza antimicrobica nei batteri zoonotici e indicatori riguardanti esseri umani, animali e alimenti nel 2017<\/a><\/li>\n<li><a href=\"http:\/\/www.salute.gov.it\/portale\/temi\/p2_6.jsp?lingua=italiano&amp;id=4891&amp;area=Malattie%20infettive&amp;menu=antimicrobici\" target=\"_blank\" rel=\"noopener\">Piano nazionale di contrasto AMR<\/a><\/li>\n<li><a href=\"http:\/\/www.salute.gov.it\/portale\/temi\/p2_4.jsp?lingua=italiano&amp;tema=Prevenzione&amp;area=Malattie%20infettive\" target=\"_blank\" rel=\"noopener\"><strong> Malattie infettive e vaccinazioni<\/strong><\/a><\/li>\n<\/ul>\n<p><a href=\"http:\/\/www.salute.gov.it\/portale\/news\/p3_2_1_1_1.jsp?lingua=italiano&amp;menu=notizie&amp;p=dalministero&amp;id=3730\" target=\"_blank\" rel=\"noopener\">Ministry of Health<\/a><\/p>\n<p>Related news: <a href=\"https:\/\/www.ilpost.it\/2019\/05\/05\/camici-medici-igiene\/\" target=\"_blank\" rel=\"noopener\">Forse \u00e8 meglio un medico senza camice<\/a><\/p>","protected":false},"excerpt":{"rendered":"<p>L&#8217;Organizzazione Mondiale della Sanit\u00e0 (OMS) ogni anno promuove, per il 5 maggio, la Giornata Mondiale per il\u00a0lavaggio delle mani\u00a0per ricordare l\u2019importanza di questo gesto semplice, ma essenziale per la prevenzione delle infezioni trasmissibili, soprattutto negli ambienti ospedalieri e di cura. Indagine sullo stato di attuazione dei programmi di prevenzione e controllo delle infezioni correlate all\u2019assistenza &hellip;<\/p>","protected":false},"author":4,"featured_media":42632,"comment_status":"closed","ping_status":"closed","sticky":false,"template":"","format":"standard","meta":{"footnotes":""},"categories":[1],"tags":[79],"class_list":["post-42626","post","type-post","status-publish","format-standard","has-post-thumbnail","hentry","category-notizie","tag-ssn"],"amp_enabled":true,"_links":{"self":[{"href":"https:\/\/www.fedaiisf.it\/en\/wp-json\/wp\/v2\/posts\/42626","targetHints":{"allow":["GET"]}}],"collection":[{"href":"https:\/\/www.fedaiisf.it\/en\/wp-json\/wp\/v2\/posts"}],"about":[{"href":"https:\/\/www.fedaiisf.it\/en\/wp-json\/wp\/v2\/types\/post"}],"author":[{"embeddable":true,"href":"https:\/\/www.fedaiisf.it\/en\/wp-json\/wp\/v2\/users\/4"}],"replies":[{"embeddable":true,"href":"https:\/\/www.fedaiisf.it\/en\/wp-json\/wp\/v2\/comments?post=42626"}],"version-history":[{"count":0,"href":"https:\/\/www.fedaiisf.it\/en\/wp-json\/wp\/v2\/posts\/42626\/revisions"}],"wp:featuredmedia":[{"embeddable":true,"href":"https:\/\/www.fedaiisf.it\/en\/wp-json\/wp\/v2\/media\/42632"}],"wp:attachment":[{"href":"https:\/\/www.fedaiisf.it\/en\/wp-json\/wp\/v2\/media?parent=42626"}],"wp:term":[{"taxonomy":"category","embeddable":true,"href":"https:\/\/www.fedaiisf.it\/en\/wp-json\/wp\/v2\/categories?post=42626"},{"taxonomy":"post_tag","embeddable":true,"href":"https:\/\/www.fedaiisf.it\/en\/wp-json\/wp\/v2\/tags?post=42626"}],"curies":[{"name":"wp","href":"https:\/\/api.w.org\/{rel}","templated":true}]}}