{"id":42810,"date":"2019-05-10T19:06:13","date_gmt":"2019-05-10T17:06:13","guid":{"rendered":"https:\/\/www.fedaiisf.it\/?p=42810"},"modified":"2019-05-11T17:11:42","modified_gmt":"2019-05-11T15:11:42","slug":"medici-pubblicita-via-sms-studi-legali-contro-medici-allarmante","status":"publish","type":"post","link":"https:\/\/www.fedaiisf.it\/en\/medici-pubblicita-via-sms-studi-legali-contro-medici-allarmante\/","title":{"rendered":"SMS advertising of law firms against doctors. FNOMCeO intervention, Wind suspends sending of SMS"},"content":{"rendered":"<p>Wind ha preso atto dei rilievi di carattere etico mossi dalla Federazione nazionale degli Ordini dei Medici (Fnomceo) sugli spot che invitavano gli utenti a valutare a costo zero, presso una societ\u00e0 di assistenza legale, la possibilit\u00e0 di un risarcimento per presunta <em>medical malpractice\u00a0<\/em>e ha sospeso l\u2019inoltro degli sms. A comunicarlo al presidente della Fnomceo Filippo\u00a0<strong>Rings<\/strong>, il Direttore Public Affairs, Internal &amp; External Communication di <a href=\"https:\/\/www.fedaiisf.it\/wp-content\/uploads\/2019\/05\/Caccia-al-medico.png\"><img loading=\"lazy\" decoding=\"async\" class=\"size-full wp-image-42820 alignright\" src=\"https:\/\/www.fedaiisf.it\/wp-content\/uploads\/2019\/05\/Caccia-al-medico.png\" alt=\"\" width=\"263\" height=\"264\" srcset=\"https:\/\/www.fedaiisf.it\/wp-content\/uploads\/2019\/05\/Caccia-al-medico.png 263w, https:\/\/www.fedaiisf.it\/wp-content\/uploads\/2019\/05\/Caccia-al-medico-150x150.png 150w, https:\/\/www.fedaiisf.it\/wp-content\/uploads\/2019\/05\/Caccia-al-medico-36x36.png 36w\" sizes=\"auto, (max-width: 263px) 100vw, 263px\" \/><\/a>Wind Tre S.p.A., Massimo\u00a0<strong>Angelini<\/strong>, che ha voluto chiamarlo personalmente.<\/p>\n<p>\u201c<em>Ringraziamo Wind-Tre per la sensibilit\u00e0 dimostrata su una questione della quale il Direttore Angelini ha condiviso la crucialit\u00e0 per i diritti di tutti i cittadini e per la sostenibilit\u00e0 del Servizio Sanitario nazionale<\/em>\u00a0\u2013 dichiara\u00a0<strong>Rings<\/strong>\u00a0-.\u00a0<em>Angelini ha convenuto sul ritenere questo spot non utile al bene comune e ha fatto s\u00ec che un messaggio che pu\u00f2 essere fuorviante non raggiunga pi\u00f9 gli utenti della compagnia\u201d.<\/em><\/p>\n<p>\u201c<em>Molto lavoro resta ancora da fare<\/em>\u00a0\u2013 he concludes\u00a0<strong>Rings<\/strong>\u00a0-.\u00a0<em>Occorre un cambio di passo, una svolta culturale per cui il nostro Servizio Sanitario nazionale sia visto come un patrimonio da salvaguardare e non da intaccare senza motivo, e i professionisti che vi operano quali attori e autori del sistema e non terminali delle insoddisfazioni dovute a carenze organizzative e strutturali. Noi medici abbiamo fatto il primo passo: il 16 maggio alle 14,30 a Roma si aprir\u00e0 il grande percorso degli Stati Generali della professione, per un nuovo paradigma del medico e della medicina. Ora sta alla Politica fare altrettanto\u201d.\u00a0<\/em><\/p>\n<p><a href=\"https:\/\/portale.fnomceo.it\/wind-sospende-spot-che-invita-al-contenzioso-sanitario\/\" target=\"_blank\" rel=\"noopener\">Comunicato stampa FNOMCeO<\/a><\/p>\n<hr \/>\n<p>Related news: <a href=\"http:\/\/www.fimmg.org\/index.php?action=pages&amp;m=view&amp;p=18&amp;art=3317\" target=\"_blank\" rel=\"noopener\">Wind sospende spot che invita al contenzioso sanitario<\/a><\/p>\n<p class=\"entry-title\"><a href=\"https:\/\/portale.fnomceo.it\/anelli-fnomceo-spot-che-invitano-al-contenzioso-sanitario-danno-per-ssn-sottraggono-risorse-alle-cure-la-politica-intervenga-subito\/\" target=\"_blank\" rel=\"noopener\"><strong>Anelli, Fnomceo: \u2018Spot che invitano al contenzioso sanitario danno per SSN, sottraggono risorse alle cure: la Politica intervenga subito<\/strong><\/a>\u201d<\/p>\n<p><a href=\"https:\/\/www.fedaiisf.it\/wp-content\/uploads\/2019\/05\/Risarcimento-danni-medici.png\"><img loading=\"lazy\" decoding=\"async\" class=\"size-full wp-image-42824 aligncenter\" src=\"https:\/\/www.fedaiisf.it\/wp-content\/uploads\/2019\/05\/Risarcimento-danni-medici.png\" alt=\"\" width=\"460\" height=\"555\" srcset=\"https:\/\/www.fedaiisf.it\/wp-content\/uploads\/2019\/05\/Risarcimento-danni-medici.png 460w, https:\/\/www.fedaiisf.it\/wp-content\/uploads\/2019\/05\/Risarcimento-danni-medici-249x300.png 249w\" sizes=\"auto, (max-width: 460px) 100vw, 460px\" \/><\/a><\/p>","protected":false},"excerpt":{"rendered":"<p>Wind ha preso atto dei rilievi di carattere etico mossi dalla Federazione nazionale degli Ordini dei Medici (Fnomceo) sugli spot che invitavano gli utenti a valutare a costo zero, presso una societ\u00e0 di assistenza legale, la possibilit\u00e0 di un risarcimento per presunta malasanit\u00e0\u00a0e ha sospeso l\u2019inoltro degli sms. A comunicarlo al presidente della Fnomceo Filippo\u00a0Anelli, &hellip;<\/p>","protected":false},"author":4,"featured_media":40343,"comment_status":"closed","ping_status":"closed","sticky":false,"template":"","format":"standard","meta":{"footnotes":""},"categories":[1],"tags":[],"class_list":["post-42810","post","type-post","status-publish","format-standard","has-post-thumbnail","hentry","category-notizie"],"amp_enabled":true,"_links":{"self":[{"href":"https:\/\/www.fedaiisf.it\/en\/wp-json\/wp\/v2\/posts\/42810","targetHints":{"allow":["GET"]}}],"collection":[{"href":"https:\/\/www.fedaiisf.it\/en\/wp-json\/wp\/v2\/posts"}],"about":[{"href":"https:\/\/www.fedaiisf.it\/en\/wp-json\/wp\/v2\/types\/post"}],"author":[{"embeddable":true,"href":"https:\/\/www.fedaiisf.it\/en\/wp-json\/wp\/v2\/users\/4"}],"replies":[{"embeddable":true,"href":"https:\/\/www.fedaiisf.it\/en\/wp-json\/wp\/v2\/comments?post=42810"}],"version-history":[{"count":0,"href":"https:\/\/www.fedaiisf.it\/en\/wp-json\/wp\/v2\/posts\/42810\/revisions"}],"wp:featuredmedia":[{"embeddable":true,"href":"https:\/\/www.fedaiisf.it\/en\/wp-json\/wp\/v2\/media\/40343"}],"wp:attachment":[{"href":"https:\/\/www.fedaiisf.it\/en\/wp-json\/wp\/v2\/media?parent=42810"}],"wp:term":[{"taxonomy":"category","embeddable":true,"href":"https:\/\/www.fedaiisf.it\/en\/wp-json\/wp\/v2\/categories?post=42810"},{"taxonomy":"post_tag","embeddable":true,"href":"https:\/\/www.fedaiisf.it\/en\/wp-json\/wp\/v2\/tags?post=42810"}],"curies":[{"name":"wp","href":"https:\/\/api.w.org\/{rel}","templated":true}]}}