{"id":43014,"date":"2019-05-15T17:14:21","date_gmt":"2019-05-15T15:14:21","guid":{"rendered":"https:\/\/www.fedaiisf.it\/?p=43014"},"modified":"2019-05-16T11:07:40","modified_gmt":"2019-05-16T09:07:40","slug":"sanita-grillo-corruzione-altissima-rescindere-legame-con-politica-n-d-r-sorpresa-gli-isf-non-centrano","status":"publish","type":"post","link":"https:\/\/www.fedaiisf.it\/en\/sanita-grillo-corruzione-altissima-rescindere-legame-con-politica-n-d-r-sorpresa-gli-isf-non-centrano\/","title":{"rendered":"Sanit\u00e0: Grillo, &#8216;Corruzione altissima, rescindere legame con politica&#8217;. N.d.R.: sorpresa, gli ISF non c&#8217;entrano!"},"content":{"rendered":"<p>&#8220;Il tema del controllo della politica sulla sanit\u00e0 \u00e8 urgentissimo e, nonostante i tanti scandali di questo ultimo periodo, \u00e8 sempre rimandato e molto ignorato dalla politica stessa. Abbiamo avuto ben due presidenti di <a href=\"https:\/\/www.fedaiisf.it\/wp-content\/uploads\/2014\/10\/corruzione.jpg\"><img loading=\"lazy\" decoding=\"async\" class=\"wp-image-4712 alignright\" src=\"https:\/\/www.fedaiisf.it\/wp-content\/uploads\/2014\/10\/corruzione.jpg\" alt=\"\" width=\"320\" height=\"188\" srcset=\"https:\/\/www.fedaiisf.it\/wp-content\/uploads\/2014\/10\/corruzione.jpg 475w, https:\/\/www.fedaiisf.it\/wp-content\/uploads\/2014\/10\/corruzione-300x176.jpg 300w\" sizes=\"auto, (max-width: 320px) 100vw, 320px\" \/><\/a>Regione, in Basilicata e in Umbria, finiti in inchieste legate alla sanit\u00e0. \u00c8 un settore ad altissima corruzione e serve rescindere il legame con la politica. Come serve tutelare i cittadini, e oggi non siamo nelle condizioni di farlo, ma un emendamento al decreto Calabria interverr\u00e0 da subito sulle nomine dei direttori, perch\u00e9 oggi gli strumenti sono insufficienti&#8221;.<\/p>\n<p>Cos\u00ec il ministro della Salute Giulia Grillo nel suo intervento in Senato alla presentazione, insieme al vicepremier Luigi Di Maio, del disegno di legge del M5S sulle nomine per merito dei direttori di Asl e ospedali del Ssn.<\/p>\n<p>Gi\u00e0 oggi pomeriggio il M5S presenter\u00e0 un emendamento nel decreto Calabria, in Commissione Affari Sociali alla Camera, in cui sar\u00e0 stabilito che in &#8220;attesa di un disegno di legge da approvare nei prossimi mesi&#8221;, si modificano da subito i meccanismi con cui si nominano i dirigenti del Ssn.<\/p>\n<p>&#8220;Per il M5S &#8211; ha ribadito il ministro &#8211; rescindere il legame tra politica e sanit\u00e0 \u00e8 prioritario&#8221;.<\/p>\n<p><a href=\"http:\/\/www.regioni.it\/sanita\/2019\/05\/14\/sanita-grillo-rescindere-legame-con-politica-e-priorita-597103\/\" target=\"_blank\" rel=\"noopener\">Regioni.it &#8211; 14 maggio 2019<\/a><\/p>\n<hr \/>\n<h2><em>BASTA NOMINE POLITICHE IN SANIT\u00c0<\/em><\/h2>\n<p><em>Oggi \u00e8 una giornata molto importante perch\u00e9 abbiamo presentato un disegno di legge che regoler\u00e0 le <a href=\"https:\/\/www.fedaiisf.it\/wp-content\/uploads\/2018\/11\/Giulia_Grillo.jpg\"><img loading=\"lazy\" decoding=\"async\" class=\"wp-image-39305 alignleft\" src=\"https:\/\/www.fedaiisf.it\/wp-content\/uploads\/2018\/11\/Giulia_Grillo.jpg\" alt=\"\" width=\"192\" height=\"230\" srcset=\"https:\/\/www.fedaiisf.it\/wp-content\/uploads\/2018\/11\/Giulia_Grillo.jpg 500w, https:\/\/www.fedaiisf.it\/wp-content\/uploads\/2018\/11\/Giulia_Grillo-250x300.jpg 250w\" sizes=\"auto, (max-width: 192px) 100vw, 192px\" \/><\/a>nomine in sanit\u00e0 secondo la bussola della trasparenza e del merito. Le commissioni potranno scegliere solo i candidati con i migliori requisiti. Tutto sar\u00e0 finalmente pi\u00f9 chiaro e meritocratico<\/em><\/p>\n<p><em>Cos\u00ec si cambia davvero la sanit\u00e0.<\/em><\/p>\n<div class=\"text_exposed_show\">\n<p><em>Spezzare il legame tra la politica e i dirigenti sanitari \u00e8 il primo essenziale passo per rimuovere le cause della corruzione che infesta da sempre il sistema salute. Dobbiamo privilegiare i curricula dei manager, non le clientele.<\/em><\/p>\n<p><em>Con la salute dei cittadini non si scherza. Gli italiani meritano medici bravi, non i soliti raccomandati.<\/em><\/p>\n<p><em>Giulia Grillo<\/em><\/p>\n<p>(fonte Facebook)<\/p>\n<hr \/>\n<h2 class=\"articolo_titolo\">Fp Cgil a ministro Grillo: ok su corruzione, ora confronto su Ssn<\/h2>\n<p><a href=\"https:\/\/www.rassegna.it\/articoli\/fp-cgil-a-ministro-grillo-ok-su-corruzione-ora-confronto-su-ssn\" target=\"_blank\" rel=\"noopener\">14 maggio 2019 &#8211; rassegna.it<\/a><\/p>\n<div class=\"articolo_contenuto\">\n<div class=\"articolo_testo\" data-advertorial=\"NO\">\n<div class=\"articolo_testo-content\">\n<p>&#8220;Un principio assolutamente condivisibile, aspettiamo ora di vedere i provvedimenti e di avviare presto un <a href=\"https:\/\/www.fedaiisf.it\/wp-content\/uploads\/2019\/05\/Fp-Cgil.jpg\"><img loading=\"lazy\" decoding=\"async\" class=\"wp-image-43026 alignright\" src=\"https:\/\/www.fedaiisf.it\/wp-content\/uploads\/2019\/05\/Fp-Cgil.jpg\" alt=\"\" width=\"295\" height=\"221\" srcset=\"https:\/\/www.fedaiisf.it\/wp-content\/uploads\/2019\/05\/Fp-Cgil.jpg 600w, https:\/\/www.fedaiisf.it\/wp-content\/uploads\/2019\/05\/Fp-Cgil-300x225.jpg 300w\" sizes=\"auto, (max-width: 295px) 100vw, 295px\" \/><\/a>confronto per rilanciare, con urgenza, il Servizio sanitario nazionale&#8221;. Cos\u00ec il segretario nazionale Fp Cgil, Michele Vannini, commenta la proposta del M5S sulle nomine per merito dei direttori di Asl e ospedali del Ssn, presentata dal ministro della Salute, Giulia Grillo, e dal vicepremier, Luigi Di Maio.<\/p>\n<p>&#8220;Abbiamo letto con interesse le dichiarazioni del ministro, in merito all&#8217;intenzione del governo d&#8217;intervenire per limitare le ingerenze della politica in tema di nomine in sanit\u00e0. Indipendentemente dalle inchieste in corso, e prestando la dovuta attenzione a non alimentare inutili generalizzazioni in merito al livello di corruzione presente nel sistema, si tratta di un principio del tutto condivisibile.<\/p>\n<p>Ora attendiamo di leggere il dettaglio dei provvedimenti, auspicando che la responsabile della Salute apra un confronto con il sindacato di categoria su questo, come su altri temi, che riguardano l&#8217;organizzazione e le misure, oramai indifferibili per sua stessa ammissione, utili alla messa in sicurezza e al rilancio del nostro Servizio sanitario nazionale&#8221;, conclude il dirigente sindacale.<\/p>\n<hr \/>\n<p><strong><a href=\"https:\/\/www.fedaiisf.it\/wp-content\/uploads\/2017\/06\/ISF-grande-corruttore.jpg\"><img loading=\"lazy\" decoding=\"async\" class=\"wp-image-31793 alignleft\" src=\"https:\/\/www.fedaiisf.it\/wp-content\/uploads\/2017\/06\/ISF-grande-corruttore.jpg\" alt=\"\" width=\"165\" height=\"159\" srcset=\"https:\/\/www.fedaiisf.it\/wp-content\/uploads\/2017\/06\/ISF-grande-corruttore.jpg 320w, https:\/\/www.fedaiisf.it\/wp-content\/uploads\/2017\/06\/ISF-grande-corruttore-300x290.jpg 300w, https:\/\/www.fedaiisf.it\/wp-content\/uploads\/2017\/06\/ISF-grande-corruttore-36x36.jpg 36w\" sizes=\"auto, (max-width: 165px) 100vw, 165px\" \/><\/a>Ed<\/strong>: <em>Bene, qualcuno si \u00e8 accorto che i corruttori nel SSN non sono gli Informatori Scientifici del Farmaco ma probabilmente sono proprio quelli che assessori &#8220;competenti&#8221; hanno indicato come coloro che devono controllare la corruzione in generale e gli ISF in particolare. Sarebbe opportuno che ANAC facesse un bel Codice per il &#8220;personale politico&#8221; del SSN (ma qual&#8217;\u00e8 quello non politico?)<\/em><\/p>\n<\/div>\n<\/div>\n<\/div>\n<\/div>","protected":false},"excerpt":{"rendered":"<p>&#8220;Il tema del controllo della politica sulla sanit\u00e0 \u00e8 urgentissimo e, nonostante i tanti scandali di questo ultimo periodo, \u00e8 sempre rimandato e molto ignorato dalla politica stessa. Abbiamo avuto ben due presidenti di Regione, in Basilicata e in Umbria, finiti in inchieste legate alla sanit\u00e0. \u00c8 un settore ad altissima corruzione e serve rescindere &hellip;<\/p>","protected":false},"author":4,"featured_media":43024,"comment_status":"closed","ping_status":"closed","sticky":false,"template":"","format":"standard","meta":{"footnotes":""},"categories":[1],"tags":[],"class_list":["post-43014","post","type-post","status-publish","format-standard","has-post-thumbnail","hentry","category-notizie"],"amp_enabled":true,"_links":{"self":[{"href":"https:\/\/www.fedaiisf.it\/en\/wp-json\/wp\/v2\/posts\/43014","targetHints":{"allow":["GET"]}}],"collection":[{"href":"https:\/\/www.fedaiisf.it\/en\/wp-json\/wp\/v2\/posts"}],"about":[{"href":"https:\/\/www.fedaiisf.it\/en\/wp-json\/wp\/v2\/types\/post"}],"author":[{"embeddable":true,"href":"https:\/\/www.fedaiisf.it\/en\/wp-json\/wp\/v2\/users\/4"}],"replies":[{"embeddable":true,"href":"https:\/\/www.fedaiisf.it\/en\/wp-json\/wp\/v2\/comments?post=43014"}],"version-history":[{"count":0,"href":"https:\/\/www.fedaiisf.it\/en\/wp-json\/wp\/v2\/posts\/43014\/revisions"}],"wp:featuredmedia":[{"embeddable":true,"href":"https:\/\/www.fedaiisf.it\/en\/wp-json\/wp\/v2\/media\/43024"}],"wp:attachment":[{"href":"https:\/\/www.fedaiisf.it\/en\/wp-json\/wp\/v2\/media?parent=43014"}],"wp:term":[{"taxonomy":"category","embeddable":true,"href":"https:\/\/www.fedaiisf.it\/en\/wp-json\/wp\/v2\/categories?post=43014"},{"taxonomy":"post_tag","embeddable":true,"href":"https:\/\/www.fedaiisf.it\/en\/wp-json\/wp\/v2\/tags?post=43014"}],"curies":[{"name":"wp","href":"https:\/\/api.w.org\/{rel}","templated":true}]}}