{"id":43438,"date":"2019-05-31T18:44:17","date_gmt":"2019-05-31T16:44:17","guid":{"rendered":"https:\/\/www.fedaiisf.it\/?p=43438"},"modified":"2019-06-03T18:30:53","modified_gmt":"2019-06-03T16:30:53","slug":"lindustria-del-farmaco-emette-piu-co2-del-settore-automobilistico","status":"publish","type":"post","link":"https:\/\/www.fedaiisf.it\/en\/lindustria-del-farmaco-emette-piu-co2-del-settore-automobilistico\/","title":{"rendered":"The drug industry emits more CO2 than the automotive sector"},"content":{"rendered":"<p>Un nuovo studio ha rivelato che l\u2019industria farmaceutica globale ha un grave impatto ambientale, peggiore di quello del settore automobilistico.<\/p>\n<p><a href=\"https:\/\/www.lifegate.it\/persone\/news\/farmaci-inquinano-piu-settore-auto\" target=\"_blank\" rel=\"noopener noreferrer\">Life Gate &#8211; 31 maggio 2019<\/a><\/p>\n<p>&nbsp;<\/p>\n<p>Quando pensiamo ai settori pi\u00f9 inquinanti, che maggiormente stanno accelerando i <a href=\"https:\/\/www.lifegate.it\/persone\/news\/cambiamenti-climatici-cause-conseguenze\" target=\"_blank\" rel=\"noopener noreferrer\">cambiamenti climatici<\/a>, pensiamo all\u2019industria automobilistica o al <a href=\"https:\/\/www.lifegate.it\/persone\/news\/cowspiracy-arriva-italia-il-documentario-sullimpatto-degli-allevamenti\" target=\"_blank\" rel=\"noopener noreferrer\">settore zootecnico<\/a>, non al <strong>pharmaceutical sector<\/strong>. Eppure quest\u2019ultimo avrebbe un grave impatto ambientale, in proporzione persino peggiore di quello causato dalla produzione automobilistica globale. \u00c8 quanto emerso dallo studio <a href=\"https:\/\/www.sciencedirect.com\/science\/article\/pii\/S0959652618336084?via%3Dihub\" target=\"_blank\" rel=\"noopener noreferrer\">Carbon footprint of the global pharmaceutical industry and relative impact of its major players<\/a>, published in the magazine <a href=\"https:\/\/www.sciencedirect.com\/journal\/journal-of-cleaner-production\" target=\"_blank\" rel=\"noopener noreferrer\">Journal of cleaner productions<\/a>.<\/p>\n<h2><strong><a href=\"https:\/\/www.fedaiisf.it\/wp-content\/uploads\/2019\/05\/farmaceutica-carro-armato-di-miscelazione-dell-39-attrezzatura-della-fabbrica-farmaceutica-sulla-linea-di-produzione_29285-121.jpg\"><img loading=\"lazy\" decoding=\"async\" class=\"wp-image-43442 alignright\" src=\"https:\/\/www.fedaiisf.it\/wp-content\/uploads\/2019\/05\/farmaceutica-carro-armato-di-miscelazione-dell-39-attrezzatura-della-fabbrica-farmaceutica-sulla-linea-di-produzione_29285-121.jpg\" alt=\"\" width=\"375\" height=\"250\" srcset=\"https:\/\/www.fedaiisf.it\/wp-content\/uploads\/2019\/05\/farmaceutica-carro-armato-di-miscelazione-dell-39-attrezzatura-della-fabbrica-farmaceutica-sulla-linea-di-produzione_29285-121.jpg 626w, https:\/\/www.fedaiisf.it\/wp-content\/uploads\/2019\/05\/farmaceutica-carro-armato-di-miscelazione-dell-39-attrezzatura-della-fabbrica-farmaceutica-sulla-linea-di-produzione_29285-121-300x200.jpg 300w, https:\/\/www.fedaiisf.it\/wp-content\/uploads\/2019\/05\/farmaceutica-carro-armato-di-miscelazione-dell-39-attrezzatura-della-fabbrica-farmaceutica-sulla-linea-di-produzione_29285-121-274x183.jpg 274w, https:\/\/www.fedaiisf.it\/wp-content\/uploads\/2019\/05\/farmaceutica-carro-armato-di-miscelazione-dell-39-attrezzatura-della-fabbrica-farmaceutica-sulla-linea-di-produzione_29285-121-80x54.jpg 80w, https:\/\/www.fedaiisf.it\/wp-content\/uploads\/2019\/05\/farmaceutica-carro-armato-di-miscelazione-dell-39-attrezzatura-della-fabbrica-farmaceutica-sulla-linea-di-produzione_29285-121-130x87.jpg 130w, https:\/\/www.fedaiisf.it\/wp-content\/uploads\/2019\/05\/farmaceutica-carro-armato-di-miscelazione-dell-39-attrezzatura-della-fabbrica-farmaceutica-sulla-linea-di-produzione_29285-121-359x240.jpg 359w, https:\/\/www.fedaiisf.it\/wp-content\/uploads\/2019\/05\/farmaceutica-carro-armato-di-miscelazione-dell-39-attrezzatura-della-fabbrica-farmaceutica-sulla-linea-di-produzione_29285-121-85x57.jpg 85w, https:\/\/www.fedaiisf.it\/wp-content\/uploads\/2019\/05\/farmaceutica-carro-armato-di-miscelazione-dell-39-attrezzatura-della-fabbrica-farmaceutica-sulla-linea-di-produzione_29285-121-546x365.jpg 546w, https:\/\/www.fedaiisf.it\/wp-content\/uploads\/2019\/05\/farmaceutica-carro-armato-di-miscelazione-dell-39-attrezzatura-della-fabbrica-farmaceutica-sulla-linea-di-produzione_29285-121-165x109.jpg 165w, https:\/\/www.fedaiisf.it\/wp-content\/uploads\/2019\/05\/farmaceutica-carro-armato-di-miscelazione-dell-39-attrezzatura-della-fabbrica-farmaceutica-sulla-linea-di-produzione_29285-121-112x75.jpg 112w, https:\/\/www.fedaiisf.it\/wp-content\/uploads\/2019\/05\/farmaceutica-carro-armato-di-miscelazione-dell-39-attrezzatura-della-fabbrica-farmaceutica-sulla-linea-di-produzione_29285-121-179x120.jpg 179w, https:\/\/www.fedaiisf.it\/wp-content\/uploads\/2019\/05\/farmaceutica-carro-armato-di-miscelazione-dell-39-attrezzatura-della-fabbrica-farmaceutica-sulla-linea-di-produzione_29285-121-170x113.jpg 170w, https:\/\/www.fedaiisf.it\/wp-content\/uploads\/2019\/05\/farmaceutica-carro-armato-di-miscelazione-dell-39-attrezzatura-della-fabbrica-farmaceutica-sulla-linea-di-produzione_29285-121-81x55.jpg 81w, https:\/\/www.fedaiisf.it\/wp-content\/uploads\/2019\/05\/farmaceutica-carro-armato-di-miscelazione-dell-39-attrezzatura-della-fabbrica-farmaceutica-sulla-linea-di-produzione_29285-121-765x510.jpg 765w\" sizes=\"auto, (max-width: 375px) 100vw, 375px\" \/><\/a><\/strong><\/h2>\n<h2><\/h2>\n<h2><strong>Uno studio innovativo<\/strong><\/h2>\n<p>Quello condotto da Lotfi Belkhir e Ahmed Elmeligi, ricercatori della <a href=\"https:\/\/www.eng.mcmaster.ca\/sept\" target=\"_blank\" rel=\"noopener noreferrer\">facolt\u00e0 di ingegneria dell\u2019universit\u00e0 canadese McMaster<\/a>, \u00e8 sorprendentemente il <strong>primo studio che analizza le emissioni di gas serra<\/strong> generate dall\u2019industria farmaceutica. Farsi un\u2019idea dell\u2019effettivo impatto ambientale del settore non \u00e8 cos\u00ec semplice\u00a0poich\u00e9, tra le oltre duecento aziende che rappresentano il mercato farmaceutico globale, solo 25 hanno riferito costantemente i dati relativi alle loro emissioni dirette e indirette negli ultimi cinque anni, e tra queste appena 15 compagnie hanno pubblicato tali dati a partire dal 2012.<\/p>\n<p>&nbsp;<\/p>\n<h2><strong>48 tonnellate di CO2 per ogni milione<\/strong><\/h2>\n<p>I ricercatori hanno analizzato le <strong>emissioni di gas climalteranti emesse dal settore farmaceutico<\/strong> per ogni milione di dollari guadagnato, a partire dal 2015. Hanno scoperto che per ogni milione vengono emesse dalle imprese che producono farmaci, in media, 48,55 tonnellate di <a href=\"https:\/\/www.lifegate.it\/persone\/news\/ecco_come_l_anidride_carbonica_riscalda_la_terra1\" target=\"_blank\" rel=\"noopener noreferrer\">CO2<\/a>. Queste emissioni sono maggiori del 55 per cento a quelle prodotte dal settore automobilistico, che per ogni milione di dollari guadagnato immette nell\u2019atmosfera 31,4 tonnellate di CO2. Secondo i calcoli dei ricercatori il valore del mercato farmaceutico \u00e8 inferiore del 28 per cento rispetto a quello automobilistico, ma \u00e8 pi\u00f9 inquinante del 13 per cento.<\/p>\n<h2><\/h2>\n<h2><strong>Quanto inquinano i farmaci<\/strong><\/h2>\n<p><a href=\"https:\/\/www.fedaiisf.it\/wp-content\/uploads\/2019\/05\/Farmaceutica-chiller-produzione.png\"><img loading=\"lazy\" decoding=\"async\" class=\"wp-image-43444 alignleft\" src=\"https:\/\/www.fedaiisf.it\/wp-content\/uploads\/2019\/05\/Farmaceutica-chiller-produzione.png\" alt=\"\" width=\"377\" height=\"252\" srcset=\"https:\/\/www.fedaiisf.it\/wp-content\/uploads\/2019\/05\/Farmaceutica-chiller-produzione.png 713w, https:\/\/www.fedaiisf.it\/wp-content\/uploads\/2019\/05\/Farmaceutica-chiller-produzione-300x200.png 300w, https:\/\/www.fedaiisf.it\/wp-content\/uploads\/2019\/05\/Farmaceutica-chiller-produzione-274x183.png 274w, https:\/\/www.fedaiisf.it\/wp-content\/uploads\/2019\/05\/Farmaceutica-chiller-produzione-80x54.png 80w, https:\/\/www.fedaiisf.it\/wp-content\/uploads\/2019\/05\/Farmaceutica-chiller-produzione-130x87.png 130w, https:\/\/www.fedaiisf.it\/wp-content\/uploads\/2019\/05\/Farmaceutica-chiller-produzione-359x240.png 359w, https:\/\/www.fedaiisf.it\/wp-content\/uploads\/2019\/05\/Farmaceutica-chiller-produzione-85x57.png 85w, https:\/\/www.fedaiisf.it\/wp-content\/uploads\/2019\/05\/Farmaceutica-chiller-produzione-546x365.png 546w, https:\/\/www.fedaiisf.it\/wp-content\/uploads\/2019\/05\/Farmaceutica-chiller-produzione-266x179.png 266w, https:\/\/www.fedaiisf.it\/wp-content\/uploads\/2019\/05\/Farmaceutica-chiller-produzione-165x109.png 165w, https:\/\/www.fedaiisf.it\/wp-content\/uploads\/2019\/05\/Farmaceutica-chiller-produzione-347x233.png 347w, https:\/\/www.fedaiisf.it\/wp-content\/uploads\/2019\/05\/Farmaceutica-chiller-produzione-112x75.png 112w, https:\/\/www.fedaiisf.it\/wp-content\/uploads\/2019\/05\/Farmaceutica-chiller-produzione-179x120.png 179w, https:\/\/www.fedaiisf.it\/wp-content\/uploads\/2019\/05\/Farmaceutica-chiller-produzione-170x113.png 170w, https:\/\/www.fedaiisf.it\/wp-content\/uploads\/2019\/05\/Farmaceutica-chiller-produzione-81x55.png 81w, https:\/\/www.fedaiisf.it\/wp-content\/uploads\/2019\/05\/Farmaceutica-chiller-produzione-765x510.png 765w\" sizes=\"auto, (max-width: 377px) 100vw, 377px\" \/><\/a>Nel 2015, secondo lo studio, le case farmaceutiche sono state responsabili dell\u2019emissione di <strong>52 milioni di tonnellate di CO2<\/strong> (contro i 46,4 milioni di tonnellate prodotti dal settore automobilistico). Per calcolarne l\u2019impatto gli scienziati hanno valutato le emissioni dirette generate dalle operazioni delle societ\u00e0 e le emissioni indirette generate dall\u2019elettricit\u00e0 acquistata. Tra quelle analizzate, l\u2019azienda pi\u00f9 inquinante risulta essere per distacco il colosso tedesco Bayer, responsabile nel 2015 dell\u2019emissione di 9,7 milioni di CO2 per 51,4 miliardi di dollari di fatturato. Ha emesso cio\u00e8 circa 189 tonnellate di CO2 per ogni milione guadagnato, mentre Roche, ad esempio, ne ha emesse 14 tonnellate per ogni milione.<\/p>\n<h2><\/h2>\n<h2><strong>Cosa deve fare il settore farmaceutico<\/strong><\/h2>\n<p>I ricercatori hanno infine stimato quanto il settore farmaceutico dovrebbe ridurre le proprie emissioni per rispettare gli obiettivi climatici fissati dall\u2019<a href=\"https:\/\/www.lifegate.it\/persone\/news\/accordo-di-parigi-analisi\" target=\"_blank\" rel=\"noopener noreferrer\">accordo di Parigi<\/a>. Per limitare la crescita della temperatura media globale e mantenerla al di sotto dei due gradi centigradi fissati, l\u2019intero comparto dovrebbe <strong>ridurre del 59 per cento le proprie emissioni\u00a0<\/strong>entro il 2025.<\/p>\n<p>Related news:\u00a0<a href=\"https:\/\/brighterworld.mcmaster.ca\/articles\/big-pharma-emits-more-greenhouse-gases-than-the-automotive-industry\/\" target=\"_blank\" rel=\"noopener noreferrer\">Big Pharma emits more greenhouse gases than the automotive industry<\/a><\/p>\n<p class=\"article-title fb-quotable\"><a href=\"https:\/\/www.wired.it\/scienza\/ecologia\/2019\/05\/28\/fiumi-antibiotici\/\" target=\"_blank\" rel=\"noopener noreferrer\">I fiumi sono pieni di antibiotici, ed \u00e8 un grosso problema<\/a><\/p>\n<p><a href=\"https:\/\/www.fedaiisf.it\/wp-content\/uploads\/2019\/05\/farmaceutica-inquinamento.jpg\"><img loading=\"lazy\" decoding=\"async\" class=\"wp-image-43452 aligncenter\" src=\"https:\/\/www.fedaiisf.it\/wp-content\/uploads\/2019\/05\/farmaceutica-inquinamento.jpg\" alt=\"\" width=\"675\" height=\"450\" srcset=\"https:\/\/www.fedaiisf.it\/wp-content\/uploads\/2019\/05\/farmaceutica-inquinamento.jpg 754w, https:\/\/www.fedaiisf.it\/wp-content\/uploads\/2019\/05\/farmaceutica-inquinamento-300x200.jpg 300w, https:\/\/www.fedaiisf.it\/wp-content\/uploads\/2019\/05\/farmaceutica-inquinamento-274x183.jpg 274w, https:\/\/www.fedaiisf.it\/wp-content\/uploads\/2019\/05\/farmaceutica-inquinamento-80x54.jpg 80w, https:\/\/www.fedaiisf.it\/wp-content\/uploads\/2019\/05\/farmaceutica-inquinamento-130x87.jpg 130w, https:\/\/www.fedaiisf.it\/wp-content\/uploads\/2019\/05\/farmaceutica-inquinamento-359x240.jpg 359w, https:\/\/www.fedaiisf.it\/wp-content\/uploads\/2019\/05\/farmaceutica-inquinamento-85x57.jpg 85w, https:\/\/www.fedaiisf.it\/wp-content\/uploads\/2019\/05\/farmaceutica-inquinamento-546x365.jpg 546w, https:\/\/www.fedaiisf.it\/wp-content\/uploads\/2019\/05\/farmaceutica-inquinamento-165x109.jpg 165w, https:\/\/www.fedaiisf.it\/wp-content\/uploads\/2019\/05\/farmaceutica-inquinamento-112x75.jpg 112w, https:\/\/www.fedaiisf.it\/wp-content\/uploads\/2019\/05\/farmaceutica-inquinamento-179x120.jpg 179w, https:\/\/www.fedaiisf.it\/wp-content\/uploads\/2019\/05\/farmaceutica-inquinamento-170x113.jpg 170w, https:\/\/www.fedaiisf.it\/wp-content\/uploads\/2019\/05\/farmaceutica-inquinamento-81x55.jpg 81w, https:\/\/www.fedaiisf.it\/wp-content\/uploads\/2019\/05\/farmaceutica-inquinamento-765x510.jpg 765w\" sizes=\"auto, (max-width: 675px) 100vw, 675px\" \/><\/a><\/p>","protected":false},"excerpt":{"rendered":"<p>Un nuovo studio ha rivelato che l\u2019industria farmaceutica globale ha un grave impatto ambientale, peggiore di quello del settore automobilistico. Life Gate &#8211; 31 maggio 2019 &nbsp; Quando pensiamo ai settori pi\u00f9 inquinanti, che maggiormente stanno accelerando i cambiamenti climatici, pensiamo all\u2019industria automobilistica o al settore zootecnico, non al settore farmaceutico. Eppure quest\u2019ultimo avrebbe un &hellip;<\/p>","protected":false},"author":4,"featured_media":43448,"comment_status":"closed","ping_status":"closed","sticky":false,"template":"","format":"standard","meta":{"footnotes":""},"categories":[1],"tags":[],"class_list":["post-43438","post","type-post","status-publish","format-standard","has-post-thumbnail","hentry","category-notizie"],"amp_enabled":true,"_links":{"self":[{"href":"https:\/\/www.fedaiisf.it\/en\/wp-json\/wp\/v2\/posts\/43438","targetHints":{"allow":["GET"]}}],"collection":[{"href":"https:\/\/www.fedaiisf.it\/en\/wp-json\/wp\/v2\/posts"}],"about":[{"href":"https:\/\/www.fedaiisf.it\/en\/wp-json\/wp\/v2\/types\/post"}],"author":[{"embeddable":true,"href":"https:\/\/www.fedaiisf.it\/en\/wp-json\/wp\/v2\/users\/4"}],"replies":[{"embeddable":true,"href":"https:\/\/www.fedaiisf.it\/en\/wp-json\/wp\/v2\/comments?post=43438"}],"version-history":[{"count":0,"href":"https:\/\/www.fedaiisf.it\/en\/wp-json\/wp\/v2\/posts\/43438\/revisions"}],"wp:featuredmedia":[{"embeddable":true,"href":"https:\/\/www.fedaiisf.it\/en\/wp-json\/wp\/v2\/media\/43448"}],"wp:attachment":[{"href":"https:\/\/www.fedaiisf.it\/en\/wp-json\/wp\/v2\/media?parent=43438"}],"wp:term":[{"taxonomy":"category","embeddable":true,"href":"https:\/\/www.fedaiisf.it\/en\/wp-json\/wp\/v2\/categories?post=43438"},{"taxonomy":"post_tag","embeddable":true,"href":"https:\/\/www.fedaiisf.it\/en\/wp-json\/wp\/v2\/tags?post=43438"}],"curies":[{"name":"wp","href":"https:\/\/api.w.org\/{rel}","templated":true}]}}