{"id":43848,"date":"2019-06-14T17:28:52","date_gmt":"2019-06-14T15:28:52","guid":{"rendered":"https:\/\/www.fedaiisf.it\/?p=43848"},"modified":"2019-06-14T17:50:19","modified_gmt":"2019-06-14T15:50:19","slug":"riders-e-isf-i-primi-verranno-pagati-per-le-ore-lavorate-i-secondi-a-timbro","status":"publish","type":"post","link":"https:\/\/www.fedaiisf.it\/en\/riders-e-isf-i-primi-verranno-pagati-per-le-ore-lavorate-i-secondi-a-timbro\/","title":{"rendered":"Riders and ISF. The former will be paid for the hours worked, the latter ... on a &quot;stamp&quot; basis"},"content":{"rendered":"<p>\u00c8 del maggio scorso la notizia che i sindacati dei trasporti di Firenze hanno firmato l&#8217;accordo con una azienda di &#8220;food delivery&#8221;, \u00a0per disciplinare l&#8217;attivit\u00e0 dei propri &#8220;riders&#8221;. A questi lavoratori verr\u00e0 cos\u00ec applicato il CCNL Merci, logistica e spedizioni che, tra le altre cose, prevede il pagamento delle ore effettivamente lavorate e non del numero delle consegne effettuate e stabilisce che &#8220;il rischio d&#8217;impresa<a href=\"https:\/\/www.fedaiisf.it\/wp-content\/uploads\/2019\/06\/riders-contratto-collettivo.jpg\"><img loading=\"lazy\" decoding=\"async\" class=\"wp-image-43868 alignright\" src=\"https:\/\/www.fedaiisf.it\/wp-content\/uploads\/2019\/06\/riders-contratto-collettivo-1024x584.jpg\" alt=\"\" width=\"323\" height=\"184\" srcset=\"https:\/\/www.fedaiisf.it\/wp-content\/uploads\/2019\/06\/riders-contratto-collettivo-1024x584.jpg 1024w, https:\/\/www.fedaiisf.it\/wp-content\/uploads\/2019\/06\/riders-contratto-collettivo-300x171.jpg 300w, https:\/\/www.fedaiisf.it\/wp-content\/uploads\/2019\/06\/riders-contratto-collettivo-768x438.jpg 768w, https:\/\/www.fedaiisf.it\/wp-content\/uploads\/2019\/06\/riders-contratto-collettivo.jpg 1200w\" sizes=\"auto, (max-width: 323px) 100vw, 323px\" \/><\/a>, legato alla vendita dei prodotti e alle conseguenti consegne, non sia a carico dei lavoratori, bens\u00ec dell&#8217;impresa stessa&#8221;.<\/p>\n<p>In questi giorni, grazie ad un collega molto preciso e attento, mi \u00e8 capitato di visionare una moltitudine di &#8220;contratti&#8221; proposti a noi Isf, in cui si dava libero sfogo alla fantasia del committente: 2 ore al giorno per cinque giorni alla settimana, oppure tutte le ore che io, azienda, ritengo giuste a 400 euro al mese.<\/p>\n<p>E poi: tu, lavoratore, mi paghi per mantenerti il posto e rinunci a quanto hai guadagnato. Ed ancora: ti riconosco le provvigioni solo se mi porti 12 timbri al giorno (i colleghi sanno di cosa parlo). Insomma , una vera galleria degli orrori.<\/p>\n<p>E naturalmente automobile, benzina, parcheggi completamente a carico dell&#8217; Isf.<\/p>\n<p><a href=\"https:\/\/www.fedaiisf.it\/wp-content\/uploads\/2014\/08\/isf.stress.jpg\"><img loading=\"lazy\" decoding=\"async\" class=\"wp-image-2774 alignleft\" src=\"https:\/\/www.fedaiisf.it\/wp-content\/uploads\/2014\/08\/isf.stress.jpg\" alt=\"\" width=\"241\" height=\"169\" \/><\/a>\u00c8 chiaro a tutti, credo, perch\u00e9 io abbia affiancato queste due categorie di lavoratori: gli informatori sono i nuovi &#8220;riders&#8221;, anche se sarebbe meglio dire &#8220;vecchi&#8221;, dal momento che per questi ultimi la situazione si sta, giustamente, evolvendo nella dignitosa direzione che tutti ci aspettavamo.<\/p>\n<p>Se \u00e8 ritenuto eticamente giusto che il &#8220;rider&#8221; venga retribuito in base alle ore lavorate, e non in base al numero di consegne, lo stesso deve valere per l&#8217;ISF che, al contrario, sempre pi\u00f9 spesso viene retribuito in base al numero di scatolette prescritte.<\/p>\n<p>La cosa paradossale di tutta la vicenda, che continua a riguardare la nostra professione, \u00e8 che noi un CCNL che ci riconosca lo abbiamo da decenni e la nostra attivit\u00e0 \u00e8 altres\u00ec normata da una precisa legge dello Stato.<\/p>\n<p>Il sindacato, per quanto riguarda l&#8217;ISF, ha la maggior parte del lavoro gi\u00e0 svolto: dovrebbe indirizzare tutte le sue forze solo verso il ripristino della coerenza tra CCNL e Legge.<\/p>\n<p>Francesca Boni<\/p>\n<hr \/>\n<blockquote>\n<h3 align=\"center\"><span style=\"color: #000000;\">Legislative Decree 219\/06 <a href=\"http:\/\/www.medicoeleggi.com\/argomenti00\/italia2006\/19131-125.htm\" target=\"_blank\" rel=\"noopener noreferrer\">Articolo 125<\/a> &#8211;\u00a0<\/span><span style=\"color: #000000;\">Free samples<\/span><\/h3>\n<h3>Comma 2. <strong>I campioni non possono essere consegnati senza una richiesta scritta, recante data, <span style=\"color: #ff0000;\">timbro<\/span> e firma del destinatario.<\/strong><\/h3>\n<\/blockquote>\n<hr \/>\n<p>Related news:\u00a0<a href=\"https:\/\/www.fedaiisf.it\/en\/rinuncia-ai-crediti-con-lazienda-oppure-sei-licenziato-titolari-rinviati-a-giudizio\/\" target=\"_blank\" rel=\"noopener noreferrer\"><b>&quot;Give up credits with the company or you&#039;re fired&quot;: nutraceutical company owners indicted<\/b><\/a><\/p>\n<p><a href=\"https:\/\/www.fedaiisf.it\/en\/festa-del-lavoro-contratto-dopera-per-isf-ma-e-questo-il-lavoro-da-festeggiare\/\" target=\"_blank\" rel=\"noopener noreferrer\"><b>Labour day. Works contract for ISF. But is this the work to celebrate?<\/b><\/a><\/p>\n<p><a href=\"https:\/\/www.fedaiisf.it\/en\/interrogazione-a-risposta-immediata-in-commissione-ministro-intende-assumere-iniziative-sulla-professionalita-dellinformatore-scientifico-del-farmaco-anche-attraverso-un-adeguato-inquadramento-c\/\" target=\"_blank\" rel=\"noopener noreferrer\"><b>Question for immediate answer in committee. &quot;Does the Minister intend to take initiatives on the professionalism of drug sales reps, including through an adequate contractual framework, in order to preserve the citizen&#039;s right to treatment?&quot;<\/b><\/a><\/p>\n<p><a href=\"https:\/\/www.fedaiisf.it\/en\/lettere-alla-redazione-isf-contratto-metalmeccanico\/\" target=\"_blank\" rel=\"noopener noreferrer\"><b>ISF con contratto da metalmeccanico<\/b><\/a><\/p>\n<p><a href=\"https:\/\/www.fedaiisf.it\/wp-content\/uploads\/2018\/07\/CCNL-Osservatorio-farmaceutica.png\"><img loading=\"lazy\" decoding=\"async\" class=\"wp-image-37205 aligncenter\" src=\"https:\/\/www.fedaiisf.it\/wp-content\/uploads\/2018\/07\/CCNL-Osservatorio-farmaceutica.png\" alt=\"\" width=\"607\" height=\"102\" srcset=\"https:\/\/www.fedaiisf.it\/wp-content\/uploads\/2018\/07\/CCNL-Osservatorio-farmaceutica.png 732w, https:\/\/www.fedaiisf.it\/wp-content\/uploads\/2018\/07\/CCNL-Osservatorio-farmaceutica-300x50.png 300w\" sizes=\"auto, (max-width: 607px) 100vw, 607px\" \/><\/a><\/p>\n<p><a href=\"https:\/\/www.fedaiisf.it\/wp-content\/uploads\/2018\/07\/CCNL-Osservatorio-1.png\"><img loading=\"lazy\" decoding=\"async\" class=\"alignnone size-full wp-image-37243\" src=\"https:\/\/www.fedaiisf.it\/wp-content\/uploads\/2018\/07\/CCNL-Osservatorio-1.png\" alt=\"\" width=\"976\" height=\"821\" srcset=\"https:\/\/www.fedaiisf.it\/wp-content\/uploads\/2018\/07\/CCNL-Osservatorio-1.png 976w, https:\/\/www.fedaiisf.it\/wp-content\/uploads\/2018\/07\/CCNL-Osservatorio-1-300x252.png 300w, https:\/\/www.fedaiisf.it\/wp-content\/uploads\/2018\/07\/CCNL-Osservatorio-1-768x646.png 768w\" sizes=\"auto, (max-width: 976px) 100vw, 976px\" \/><\/a><\/p>","protected":false},"excerpt":{"rendered":"<p>\u00c8 del maggio scorso la notizia che i sindacati dei trasporti di Firenze hanno firmato l&#8217;accordo con una azienda di &#8220;food delivery&#8221;, \u00a0per disciplinare l&#8217;attivit\u00e0 dei propri &#8220;riders&#8221;. A questi lavoratori verr\u00e0 cos\u00ec applicato il CCNL Merci, logistica e spedizioni che, tra le altre cose, prevede il pagamento delle ore effettivamente lavorate e non del &hellip;<\/p>","protected":false},"author":4,"featured_media":43872,"comment_status":"closed","ping_status":"closed","sticky":false,"template":"","format":"standard","meta":{"footnotes":""},"categories":[16],"tags":[40,21,37,44],"class_list":["post-43848","post","type-post","status-publish","format-standard","has-post-thumbnail","hentry","category-primo-piano","tag-ccnl","tag-informatori-scientifici","tag-lettere-alla-redazione","tag-sindacati"],"amp_enabled":true,"_links":{"self":[{"href":"https:\/\/www.fedaiisf.it\/en\/wp-json\/wp\/v2\/posts\/43848","targetHints":{"allow":["GET"]}}],"collection":[{"href":"https:\/\/www.fedaiisf.it\/en\/wp-json\/wp\/v2\/posts"}],"about":[{"href":"https:\/\/www.fedaiisf.it\/en\/wp-json\/wp\/v2\/types\/post"}],"author":[{"embeddable":true,"href":"https:\/\/www.fedaiisf.it\/en\/wp-json\/wp\/v2\/users\/4"}],"replies":[{"embeddable":true,"href":"https:\/\/www.fedaiisf.it\/en\/wp-json\/wp\/v2\/comments?post=43848"}],"version-history":[{"count":0,"href":"https:\/\/www.fedaiisf.it\/en\/wp-json\/wp\/v2\/posts\/43848\/revisions"}],"wp:featuredmedia":[{"embeddable":true,"href":"https:\/\/www.fedaiisf.it\/en\/wp-json\/wp\/v2\/media\/43872"}],"wp:attachment":[{"href":"https:\/\/www.fedaiisf.it\/en\/wp-json\/wp\/v2\/media?parent=43848"}],"wp:term":[{"taxonomy":"category","embeddable":true,"href":"https:\/\/www.fedaiisf.it\/en\/wp-json\/wp\/v2\/categories?post=43848"},{"taxonomy":"post_tag","embeddable":true,"href":"https:\/\/www.fedaiisf.it\/en\/wp-json\/wp\/v2\/tags?post=43848"}],"curies":[{"name":"wp","href":"https:\/\/api.w.org\/{rel}","templated":true}]}}