{"id":44250,"date":"2019-06-21T14:09:47","date_gmt":"2019-06-21T12:09:47","guid":{"rendered":"https:\/\/www.fedaiisf.it\/?p=44250"},"modified":"2019-06-22T18:43:10","modified_gmt":"2019-06-22T16:43:10","slug":"fondo-sanitario-2020-regioni-tagli-per-2-miliardi-grillo-dovranno-passare-sul-mio-corpo","status":"publish","type":"post","link":"https:\/\/www.fedaiisf.it\/en\/fondo-sanitario-2020-regioni-tagli-per-2-miliardi-grillo-dovranno-passare-sul-mio-corpo\/","title":{"rendered":"Health Fund 2020. Regions: \u201c2 billion cuts?\u201d. Cricket: &quot;They&#039;ll have to go over my body&quot;"},"content":{"rendered":"<p>Per il 2019, il finanziamento al Servizio sanitario nazionale resta confermato in 114,4 miliardi di \u00a0euro. <strong>Per il 2020 il Fondo \u00e8 per\u00f2 incrementato di 2 miliardi e per il \u00a02021 di un altro miliardo e mezzo<\/strong>. E&#8221; <a href=\"https:\/\/www.fedaiisf.it\/wp-content\/uploads\/2019\/06\/Finanziamento-del-SSN.jpeg\"><img loading=\"lazy\" decoding=\"async\" class=\"wp-image-43840 alignright\" src=\"https:\/\/www.fedaiisf.it\/wp-content\/uploads\/2019\/06\/Finanziamento-del-SSN.jpeg\" alt=\"\" width=\"421\" height=\"284\" srcset=\"https:\/\/www.fedaiisf.it\/wp-content\/uploads\/2019\/06\/Finanziamento-del-SSN.jpeg 865w, https:\/\/www.fedaiisf.it\/wp-content\/uploads\/2019\/06\/Finanziamento-del-SSN-300x203.jpeg 300w, https:\/\/www.fedaiisf.it\/wp-content\/uploads\/2019\/06\/Finanziamento-del-SSN-768x519.jpeg 768w, https:\/\/www.fedaiisf.it\/wp-content\/uploads\/2019\/06\/Finanziamento-del-SSN-364x245.jpeg 364w, https:\/\/www.fedaiisf.it\/wp-content\/uploads\/2019\/06\/Finanziamento-del-SSN-80x54.jpeg 80w, https:\/\/www.fedaiisf.it\/wp-content\/uploads\/2019\/06\/Finanziamento-del-SSN-130x87.jpeg 130w, https:\/\/www.fedaiisf.it\/wp-content\/uploads\/2019\/06\/Finanziamento-del-SSN-85x57.jpeg 85w, https:\/\/www.fedaiisf.it\/wp-content\/uploads\/2019\/06\/Finanziamento-del-SSN-266x179.jpeg 266w, https:\/\/www.fedaiisf.it\/wp-content\/uploads\/2019\/06\/Finanziamento-del-SSN-347x233.jpeg 347w, https:\/\/www.fedaiisf.it\/wp-content\/uploads\/2019\/06\/Finanziamento-del-SSN-112x75.jpeg 112w, https:\/\/www.fedaiisf.it\/wp-content\/uploads\/2019\/06\/Finanziamento-del-SSN-179x120.jpeg 179w, https:\/\/www.fedaiisf.it\/wp-content\/uploads\/2019\/06\/Finanziamento-del-SSN-81x55.jpeg 81w\" sizes=\"auto, (max-width: 421px) 100vw, 421px\" \/><\/a>una delle novit\u00e0 per il Ssn prevista nella Legge di bilancio.<\/p>\n<p>L&#8221;aumento delle risorse alle Regioni &#8220;\u00e8 subordinato alla stipula, entro il 31 gennaio 2019, di una specifica intesa in sede di Conferenza permanente per i rapporti tra lo Stato, le Regioni e le Province autonome di Trento e di Bolzano per il Patto per la salute 2019-2021, che contempli misure di programmazione e di miglioramento della qualit\u00e0 delle cure e dei servizi erogati e di efficientamento dei costi&#8221;.<\/p>\n<p>E ancora, per attivare ulteriori borse di studio per i medici di \u00a0medicina generale che partecipano ai corsi di formazione, vengono messi sul piatto altri 10 milioni di euro dal 2019. Per aumentare, invece, il numero dei contratti di formazione specialistica dei medici, &#8220;l&#8221;autorizzazione di spesa \u00e8 incrementata di 22,5 milioni di euro per il 2019, di 45 milioni di euro per il 2020, di 68,4 milioni di euro per il 2021, di 91,8 milioni di euro per il 2022 e di 100 milioni di euro a decorrere dall&#8221;anno 2023&#8243;. (<a href=\"http:\/\/www.regioni.it\/news\/2018\/10\/31\/manovra-piu-risorse-a-fondo-sanitario-in-2020-e-2021-585424\/\" target=\"_blank\" rel=\"noopener noreferrer\">regioni.it<\/a>)<\/p>\n<div id=\"testo_19864\">\n<p>(<a href=\"http:\/\/www.regioni.it\/newsletter\/n-3630\/del-12-06-2019\/\" target=\"_blank\" rel=\"noopener noreferrer\">Regioni.it 3630<\/a> &#8211; 12\/06\/2019) Il 6 giugno nella Conferenza Stato-Regioni \u00e8 stata sancita l\u2019intesa sul riparto delle disponibilit\u00e0 finanziarie per il Servizio sanitario nazionale per il 2019 (rispetto alla quale le Regioni avevano gi\u00e0 raggiunto un accordo politico il 13 febbraio, vedi <strong><a href=\"http:\/\/www.regioni.it\/newsletter\/n-3549\/del-13-02-2019\/fondo-sanitario-2019-bonaccini-ripartiti-piu-di-111-miliardi-19345\/\" target=\"_blank\" rel=\"noopener noreferrer\">Regioni.it n.3546<\/a><\/strong>). \u00a0Nella stessa riunione della Conferenza stato-Regioni sono state ripartite le quote per gli obiettivi di Piano sanitario nazionale e quelle vincolate e le quote premiali.<\/p>\n<hr \/>\n<div>\n<div id=\"cc_large\">\n<h1 class=\"entry-title\">Tagli alla Sanit\u00e0 per due miliardi: l\u2019allarme delle\u00a0Regioni<\/h1>\n<h2 class=\"entry-subtitle\">\u00c8 rottura tra il ministero della Salute e le Regioni sul nuovo Patto per la Salute.: il governo vuole tagliare di 2 miliardi il Fondo sanitario<\/h2>\n<p><a href=\"https:\/\/quifinanza.it\/soldi\/tagli-alla-sanita-per-due-miliardi-allarme-delle-regioni\/280606\/\" target=\"_blank\" rel=\"noopener noreferrer\"><span class=\"iol-post-date\"><time datetime=\"2019-06-06T11:46:56+02:00\"><i>Qui Finanza 6 giugno 2019<\/i> <\/time><\/span><\/a><\/p>\n<p><span class=\"iol-post-date\"><time datetime=\"2019-06-06T11:46:56+02:00\">&#8211; <\/time><\/span>\u00c8 rottura tra il ministero della Salute e le Regioni sul nuovo <strong>Patto per la Salute<\/strong>. I <strong>due miliardi di aumento<\/strong> del Fondo sanitario nazionale (Fsn) nel 2020 e il miliardo e mezzo in pi\u00f9 per il 2021, promessi dalla legge di Bilancio sulla base di un preciso accordo tra Regioni e Governo, <strong>rischiano di saltare<\/strong> a causa della \u201cvariazione del quadro macroeconomico\u201d.<\/p>\n<p>A meno di una settimana dalle dichiarazioni pentastellate su un presunto incremento del fondo sanitario, \u201c+4,5 miliardi di euro per il Fondo sanitario nazionale nel triennio 2019-2021\u201d, scriveva sui social la ministra Giulia Grillo, la realt\u00e0 alla Conferenza delle Regioni si presenterebbe molto diversa.<\/p>\n<p>A lanciare l\u2019allarme \u00e8 l\u2019assessore alla Sanit\u00e0 e l\u2019Integrazione sociosanitaria della Regione Lazio Alessio D\u2019Amato. \u201cNella bozza di testo del nuovo<strong> Patto della Salute<\/strong> inviata dal Ministero della Salute non vi \u00e8 certezza del livello di finanziamento, anzi contrariamente a quanto richiesto dalle Regioni, si subordina il finanziamento del prossimo anno alla variazione del quadro macroeconomico\u201d, afferma D\u2019Amato. Una postilla non da poco se si considera che, come spiega D\u2019Amato, questo significa che \u201c<strong>si sta preparando il taglio di 2 miliardi<\/strong> al <strong>fondo sanitario nazionale<\/strong>\u201c.<\/p>\n<p>Nella nuova bozza di Patto inviata dal Ministero della Salute alle Regioni, alla voce finanziamenti \u00e8 stata introdotta la clausola che evidenzia come le risorse definite nell\u2019ultima manovra (2 mld in pi\u00f9 per il 2020 e <a href=\"https:\/\/www.fedaiisf.it\/wp-content\/uploads\/2019\/06\/SOLDI_INCATENATI-vincolati.jpg\"><img loading=\"lazy\" decoding=\"async\" class=\"wp-image-44258 alignright\" src=\"https:\/\/www.fedaiisf.it\/wp-content\/uploads\/2019\/06\/SOLDI_INCATENATI-vincolati-1024x681.jpg\" alt=\"\" width=\"412\" height=\"274\" srcset=\"https:\/\/www.fedaiisf.it\/wp-content\/uploads\/2019\/06\/SOLDI_INCATENATI-vincolati-1024x681.jpg 1024w, https:\/\/www.fedaiisf.it\/wp-content\/uploads\/2019\/06\/SOLDI_INCATENATI-vincolati-300x200.jpg 300w, https:\/\/www.fedaiisf.it\/wp-content\/uploads\/2019\/06\/SOLDI_INCATENATI-vincolati-768x511.jpg 768w, https:\/\/www.fedaiisf.it\/wp-content\/uploads\/2019\/06\/SOLDI_INCATENATI-vincolati-1536x1022.jpg 1536w, https:\/\/www.fedaiisf.it\/wp-content\/uploads\/2019\/06\/SOLDI_INCATENATI-vincolati-2048x1362.jpg 2048w, https:\/\/www.fedaiisf.it\/wp-content\/uploads\/2019\/06\/SOLDI_INCATENATI-vincolati-274x183.jpg 274w, https:\/\/www.fedaiisf.it\/wp-content\/uploads\/2019\/06\/SOLDI_INCATENATI-vincolati-80x54.jpg 80w, https:\/\/www.fedaiisf.it\/wp-content\/uploads\/2019\/06\/SOLDI_INCATENATI-vincolati-130x87.jpg 130w, https:\/\/www.fedaiisf.it\/wp-content\/uploads\/2019\/06\/SOLDI_INCATENATI-vincolati-359x240.jpg 359w, https:\/\/www.fedaiisf.it\/wp-content\/uploads\/2019\/06\/SOLDI_INCATENATI-vincolati-85x57.jpg 85w, https:\/\/www.fedaiisf.it\/wp-content\/uploads\/2019\/06\/SOLDI_INCATENATI-vincolati-546x365.jpg 546w, https:\/\/www.fedaiisf.it\/wp-content\/uploads\/2019\/06\/SOLDI_INCATENATI-vincolati-165x109.jpg 165w, https:\/\/www.fedaiisf.it\/wp-content\/uploads\/2019\/06\/SOLDI_INCATENATI-vincolati-112x75.jpg 112w, https:\/\/www.fedaiisf.it\/wp-content\/uploads\/2019\/06\/SOLDI_INCATENATI-vincolati-179x120.jpg 179w, https:\/\/www.fedaiisf.it\/wp-content\/uploads\/2019\/06\/SOLDI_INCATENATI-vincolati-170x113.jpg 170w, https:\/\/www.fedaiisf.it\/wp-content\/uploads\/2019\/06\/SOLDI_INCATENATI-vincolati-81x55.jpg 81w, https:\/\/www.fedaiisf.it\/wp-content\/uploads\/2019\/06\/SOLDI_INCATENATI-vincolati-765x510.jpg 765w\" sizes=\"auto, (max-width: 412px) 100vw, 412px\" \/><\/a>1,5 mld per il 2021) sono<strong> confermate \u201csalvo eventuali modifiche<\/strong> \u2013 si legge nella bozza \u2013 che si rendessero necessarie in relazione al conseguimento degli obiettivi di finanza pubblica e variazioni del quadro macroeconomico\u201d.<br \/>\nIl che tradotto, visto i conti dello Stato su cui pende anche la decisione della Ue di aprire una procedura d\u2019infrazione, vuol dire che i finanziamenti promessi per i prossimi anni sono fortemente a rischio. Insomma, si temono nuovi tagli.<\/p>\n<p>Una eventualit\u00e0 che costituisce, di fatto, <strong>\u201cun colpo mortale alla sanit\u00e0 ed al diritto alla salute<\/strong> \u2013 prosegue l\u2019assessore \u2013 Le Regioni nel documento di avvio del Patto hanno sempre sostenuto l\u2019esigenza di avere un quadro certo dei finanziamenti senza condizionamenti. Il testo proposto dal Ministero apre la strada al taglio del Fondo sanitario nazionale. \u00c8 necessario che il Governo chiarisca\u201d.<\/p>\n<p><a href=\"https:\/\/www.fedaiisf.it\/wp-content\/uploads\/2019\/04\/Giulia-Grillo.png\"><img loading=\"lazy\" decoding=\"async\" class=\"wp-image-41962 alignleft\" src=\"https:\/\/www.fedaiisf.it\/wp-content\/uploads\/2019\/04\/Giulia-Grillo.png\" alt=\"\" width=\"144\" height=\"142\" srcset=\"https:\/\/www.fedaiisf.it\/wp-content\/uploads\/2019\/04\/Giulia-Grillo.png 638w, https:\/\/www.fedaiisf.it\/wp-content\/uploads\/2019\/04\/Giulia-Grillo-300x296.png 300w, https:\/\/www.fedaiisf.it\/wp-content\/uploads\/2019\/04\/Giulia-Grillo-36x36.png 36w\" sizes=\"auto, (max-width: 144px) 100vw, 144px\" \/><\/a>Sulla questione \u00e8 intervenuto anche il segretario del Pd, Nicola Zingaretti: \u201c<strong>Non vi azzardate a tagliare sulla sanit\u00e0<\/strong>. Faremo le barricate per tutelare la salute\u201d.<\/p>\n<p>Pronta la replica del Ministro della Salute Giulia Grillo che rassicura su Twitter rispondendo al segretario del Pd: \u201cTagli alla sanit\u00e0? Dovranno passare sul mio corpo. Il Pd ci ricorda che i loro tagli alla sanit\u00e0 hanno messo a rischio la tenuta del SSN. Questo noi non lo faremo\u201d.<\/p>\n<hr \/>\n<div id=\"adv-intext-0\" class=\"\" data-sizes=\"[[300,250],&quot;fluid&quot;,[336,280]]\" data-ad-unit=\"FattoQ_300x250_First_Art\">\n<p>Notizie correlate:\u00a0<a href=\"https:\/\/www.fedaiisf.it\/rapporto-gimbe-a-rischio-sostenibilita-il-nostro-ssn\/\" target=\"_blank\" rel=\"noopener noreferrer\"><strong>Rapporto GIMBE: a rischio sostenibilit\u00e0 il nostro SSN<\/strong><\/a><\/p>\n<hr \/>\n<h3>Il Ministro torna sui possibili tagli al Fondo sanitario annunciando la richiesta di rassicurazioni sulla nota di aggiornamento al Def<\/h3>\n<p>\u201cProprio in queste ore \u00e8 mia determinazione chiedere un incontro, insieme al presidente della <a href=\"http:\/\/www.regioni.it\/\" target=\"_blank\" rel=\"noreferrer noopener\" aria-label=\"conferenza delle Regioni (apre in una nuova scheda)\">conferenza delle Regioni<\/a> Bonaccini se lo vorr\u00e0, al Mef in tempi brevi, per avere la certezza che quanto gi\u00e0 stanziato nella scorsa Legge di bilancio non venga toccato\u201d. Lo ha affermato il ministro della Salute Giulia Grillo, a margine della presentazione del nuovo codice deontologico della Fnopi a Roma.<\/p>\n<p>\u201cLo scorso anno abbiamo deciso un aumento molto contenuto sul finanziamento del fondo sanitario \u2013 ha aggiunto Grillo \u2013 proprio perch\u00e9 avevamo la certezza che quest\u2019anno avremmo avuto un momento di respiro, ecco per\u00f2 ora questo deve arrivare\u201d.<\/p>\n<p>\u201cNon firmer\u00f2 nessuna clausola vincolante e non ci sar\u00e0 neanche nel Patto della salute. Io chieder\u00f2 rassicurazioni sulla nota di aggiornamento al Def perch\u00e9 non ci siano sorprese, la nostra sanit\u00e0 non pu\u00f2 permetterselo\u201d<\/p>\n<h3>Grillo ha poi sottolineato che il Patto della salute si chiuder\u00e0 assolutamente entro l\u2019estate.<\/h3>\n<p>\u201cNon voglio che sia un Patto infinito e troppo ambizioso, cos\u00ec che poi si dica che non abbiamo fatto niente. Mi accontenterei di avere 3-4 punti fortemente voluti e di poter portare a casa quelli\u201d.<\/p>\n<p>Infine, sulla nomina del nuovo presidente dell\u2019 Aifa il ministro ha anticipato che la decisione potrebbe avvenire a breve. Al proposito le regioni si erano espresse indicando il nome di Antonio Saitta, assessore alla Sanit\u00e0 del Piemonte e coordinatore della Commissione Salute.<\/p>\n<p>\u201cRispetto la proposta delle Regioni \u2013 ha precisato Grillo \u2013 ho sempre detto che, sia per il ruolo di direttore generale sia per quello di presidente dell\u2019Aifa, preferisco dei tecnici e non dei politici. Anche perch\u00e9 il Consiglio di amministrazione gi\u00e0 esprime due componenti su quattro di estrazione delle Regioni, che possono essere dei politici, quindi mi sembrava giusto che il nome del presidente fosse una figura diversa. Per questo la trattativa si \u00e8 di molto allungata, ma ora siamo agli sgoccioli\u201d.<\/p>\n<p><a href=\"http:\/\/www.responsabilecivile.it\/fondo-sanitario-grillo-no-a-sorprese-chiedero-incontro-al-mef\/\" target=\"_blank\" rel=\"noopener noreferrer\">Responsabile Civile &#8211; 22 giugno 2019<\/a><\/p>\n<\/div>\n<\/div>\n<\/div>\n<\/div>\n","protected":false},"excerpt":{"rendered":"<p>Per il 2019, il finanziamento al Servizio sanitario nazionale resta confermato in 114,4 miliardi di \u00a0euro. Per il 2020 il Fondo \u00e8 per\u00f2 incrementato di 2 miliardi e per il \u00a02021 di un altro miliardo e mezzo. E&#8221; una delle novit\u00e0 per il Ssn prevista nella Legge di bilancio. L&#8221;aumento delle risorse alle Regioni &#8220;\u00e8 &hellip;<\/p>","protected":false},"author":4,"featured_media":44262,"comment_status":"closed","ping_status":"closed","sticky":false,"template":"","format":"standard","meta":{"footnotes":""},"categories":[1],"tags":[],"class_list":["post-44250","post","type-post","status-publish","format-standard","has-post-thumbnail","hentry","category-notizie"],"amp_enabled":true,"_links":{"self":[{"href":"https:\/\/www.fedaiisf.it\/en\/wp-json\/wp\/v2\/posts\/44250","targetHints":{"allow":["GET"]}}],"collection":[{"href":"https:\/\/www.fedaiisf.it\/en\/wp-json\/wp\/v2\/posts"}],"about":[{"href":"https:\/\/www.fedaiisf.it\/en\/wp-json\/wp\/v2\/types\/post"}],"author":[{"embeddable":true,"href":"https:\/\/www.fedaiisf.it\/en\/wp-json\/wp\/v2\/users\/4"}],"replies":[{"embeddable":true,"href":"https:\/\/www.fedaiisf.it\/en\/wp-json\/wp\/v2\/comments?post=44250"}],"version-history":[{"count":0,"href":"https:\/\/www.fedaiisf.it\/en\/wp-json\/wp\/v2\/posts\/44250\/revisions"}],"wp:featuredmedia":[{"embeddable":true,"href":"https:\/\/www.fedaiisf.it\/en\/wp-json\/wp\/v2\/media\/44262"}],"wp:attachment":[{"href":"https:\/\/www.fedaiisf.it\/en\/wp-json\/wp\/v2\/media?parent=44250"}],"wp:term":[{"taxonomy":"category","embeddable":true,"href":"https:\/\/www.fedaiisf.it\/en\/wp-json\/wp\/v2\/categories?post=44250"},{"taxonomy":"post_tag","embeddable":true,"href":"https:\/\/www.fedaiisf.it\/en\/wp-json\/wp\/v2\/tags?post=44250"}],"curies":[{"name":"wp","href":"https:\/\/api.w.org\/{rel}","templated":true}]}}