{"id":44596,"date":"2019-07-02T13:09:41","date_gmt":"2019-07-02T11:09:41","guid":{"rendered":"https:\/\/www.fedaiisf.it\/?p=44596"},"modified":"2019-07-02T13:16:04","modified_gmt":"2019-07-02T11:16:04","slug":"federcontribuenti-riformare-enasarco-e-ridurre-a-5-anni-da-20-i-minimi-contributivi","status":"publish","type":"post","link":"https:\/\/www.fedaiisf.it\/en\/federcontribuenti-riformare-enasarco-e-ridurre-a-5-anni-da-20-i-minimi-contributivi\/","title":{"rendered":"Federcontribuenti: reform Enasarco and reduce the minimum contributions to 5 years (from 20)"},"content":{"rendered":"<h2>Enasarco boccia la proposta di Federcontribuenti<\/h2>\n<p><a href=\"https:\/\/www.pensionipertutti.it\/ultime-pensioni-1-luglio-2019-enasarco-boccia-la-proposta-di-federcontribuenti\/\" target=\"_blank\" rel=\"noopener noreferrer\">Pensioni per tutti &#8211; 1 luglio 2019<\/a><\/p>\n<p>The <strong>ultime novit\u00e0 sulle pensioni di oggi 1 luglio 2019<\/strong>riguardano un nuovo scontro tra Ensarco ) (Ente nazionale di assistenza per gli agenti e i rappresentanti di commercio) e la <strong>Taxpayers Federation<\/strong>. Quest\u2019ultima ha lanciato nei giorni scorsi una proposta per riformare <strong>l\u2019Ensarco <\/strong>e non penalizzare pi\u00f9 chi versa soldi in questa cassa previdenziale senza ottenere nulla in cambio e ha chiesto la <strong>riduzione da 20 a 5<\/strong>anni dei minimi contributivi per ottenere la <strong>pensione <\/strong>. Nella giornata di oggi tramite un comunicato <strong>l\u2019Ensarco <\/strong>ha replicato e spiegato la sua posizione.<\/p>\n<p><a href=\"https:\/\/www.fedaiisf.it\/wp-content\/uploads\/2014\/08\/soldi-nel-cestino-620x350.jpg\"><img loading=\"lazy\" decoding=\"async\" class=\"wp-image-2681 alignright\" src=\"https:\/\/www.fedaiisf.it\/wp-content\/uploads\/2014\/08\/soldi-nel-cestino-620x350.jpg\" alt=\"\" width=\"342\" height=\"193\" srcset=\"https:\/\/www.fedaiisf.it\/wp-content\/uploads\/2014\/08\/soldi-nel-cestino-620x350.jpg 620w, https:\/\/www.fedaiisf.it\/wp-content\/uploads\/2014\/08\/soldi-nel-cestino-620x350-300x169.jpg 300w, https:\/\/www.fedaiisf.it\/wp-content\/uploads\/2014\/08\/soldi-nel-cestino-620x350-390x220.jpg 390w\" sizes=\"auto, (max-width: 342px) 100vw, 342px\" \/><\/a>In Breve, la <strong>Taxpayers Federation <\/strong>nel suo appello ha chiesto di cambiare <strong>l\u2019Ensarco <\/strong>con parole piuttosto dure: \u201cLa <strong>previdenza Enasarco<\/strong>, in Italia rappresenta un <strong>caso unico di ingiustizia nell\u2019ambito previdenziale<\/strong>. Nessuno altro ente di previdenza complementare \u00e8 obbligatoria tranne l\u2019Enasarco e cos\u00ec, i rappresentati e gli agenti di commercio sono\u00a0<strong>obbligati a versare<\/strong>\u00a0i contributi verso\u00a0<strong>due enti<\/strong>, <strong>l\u2019Inps <\/strong>And <strong>l\u2019Enasarco <\/strong>senza per\u00f2 avere garanzie da quest\u2019ultima rischiando di pagare contributi a fondo perduto. Succede che un lavoratore dopo<strong>aver versato 19 anni di contributi Enasarco<\/strong>non se li veda <strong>riconosciuti <\/strong>ai fini <strong>pensionistici<\/strong>\u201d. Infatti servono 20 anni per maturare il diritto alla pensione assieme al raggiungimento dell\u2019et\u00e0 pensionabile\u201d.<\/p>\n<p>Poi conclude: \u201c<strong>Perche\u2019 chi ha versato anche oltre 15 anni di contributi Enasarco<\/strong>alla fine <strong>deve perdere tutto?<\/strong>Perch\u00e9 la somma versata non pu\u00f2 confluire all\u2019INPS? Questa truffa nei confronti di chi ha lavorato e versato puntualmente \u2013 un minimo di 434 euro di contributi annui \u2013 deve finire\u201d.\u00a0 Vediamo ora la risposta arrivata oggi.<\/p>\n<p>There <strong>replica <\/strong>\u00e8 prontamente arrivata tramite un <strong>lungo<\/strong><strong>Press release <\/strong>che ci \u00e8 stato inviato, in cui <strong>l\u2019Ensarco <\/strong>spiega la sua <strong>posizione<\/strong>: \u201cInformiamo i lettori che la stragrande maggioranza delle questioni sollevate non sono in alcun modo di competenza della Fondazione Enasarco, riguardando esclusivamente aspetti fiscali o sindacali, come ad esempio la proposta di adeguamento di provvigioni minime reali o la previsione di un reddito minimo annuo garantito per l\u2019iscrizione all\u2019Ente. In altri casi si tratta di aspetti gi\u00e0 disciplinati dalla legge o dalla Fondazione in maniera analoga a quella auspicata dal \u201cmanifesto\u201d come ad esempio la parificazione dei poteri ispettivi tra funzionari <strong>Enasarco <\/strong>e ispettori <strong>INPS <\/strong>o le sanzioni per periodi di prova usati per eludere la <strong>contrattualizzazione<\/strong>.<\/p>\n<p><strong>Riguardo invece la proposta di ricongiungere la contribuzione Enasarco <\/strong>con quella <strong>INPS<\/strong>, si rinvia all\u2019attuale normativa nazionale, che consente la totalizzazione ed il cumulo solo per i versamenti contributivi non coincidenti. Tale requisito<strong>, per i contributi Enasarco, non pu\u00f2 mai concretizzarsi, stante l\u2019obbligo ex lege di doppia contribuzione<\/strong>. Non riteniamo di dover commentare invece <strong>la proposta di riduzione da 20 a 5 anni dei minimi contributivi<\/strong>per l\u2019ottenimento della pensione.<\/p>\n<p>Quanto infine alla questione dei \u201csilenti\u201d, la <strong>Fondazione Enasarco<\/strong>\u00e8 gi\u00e0 intervenuta per introdurre, in presenza di determinati requisiti, misure specifiche in favore di chi non ha raggiunto i <strong>20 anni <\/strong>Of <strong>contributions<\/strong>, ma l\u2019Ente non potr\u00e0 mai intervenire in contrasto con i principi di solidariet\u00e0 e sostenibilit\u00e0, posti a tutela di tutti i contribuenti e richiesti dalla legge\u201d. Il comunicato ufficiale \u00e8 molto lungo e continua entrando nel dettaglio punto per punto. Per chi fosse interessato ad approfondire,<a href=\"https:\/\/www.bluerating.com\/banche-e-reti\/595675\/contributi-a-fondo-perduto-enasarco-replica-a-federcontribuenti\" target=\"_blank\" rel=\"noopener noreferrer\"><strong>qui trovate il comunicato completo<\/strong><\/a><strong>.<\/strong><\/p>\n<p>Related news:<\/p>\n<p><a href=\"https:\/\/www.change.org\/p\/presidente-della-fondazione-enasarco-enasarco-stop-agli-omicidi-di-stato\" target=\"_blank\" rel=\"noopener noreferrer\">Enasarco. Un furto legalizzato<\/a><\/p>\n<p><strong><a href=\"https:\/\/www.fedaiisf.it\/en\/enasarco-presentato-il-bilancio-2017-lisf-non-e-soggetto-obbligato-alla-contribuzione-enasarco\/\" target=\"_blank\" rel=\"noopener noreferrer\">L\u2019ISF non \u00e8 soggetto obbligato alla contribuzione Enasarco<\/a><\/strong><\/p>\n<p class=\"entry-title\"><a href=\"https:\/\/quifinanza.it\/pensioni\/pensioni-mancanza-requisiti-minimi-fa-perdere-tutti-contributi-versati\/287215\/\" target=\"_blank\" rel=\"noopener noreferrer\">Pensioni, perch\u00e9 la mancanza dei requisiti minimi fa perdere tutti i contributi\u00a0versati<\/a><\/p>\n<p><strong><a href=\"https:\/\/www.fedaiisf.it\/en\/lisf-plurimandatario-e-lecito-si-ma\/\" target=\"_blank\" rel=\"noopener noreferrer\">The \u201cmulti-firm\u201d ISF. Is it legal? Yes but \u2026<\/a><\/strong><\/p>\n<hr \/>\n<p><a href=\"https:\/\/www.fedaiisf.it\/wp-content\/uploads\/2018\/07\/Enasarco-pag-23.png\"><img loading=\"lazy\" decoding=\"async\" class=\"alignnone size-full wp-image-36898\" src=\"https:\/\/www.fedaiisf.it\/wp-content\/uploads\/2018\/07\/Enasarco-pag-23.png\" alt=\"\" width=\"691\" height=\"172\" srcset=\"https:\/\/www.fedaiisf.it\/wp-content\/uploads\/2018\/07\/Enasarco-pag-23.png 691w, https:\/\/www.fedaiisf.it\/wp-content\/uploads\/2018\/07\/Enasarco-pag-23-300x75.png 300w\" sizes=\"auto, (max-width: 691px) 100vw, 691px\" \/><\/a><\/p>\n<p><a href=\"https:\/\/www.fedaiisf.it\/wp-content\/uploads\/2019\/07\/Soggetti-esclusi-Enasarco-2.jpeg\"><img loading=\"lazy\" decoding=\"async\" class=\"alignnone size-full wp-image-44604\" src=\"https:\/\/www.fedaiisf.it\/wp-content\/uploads\/2019\/07\/Soggetti-esclusi-Enasarco-2.jpeg\" alt=\"\" width=\"587\" height=\"387\" srcset=\"https:\/\/www.fedaiisf.it\/wp-content\/uploads\/2019\/07\/Soggetti-esclusi-Enasarco-2.jpeg 587w, https:\/\/www.fedaiisf.it\/wp-content\/uploads\/2019\/07\/Soggetti-esclusi-Enasarco-2-300x198.jpeg 300w, https:\/\/www.fedaiisf.it\/wp-content\/uploads\/2019\/07\/Soggetti-esclusi-Enasarco-2-80x54.jpeg 80w, https:\/\/www.fedaiisf.it\/wp-content\/uploads\/2019\/07\/Soggetti-esclusi-Enasarco-2-130x87.jpeg 130w, https:\/\/www.fedaiisf.it\/wp-content\/uploads\/2019\/07\/Soggetti-esclusi-Enasarco-2-85x57.jpeg 85w, https:\/\/www.fedaiisf.it\/wp-content\/uploads\/2019\/07\/Soggetti-esclusi-Enasarco-2-165x109.jpeg 165w, https:\/\/www.fedaiisf.it\/wp-content\/uploads\/2019\/07\/Soggetti-esclusi-Enasarco-2-112x75.jpeg 112w, https:\/\/www.fedaiisf.it\/wp-content\/uploads\/2019\/07\/Soggetti-esclusi-Enasarco-2-170x113.jpeg 170w\" sizes=\"auto, (max-width: 587px) 100vw, 587px\" \/><\/a><\/p>\n<p>&nbsp;<\/p>\n<p><a href=\"http:\/\/www.enasarco.it\/guida\/il_contratto_dagenzia\" target=\"_blank\" rel=\"noopener noreferrer\">Gli artt. 1742 &#8211; 1753 del codice civile (Libro Quarto \u2013Titolo III -Capo X \u201cDel Contratto di Agenzia&#8221;).<\/a><\/p>","protected":false},"excerpt":{"rendered":"<p>Enasarco boccia la proposta di Federcontribuenti Pensioni per tutti &#8211; 1 luglio 2019 Le ultime novit\u00e0 sulle pensioni di oggi 1 luglio 2019riguardano un nuovo scontro tra Ensarco ) (Ente nazionale di assistenza per gli agenti e i rappresentanti di commercio) e la Federcontribuenti. Quest\u2019ultima ha lanciato nei giorni scorsi una proposta per riformare l\u2019Ensarco &hellip;<\/p>","protected":false},"author":4,"featured_media":44606,"comment_status":"closed","ping_status":"closed","sticky":false,"template":"","format":"standard","meta":{"footnotes":""},"categories":[1],"tags":[],"class_list":["post-44596","post","type-post","status-publish","format-standard","has-post-thumbnail","hentry","category-notizie"],"amp_enabled":true,"_links":{"self":[{"href":"https:\/\/www.fedaiisf.it\/en\/wp-json\/wp\/v2\/posts\/44596","targetHints":{"allow":["GET"]}}],"collection":[{"href":"https:\/\/www.fedaiisf.it\/en\/wp-json\/wp\/v2\/posts"}],"about":[{"href":"https:\/\/www.fedaiisf.it\/en\/wp-json\/wp\/v2\/types\/post"}],"author":[{"embeddable":true,"href":"https:\/\/www.fedaiisf.it\/en\/wp-json\/wp\/v2\/users\/4"}],"replies":[{"embeddable":true,"href":"https:\/\/www.fedaiisf.it\/en\/wp-json\/wp\/v2\/comments?post=44596"}],"version-history":[{"count":0,"href":"https:\/\/www.fedaiisf.it\/en\/wp-json\/wp\/v2\/posts\/44596\/revisions"}],"wp:featuredmedia":[{"embeddable":true,"href":"https:\/\/www.fedaiisf.it\/en\/wp-json\/wp\/v2\/media\/44606"}],"wp:attachment":[{"href":"https:\/\/www.fedaiisf.it\/en\/wp-json\/wp\/v2\/media?parent=44596"}],"wp:term":[{"taxonomy":"category","embeddable":true,"href":"https:\/\/www.fedaiisf.it\/en\/wp-json\/wp\/v2\/categories?post=44596"},{"taxonomy":"post_tag","embeddable":true,"href":"https:\/\/www.fedaiisf.it\/en\/wp-json\/wp\/v2\/tags?post=44596"}],"curies":[{"name":"wp","href":"https:\/\/api.w.org\/{rel}","templated":true}]}}