{"id":44724,"date":"2019-07-05T13:44:25","date_gmt":"2019-07-05T11:44:25","guid":{"rendered":"https:\/\/www.fedaiisf.it\/?p=44724"},"modified":"2019-07-05T20:14:15","modified_gmt":"2019-07-05T18:14:15","slug":"carenza-farmaci-ne-mancano-200-la-soluzione-comprarli-allestero-a-prezzi-piu-alti","status":"publish","type":"post","link":"https:\/\/www.fedaiisf.it\/en\/carenza-farmaci-ne-mancano-200-la-soluzione-comprarli-allestero-a-prezzi-piu-alti\/","title":{"rendered":"Drug shortage. 200 are missing. The solution: buy them abroad at higher prices"},"content":{"rendered":"<h1>Farmaci, la carenza dei salvavita: 200 irreperibili nell\u2019elenco Aifa.<\/h1>\n<p>I pazienti che aspettano rischiano di aggravarsi ma l\u2019indisponibilit\u00e0 di certi medicinali non riguarda soltanto l&#8217;Italia. &#8220;Anche Spagna, Portogallo, Francia, Olanda, Norvegia, Austria, Slovenia&#8221;, dice il direttore dell&#8217;Agenzia italiana del farmaco Luca Li Bassi. Un mercato parallelo che sfugge ai controlli (ma che non \u00e8 l&#8217;unica causa che rialza i prezzi).<\/p>\n<p><a href=\"https:\/\/www.ilfattoquotidiano.it\/2019\/07\/05\/farmaci-la-carenza-dei-salvavita-200-irreperibili-nellelenco-aifa-la-soluzione-comprarli-allestero-a-prezzi-piu-alti\/5302223\/\" target=\"_blank\" rel=\"noopener noreferrer\">il fatto quotidiano &#8211; 5 luglio 2019<\/a>\u00a0di Chiara Daina<\/p>\n<p>La carenza cronica di<strong> farmaci salvavita<\/strong><span class=\"Apple-converted-space\">\u00a0<\/span>mette a dura prova i nostri ospedali. Se finiscono anche le scorte si devono comprare le confezioni all\u2019estero a<strong> prezzi pi\u00f9 alti<\/strong><span class=\"Apple-converted-space\">\u00a0<\/span>di quelli negoziati in Italia. E intanto i pazienti aspettano con il rischio di aggravarsi.<span class=\"Apple-converted-space\">\u00a0<\/span><strong>Antitumorali<\/strong>, antibiotici, antipsicotici, vaccini, capsule per l\u2019endometriosi, terapie contro polmonite, osteoporosi, Parkinson, dolori neuropatici. Nell\u2019elenco dei<span class=\"Apple-converted-space\">\u00a0<\/span><strong>medicinali irreperibili<\/strong><span class=\"Apple-converted-space\">\u00a0<\/span>di Aifa (l\u2019<strong>Agenzia italiana del farmaco<\/strong>) ci sono pi\u00f9 di 200 nomi. Ma l\u2019indisponibilit\u00e0 di certi farmaci non riguarda soltanto noi. \u201cTantissimi Paesi riportano questo problema, da nord a sud da est a ovest. Non solo l\u2019Italia, ma anche<span class=\"Apple-converted-space\">\u00a0<\/span><strong>Spagna<\/strong>, Portogallo,<span class=\"Apple-converted-space\">\u00a0<\/span><strong>Francia<\/strong>, Olanda, Norvegia, Austria, Slovenia\u201d, dice il direttore di Aifa<span class=\"Apple-converted-space\">\u00a0<\/span><strong>Luca Li Bassi<\/strong>. \u201cTutti \u2013 aggiunge \u2013 riconoscono che sta aumentando in modo esponenziale e in tutti i paesi e non abbiamo la percezione giusta delle ragioni che portano a questa dinamica\u201d.<\/p>\n<div id=\"adv-intext-0\" class=\"\" data-sizes=\"[[300,250],&quot;fluid&quot;,[336,280]]\" data-ad-unit=\"FattoQ_300x250_First_Art\">\n<p><a href=\"https:\/\/www.fedaiisf.it\/wp-content\/uploads\/2019\/07\/Scaccabarozzi.jpeg\"><img loading=\"lazy\" decoding=\"async\" class=\"wp-image-44730 alignright\" src=\"https:\/\/www.fedaiisf.it\/wp-content\/uploads\/2019\/07\/Scaccabarozzi.jpeg\" alt=\"\" width=\"400\" height=\"203\" srcset=\"https:\/\/www.fedaiisf.it\/wp-content\/uploads\/2019\/07\/Scaccabarozzi.jpeg 764w, https:\/\/www.fedaiisf.it\/wp-content\/uploads\/2019\/07\/Scaccabarozzi-300x152.jpeg 300w\" sizes=\"auto, (max-width: 400px) 100vw, 400px\" \/><\/a>Il presidente di Farmindustria<strong> Massimo Scaccabarozzi<\/strong>\u00a0spiega che \u201cneanche il 10 percento \u00e8 causato da difetti produttivi, legati alla scarsit\u00e0 delle materie prime o all\u2019inefficienza dei macchinari\u201d. L\u2019emorragia si verifica lungo la catena distributiva: <strong>grossisti<\/strong> e <strong>distributori<\/strong> comprano i farmaci dove costano meno, cio\u00e8 qui, e li rivendono dove costano di pi\u00f9, come in <strong>Germania<\/strong>. Un <strong>mercato parallelo<\/strong> che sfugge ai controlli da parte delle autorit\u00e0 competenti. Per questo motivo la proposta di Aifa \u00e8 quella \u201cdi creare un database a livello europeo per studiare i <strong>flussi internazionali<\/strong> dei farmaci\u201d, comunica il direttore Li Bassi, rimarcando per\u00f2 \u201cche il<strong>mercato parallelo<\/strong> non \u00e8 l\u2019unica causa, altrimenti saremmo solo noi ad avere il problema\u201d e invece anche \u201cin <strong>Svizzera<\/strong>, dove costano tanto e ci sono le sedi di molte multinazionali, ne mancano oltre 500. Ci sono dinamiche che dobbiamo comprendere prima di fornire soluzioni di lungo periodo e per tutto il mercato\u201d conclude Li Bassi.<\/p>\n<p>Intanto il 2 luglio c\u2019\u00e8 stata la prima riunione del tavolo tecnico istituito dal <strong>ministero della Salute<\/strong> per gestire l\u2019emergenza delle carenze. L\u2019obiettivo \u00e8 mettere al primo posto la salute pubblica e porre un freno alla logica del<strong> libero scambio<\/strong> quando si tratta di beni essenziali come i farmaci. Spesso rastrellati dagli scaffali di ospedali e farmacie anche attraverso furti da milioni di euro. Una soluzione tampone, discussa al tavolo, \u00e8 quella contenuta nel <strong>decreto Calabria<\/strong>, che prevede la facolt\u00e0 per Aifa di emanare provvedimenti di blocco temporaneo delle esportazioni. Come \u00e8 gi\u00e0 successo per il <strong>Sinemet<\/strong>, il farmaco <strong>anti-Parkinson<\/strong>, scomparso per dei mesi. Un altro suggerimento arriva dal presidente di <strong>Farmindustria<\/strong>: \u201cL\u2019industria potrebbe importare direttamente i medicinali mancanti dalle sue filiali all\u2019estero allo stesso prezzo pattuito in Italia\u201d. <a href=\"https:\/\/www.fedaiisf.it\/wp-content\/uploads\/2019\/07\/SIFO-DruGhost.jpeg\"><img loading=\"lazy\" decoding=\"async\" class=\"size-full wp-image-44734 alignleft\" src=\"https:\/\/www.fedaiisf.it\/wp-content\/uploads\/2019\/07\/SIFO-DruGhost.jpeg\" alt=\"\" width=\"410\" height=\"184\" srcset=\"https:\/\/www.fedaiisf.it\/wp-content\/uploads\/2019\/07\/SIFO-DruGhost.jpeg 410w, https:\/\/www.fedaiisf.it\/wp-content\/uploads\/2019\/07\/SIFO-DruGhost-300x135.jpeg 300w\" sizes=\"auto, (max-width: 410px) 100vw, 410px\" \/><\/a>Intanto ci si arrangia come si pu\u00f2. La societ\u00e0 italiana dei farmacisti ospedalieri (Sifo) qualche giorno fa ha lanciato la piattaforma online \u201c<strong>Drughost<\/strong>\u201d per mappare e quantificare i farmaci indisponibili, utile anche \u201cper \u2018convalidare\u2019 e \u2018valutare\u2019 i fornitori nelle procedure di gara\u201d si legge in un comunicato.<\/p>\n<p>La situazione \u00e8 paradossale anche per un altro motivo. L\u2019Italia infatti \u00e8 leader (\u201cquest\u2019anno a pari merito con la <strong>Germania<\/strong> ma ancora per poco\u201d, assicura Scaccabarozzi) in Europa nella produzione farmaceutica. I numeri del 2018 sono stati presentati oggi nel corso dell\u2019Assemblea pubblica di <strong>Farmindustria<\/strong>. Con un fatturato di <strong>32 miliardi di euro<\/strong> (il 3,2 per cento in pi\u00f9 rispetto all\u2019anno precedente), tre miliardi di investimenti (1,7 in ricerca e 1,3 in impianti produttivi ad alta tecnologia) e 66.500 addetti si conferma tra i settori manifatturieri pi\u00f9 importanti del nostro Paese. Con un <strong>export<\/strong>, che oggi vale<strong> 26 miliardi<\/strong>, che negli ultimi dieci anni \u00e8 aumentato del <strong>117 percento<\/strong>, cio\u00e8 pi\u00f9 della media europea (81 percento).<\/p>\n<p>In Italia, calcola <strong>Farmindustria<\/strong>, la spesa farmaceutica pubblica annua (al netto dei payback e della quota di ripiano), di <strong>290 euro procapite,<\/strong> pari a 80 centesimi al giorno, \u00e8 pi\u00f9 bassa, di oltre il 25 percento, rispetto alla media dei grandi Paesi europei. Grazie a una migliore capacit\u00e0 di <strong>contrattazione<\/strong> dei prezzi e meccanismi di rimborso virtuosi. Il payback innanzitutto, per effetto del quale le aziende ripianano l\u2019eccedenza della spesa farmaceutica se viene superato il tetto stabilito per legge, e che ha permesso alle Regioni di incassare <strong>2,4 miliardi di euro<\/strong> per gli anni 2013-2017. Anche se l\u2019ultima tranche da 800 milioni il Mef deve ancora stornarla. \u201cPortiamoci a casa al pi\u00f9 presto quei soldi gi\u00e0 contabilizzati nei bilanci regionali e che non appartengono allo Stato\u201d reclama <strong>Sergio Venturi<\/strong>, coordinatore della commissione Salute delle Regioni, anche lui intervenuto alla tavola rotonda di Farmindustria.<\/p>\n<p>Un altro sistema virtuoso sono i Managed entry agreements (Mea), accordi di rimborso condizionato per farmaci innovativi ad alto costo, che vengono pagati fondamentalmente in base ai risultati dimostrati. \u201cIl 35 per cento di questi contratti nel mondo sono italiani \u2013 afferma Scaccabarozzi -. Germania, Francia e Spagna non arrivano al cinque percento\u201d.\u00a0 L\u2019investimento in farmaci innovativi pu\u00f2 far diminuire i costi di trattamento. Come nel caso dell\u2019<strong>Epatite C<\/strong>. \u201cOggi, per queste persone, non abbiamo pi\u00f9 bisogno di trapianti di fegato, il che significa anche una riduzione dei costi di ospedalizzazione\u201d: un risultato impensabile per Venturi ripensando agli altissimi costi iniziali delle terapie. \u201cSe vediamo dove siamo partiti e dove siamo arrivati rispetto alla contrattazione del prezzo, ci rendiamo conto che la sostenibilit\u00e0 di <strong>farmaci innovativi<\/strong> \u00e8 possibile. E, tenendo il faro dell\u2019universalit\u00e0 davanti, troveremo le risorse anche per garantire l\u2019accesso ad altre nuove terapie in arrivo\u201d. La centralizzazione delle procedure di acquisto dei farmaci ha permesso di abbattere i prezzi e di fare entrare negli ospedali i generici. \u201cTuttavia \u2013 fa presente Venturi \u2013 in molte realt\u00e0 del Sud si preferisce ancora il farmaco griffato e qui ci sono ancora margini di miglioramento\u201d.<\/p>\n<p>Notizie correlate: <a href=\"http:\/\/www.aifa.gov.it\/content\/carenze-e-indisponibilt\u00e0\" target=\"_blank\" rel=\"noopener noreferrer\">AIFA.\u00a0Carenze e indisponibilt\u00e0<\/a><\/p>\n<p><a href=\"https:\/\/www.sifoweb.it\/images\/pdf\/stampa-comunicazione\/comunicati-stampa\/2019\/COMUNICATO_STAMPA_DRUGHOST.pdf\" target=\"_blank\" rel=\"noopener noreferrer\">Comunicato SIFO DruGhost<\/a><\/p>\n<p><a href=\"http:\/\/www.aifa.gov.it\/sites\/default\/files\/elenco_medicinali_carenti_05.07.2019.pdf\" target=\"_blank\" rel=\"noopener noreferrer\">Lista farmaci carenti<\/a><\/p>\n<hr \/>\n<h1>Centinaia di farmaci mancanti ma molti sostituibili<\/h1>\n<h2>Scotti (Fimmg): preoccupano alcuni senza equivalenti<\/h2>\n<p><a href=\"http:\/\/www.fimmg.org\/index.php?action=pages&amp;m=view&amp;p=18&amp;art=3416\" target=\"_blank\" rel=\"noopener noreferrer\">Fimmg &#8211; 5 luglio 2019<\/a><\/p>\n<p><a href=\"https:\/\/www.fedaiisf.it\/wp-content\/uploads\/2016\/11\/scotti.fimmg_.jpg\"><img loading=\"lazy\" decoding=\"async\" class=\"wp-image-28887 alignright\" src=\"https:\/\/www.fedaiisf.it\/wp-content\/uploads\/2016\/11\/scotti.fimmg_-1024x533.jpg\" alt=\"\" width=\"352\" height=\"183\" srcset=\"https:\/\/www.fedaiisf.it\/wp-content\/uploads\/2016\/11\/scotti.fimmg_-1024x533.jpg 1024w, https:\/\/www.fedaiisf.it\/wp-content\/uploads\/2016\/11\/scotti.fimmg_-300x156.jpg 300w, https:\/\/www.fedaiisf.it\/wp-content\/uploads\/2016\/11\/scotti.fimmg_-768x400.jpg 768w, https:\/\/www.fedaiisf.it\/wp-content\/uploads\/2016\/11\/scotti.fimmg_.jpg 1171w\" sizes=\"auto, (max-width: 352px) 100vw, 352px\" \/><\/a>Dagli antivirali agli antistaminici, ma anche antibiotici, alcuni antitumorali biologici, antiallergici. Sono centinaia i farmaci mancanti in Italia ed a segnalarlo \u00e8 la stessa Agenzia italiana del farmaco (Aifa) in un apposito &#8216;elenco medicinali carenti&#8217; aggiornato al 28 giugno 2019.<\/p>\n<p>La gran parte di questi medicinali \u00e8 per\u00f2 sostituibile con altri analoghi: \u00abPer questo i pazienti non devono allarmarsi, ma &#8211; afferma all&#8217;ANSA Silvestro Scotti &#8211; resta alta la preoccupazione per alcune tipologie di farmaci che, invece, non hanno possibili equivalenti o sostitutivi di emergenza\u00bb.<\/p>\n<p>Scorrendo la lunga lista dei farmaci carenti, sono segnalati anche medicinali per l&#8217;osteoporosi, per l&#8217;ipertrofia della prostata e per la gotta. Segnalate dall&#8217;Aifa pure le motivazioni alla base delle carenze, che vanno dai problemi produttivi o commerciali alla cessata commercializzazione temporanea o permanente. Per i farmaci segnalati nella lista come non aventi equivalenti, l&#8217;Aifa consiglia di rivolgersi allo specialista o al medico di medicina generale per un trattamento alternativo. \u00abSi tratta di una situazione sicuramente preoccupante &#8211; sottolinea Scotti &#8211; ma i pazienti non devono allarmarsi poich\u00e8, nella maggioranza dei casi, ci sono delle alternative terapeutiche.<\/p>\n<p>Quanto alle cause di tali carenze possono essere varie, ma forse un peso \u00e8 da attribuirsi anche al fatto che in alcuni casi le industrie non fanno pi\u00f9 produzione in quei paesi dove i margini di guadagno non sono significativi\u00bb. Ma se per molti medicinali mancanti \u00e8 possibile ricorrere ad un sostituto (con lo stesso principio attivo o analoghi), ve ne sono alcuni che non hanno equivalenti e sui quali si concentra la preoccupazione dei medici di famiglia: \u00abNella lista &#8211; spiega Scotti &#8211; \u00e8 ad esempio segnalato, senza possibilit\u00e0 di equivalenti, anche il vaccino haemophilus influenzae di tipo b o alcuni tipi di insuline. Ma a preoccuparci &#8211; avverte &#8211; \u00e8 anche la carenza delle immunoglobuline anti-tetano, segnalata gi\u00e0 da tempo: nel caso di tagli in condizioni particolari e in soggetti non vaccinati contro il tetano \u00e8 infatti necessario effettuare entro poche ore un&#8217;iniezione di queste immunoglobuline per scongiurare il rischio della malattia. Mancano in varie Regioni e si tratta di farmaci importanti carenti, secondo la lista Aifa, per problemi di produzione temporanea, anche se la loro mancanza \u00e8 lamentata da tempo. Non sono farmaci sostituibili e questo ci preoccupa molto\u00bb. Altra tipologia di farmaco non sostituibile mancante \u00abda considerarsi preoccupante &#8211; prosegue Scotti &#8211; \u00e8 quella che utilizza il principio attivo Fentanil. Si tratta di un analgesico oppioide che si utilizza in ospedale nei casi gravi e per la sedazione profonda. Non ha equivalenti, ma il ministero &#8211; conclude &#8211; ha previsto il rilascio dell&#8217;autorizzazione all&#8217;importazione alle strutture sanitarie per analogo medicinale autorizzato all&#8217;estero\u00bb<\/p>\n<p><em>di Manuela Correra \u2013 Fonte Ansa<\/em><\/p>\n<hr \/>\n<h2 class=\"span11\">Prima riunione Tavolo di lavoro carenza farmaci<\/h2>\n<p><a href=\"https:\/\/www.fedaiisf.it\/wp-content\/uploads\/2019\/07\/Carenza-farmaci-Tavolo-Ministero.jpg\"><img loading=\"lazy\" decoding=\"async\" class=\"size-full wp-image-44752 alignleft\" src=\"https:\/\/www.fedaiisf.it\/wp-content\/uploads\/2019\/07\/Carenza-farmaci-Tavolo-Ministero.jpg\" alt=\"\" width=\"455\" height=\"192\" srcset=\"https:\/\/www.fedaiisf.it\/wp-content\/uploads\/2019\/07\/Carenza-farmaci-Tavolo-Ministero.jpg 455w, https:\/\/www.fedaiisf.it\/wp-content\/uploads\/2019\/07\/Carenza-farmaci-Tavolo-Ministero-300x127.jpg 300w\" sizes=\"auto, (max-width: 455px) 100vw, 455px\" \/><\/a>Si \u00e8 riunito il 2 luglio 2019 il Tavolo carenza farmaci indetto dal Ministero per approfondire la problematica della periodica irreperibilit\u00e0 di alcuni medicinali presso le farmacie.<\/p>\n<p>Al Tavolo erano presenti, oltre ai rappresentanti del Ministero e dell\u2019Agenzia Italiana del Farmaco, le Federazioni e le Associazioni rappresentative della filiera farmaceutica, tutti impegnati nel comune intento di debellare le cause che ciclicamente concretizzano casi di assenza\u00a0di alcuni farmaci di particolare importanza terapeutica per i cittadini.<\/p>\n<p>In seno al Tavolo sono state esaminate le principali ragioni che provocano questo fenomeno: le carenze di tipo produttivo e le indisponibilit\u00e0 dovute a distorsioni della catena distributiva dei medicinali.<\/p>\n<p>Particolare attenzione \u00e8 stata incentrata sul recente aggiornamento della disciplina della gestione delle carenze e dell\u2019indisponibilit\u00e0 concretizzatosi con la conversione in <a title=\"apre nuova finestra sito Trovanorme salute\" href=\"http:\/\/www.trovanorme.salute.gov.it\/norme\/dettaglioAtto?id=69886\" target=\"_blank\" rel=\"noopener noreferrer\">legge<\/a> del cosiddetto \u201cD.L.\u00a0Calabria\u201d, che ha introdotto la facolt\u00e0 per l\u2019AIFA di emanare provvedimenti di blocco temporaneo delle esportazioni di farmaci in caso di necessit\u00e0 per prevenire o limitare stati di carenza o indisponibilit\u00e0.<\/p>\n<p>Il Tavolo ha, inoltre, affrontato le ipotesi di indisponibilit\u00e0 derivanti da condotte illecite da parte di alcuni soggetti della filiera farmaceutica o estranei alla stessa, come furti\u00a0e riciclaggio dei farmaci e \u201crastrellamento\u201d finalizzato all\u2019esportazione.<\/p>\n<p>Nel corso della discussione sono state ripercorse le azioni intraprese per contrastare i fenomeni delle carenze e indisponibilit\u00e0 dalla modifica della norma intervenuta nel 2014, che ha disciplinato il sistema per le comunicazioni delle indisponibilit\u00e0, al documento condiviso e sottoscritto nel 2016, che ha confermato le regole fondamentali della distribuzione dei medicinali, impegnando le Amministrazioni e le Associazioni di settore nella risoluzione del problema dell\u2019indisponibilit\u00e0 dei medicinali.<\/p>\n<p>A conclusione dell\u2019incontro tutti i partecipanti hanno offerto ampia disponibilit\u00e0 a collaborare con le strategie, che si riterr\u00e0 opportuno adottare, e hanno condiviso l\u2019esigenza di un approccio integrato e consapevole per la risoluzione del problema, ipotizzando anche eventuali modifiche normative, non solo sanzionatorie, e ritenendo opportuno che nell\u2019emanando aggiornamento delle linee guida di buona distribuzione dei medicinali\u00a0siano presenti\u00a0previsioni pi\u00f9 stringenti.<\/p>\n<p><a href=\"http:\/\/www.salute.gov.it\/portale\/news\/p3_2_1_1_1.jsp?lingua=italiano&amp;menu=notizie&amp;p=dalministero&amp;id=3822\" target=\"_blank\" rel=\"noopener noreferrer\">Ministero della Salute &#8211; 3 luglio 2019<\/a><\/p>\n<\/div>\n","protected":false},"excerpt":{"rendered":"<p>Farmaci, la carenza dei salvavita: 200 irreperibili nell\u2019elenco Aifa. I pazienti che aspettano rischiano di aggravarsi ma l\u2019indisponibilit\u00e0 di certi medicinali non riguarda soltanto l&#8217;Italia. &#8220;Anche Spagna, Portogallo, Francia, Olanda, Norvegia, Austria, Slovenia&#8221;, dice il direttore dell&#8217;Agenzia italiana del farmaco Luca Li Bassi. Un mercato parallelo che sfugge ai controlli (ma che non \u00e8 l&#8217;unica &hellip;<\/p>","protected":false},"author":4,"featured_media":44736,"comment_status":"closed","ping_status":"closed","sticky":false,"template":"","format":"standard","meta":{"footnotes":""},"categories":[1],"tags":[],"class_list":["post-44724","post","type-post","status-publish","format-standard","has-post-thumbnail","hentry","category-notizie"],"amp_enabled":true,"_links":{"self":[{"href":"https:\/\/www.fedaiisf.it\/en\/wp-json\/wp\/v2\/posts\/44724","targetHints":{"allow":["GET"]}}],"collection":[{"href":"https:\/\/www.fedaiisf.it\/en\/wp-json\/wp\/v2\/posts"}],"about":[{"href":"https:\/\/www.fedaiisf.it\/en\/wp-json\/wp\/v2\/types\/post"}],"author":[{"embeddable":true,"href":"https:\/\/www.fedaiisf.it\/en\/wp-json\/wp\/v2\/users\/4"}],"replies":[{"embeddable":true,"href":"https:\/\/www.fedaiisf.it\/en\/wp-json\/wp\/v2\/comments?post=44724"}],"version-history":[{"count":0,"href":"https:\/\/www.fedaiisf.it\/en\/wp-json\/wp\/v2\/posts\/44724\/revisions"}],"wp:featuredmedia":[{"embeddable":true,"href":"https:\/\/www.fedaiisf.it\/en\/wp-json\/wp\/v2\/media\/44736"}],"wp:attachment":[{"href":"https:\/\/www.fedaiisf.it\/en\/wp-json\/wp\/v2\/media?parent=44724"}],"wp:term":[{"taxonomy":"category","embeddable":true,"href":"https:\/\/www.fedaiisf.it\/en\/wp-json\/wp\/v2\/categories?post=44724"},{"taxonomy":"post_tag","embeddable":true,"href":"https:\/\/www.fedaiisf.it\/en\/wp-json\/wp\/v2\/tags?post=44724"}],"curies":[{"name":"wp","href":"https:\/\/api.w.org\/{rel}","templated":true}]}}