{"id":44820,"date":"2019-07-09T12:29:38","date_gmt":"2019-07-09T10:29:38","guid":{"rendered":"https:\/\/www.fedaiisf.it\/?p=44820"},"modified":"2019-08-03T11:12:56","modified_gmt":"2019-08-03T09:12:56","slug":"patto-per-la-salute-lintervento-di-carlo-di-nallo-dellesecutivo-federale-fedaiisf","status":"publish","type":"post","link":"https:\/\/www.fedaiisf.it\/en\/patto-per-la-salute-lintervento-di-carlo-di-nallo-dellesecutivo-federale-fedaiisf\/","title":{"rendered":"Patto per la salute. L&#8217;intervento di Carlo Di Nallo dell&#8217;Esecutivo federale Fedaiisf. Evidenziato lo squilibro fra legislazione e CCNL"},"content":{"rendered":"<p><em>Il ministro della Salute Giulia Grillo \u00e8 intervenuta al primo giorno della <a title=\"apre link interno \" href=\"http:\/\/www.salute.gov.it\/portale\/pattosalute\/homePattoSalute.jsp\" target=\"_blank\" rel=\"noopener noreferrer\">MaratonaPattoSalute<\/a>. Complessivamente, l&#8217;evento coinvolge pi\u00f9 di 350 protagonisti del settore sanitario in tre giornate: 8, 9 e 10 luglio. La prima giornata \u00e8 dedicata agli operatori, la seconda alle imprese, la terza alle associazioni dei pazienti.<\/em><\/p>\n<p><em>La prima parte si \u00e8 svolta all\u2019Auditorium \u201cBiagio d\u2019Alba\u201d della sede ministeriale di viale Giorgio Ribotta, <a href=\"https:\/\/www.fedaiisf.it\/wp-content\/uploads\/2019\/07\/Patto-per-la-Salute.jpeg\"><img loading=\"lazy\" decoding=\"async\" class=\"size-full wp-image-44822 alignright\" src=\"https:\/\/www.fedaiisf.it\/wp-content\/uploads\/2019\/07\/Patto-per-la-Salute.jpeg\" alt=\"\" width=\"393\" height=\"195\" srcset=\"https:\/\/www.fedaiisf.it\/wp-content\/uploads\/2019\/07\/Patto-per-la-Salute.jpeg 393w, https:\/\/www.fedaiisf.it\/wp-content\/uploads\/2019\/07\/Patto-per-la-Salute-300x149.jpeg 300w, https:\/\/www.fedaiisf.it\/wp-content\/uploads\/2019\/07\/Patto-per-la-Salute-390x195.jpeg 390w\" sizes=\"auto, (max-width: 393px) 100vw, 393px\" \/><\/a>dove ha presieduto l&#8217;apertura dei lavori il Sottosegretario Armando Bartolazzi; la sessione pomeridiana all\u2019Auditorium \u201cCosimo Piccinno\u201d della sede di Lungotevere Ripa, alla presenza del ministro Grillo.<\/em><\/p>\n<p><em>\u00c8 la prima volta che il <a href=\"http:\/\/www.salute.gov.it\/portale\/pattosalute\/dettaglioContenutiPattoSalute.jsp?lingua=italiano&amp;id=5222&amp;area=pattoSalute&amp;menu=vuoto\" target=\"_blank\" rel=\"noopener\">Pact for Health<\/a>, l&#8217;accordo Governo-Regioni che definisce risorse e azioni per il Servizio sanitario nazionale, diventa il frutto di un percorso comune e condiviso.<\/em><\/p>\n<p><em><strong>Luned\u00ec 8 luglio<\/strong> \u00e8 stata la giornata dedicata all\u2019ascolto delle Federazioni degli ordini professionali, delle societ\u00e0 scientifiche, delle associazioni professionali e dei sindacati.<\/em><\/p>\n<p><em>Carlo Di Nallo, dell&#8217;Esecutivo Federale Fedaiisf, ha svolto una relazione per conto Fedaiisf. Ha riferito che il ministro Grillo ha\u00a0ascoltato con molto interesse, si \u00e8 fatta lasciare la relazione con i recapiti, ed \u00e8 sobbalzata quando le \u00e8 stata illustrata la deriva commerciale delle aziende.<\/em><\/p>\n<p><em>Riportiamo l&#8217;intervento di Di Nallo.<\/em><\/p>\n<hr \/>\n<div class=\"page\" title=\"Page 1\">\n<div class=\"layoutArea\">\n<div class=\"column\">\n<h3 style=\"text-align: center;\">INFORMAZIONE SCIENTIFICA DEL FARMACO: SQUILIBRIO TRA LEGISLAZIONE VIGENTE E REALTA\u2019 DEI FATTI, FONTE DI GRAVE ALLARME SOCIALE MA CHE POSSIAMO TRASFORMARE IN GRANDE OPPORTUNITA\u2019 DI SALUTE CON EFFETTO POSITIVO SUL PIL<\/h3>\n<p>Io sono CARLO DI NALLO, da pi\u00f9 di 30 anni Informatore Scientifico del Farmaco, sono componente del Direttivo Nazionale di FEDAIISF, la Federazione delle Associazioni degli Informatori Scientifici del Farmaco; ma sono anche componente del Direttivo del COORDINAMENTO NAZIONALE ISF di FILCTEM CGIL.<\/p>\n<p>Prima di esporVi le ragioni del mio intervento ho necessit\u00e0 di fare 3 premesse-flash affinch\u00e8 si possa <a href=\"https:\/\/www.fedaiisf.it\/wp-content\/uploads\/2019\/07\/Patto-per-la-Salute-la-sala-.jpg\"><img loading=\"lazy\" decoding=\"async\" class=\"wp-image-44825 alignleft\" src=\"https:\/\/www.fedaiisf.it\/wp-content\/uploads\/2019\/07\/Patto-per-la-Salute-la-sala-.jpg\" alt=\"\" width=\"332\" height=\"221\" srcset=\"https:\/\/www.fedaiisf.it\/wp-content\/uploads\/2019\/07\/Patto-per-la-Salute-la-sala-.jpg 600w, https:\/\/www.fedaiisf.it\/wp-content\/uploads\/2019\/07\/Patto-per-la-Salute-la-sala--300x200.jpg 300w, https:\/\/www.fedaiisf.it\/wp-content\/uploads\/2019\/07\/Patto-per-la-Salute-la-sala--274x183.jpg 274w, https:\/\/www.fedaiisf.it\/wp-content\/uploads\/2019\/07\/Patto-per-la-Salute-la-sala--80x54.jpg 80w, https:\/\/www.fedaiisf.it\/wp-content\/uploads\/2019\/07\/Patto-per-la-Salute-la-sala--130x87.jpg 130w, https:\/\/www.fedaiisf.it\/wp-content\/uploads\/2019\/07\/Patto-per-la-Salute-la-sala--359x240.jpg 359w, https:\/\/www.fedaiisf.it\/wp-content\/uploads\/2019\/07\/Patto-per-la-Salute-la-sala--85x57.jpg 85w, https:\/\/www.fedaiisf.it\/wp-content\/uploads\/2019\/07\/Patto-per-la-Salute-la-sala--546x365.jpg 546w, https:\/\/www.fedaiisf.it\/wp-content\/uploads\/2019\/07\/Patto-per-la-Salute-la-sala--165x109.jpg 165w, https:\/\/www.fedaiisf.it\/wp-content\/uploads\/2019\/07\/Patto-per-la-Salute-la-sala--112x75.jpg 112w, https:\/\/www.fedaiisf.it\/wp-content\/uploads\/2019\/07\/Patto-per-la-Salute-la-sala--179x120.jpg 179w, https:\/\/www.fedaiisf.it\/wp-content\/uploads\/2019\/07\/Patto-per-la-Salute-la-sala--170x113.jpg 170w, https:\/\/www.fedaiisf.it\/wp-content\/uploads\/2019\/07\/Patto-per-la-Salute-la-sala--81x55.jpg 81w, https:\/\/www.fedaiisf.it\/wp-content\/uploads\/2019\/07\/Patto-per-la-Salute-la-sala--765x510.jpg 765w\" sizes=\"auto, (max-width: 332px) 100vw, 332px\" \/><\/a>comprendere meglio lo stato dell\u2019 arte delle cose ed i pericoli a ci\u00f2 connessi, ma voglio evidenziare anche le opportunit\u00e0 che possono essere generate.<\/p>\n<p>Premesso che: l\u2019 Uomo alla nascita ha solo due certezze, la 1.a) che un giorno morir\u00e0 e la 2.a) che prima o poi sar\u00e0 un PAZIENTE, e quando si diventa pazienti, o lo diventa un nostro familiare, ci aspettiamo il pi\u00f9 efficace trattamento sanitario e farmacologico possibile.<\/p>\n<p>Premesso pure che: la Salute \u00e8 strettamente collegata al PIL, basti pensare al costo complessivo di una banale epidemia influenzale; il XIX Congresso della Societ\u00e0 Italiana di Pneumologia ha quantificato economicamente questa comunissima morbidit\u00e0, in 1 punto diPIL (15 Miliardi di \u20ac); il costo, naturalmente, non solo comprende la spesa farmaceutica, poca cosa, ma tiene conto della mancata produzione, delle assenze dal posto di lavoro, dei ritardi burocratici generati dalle assenze sul posto di lavoro, ecc. ecc.<\/p>\n<p>Ultima premessa: Una recente ricerca dell\u2019 Universit\u00e0 di Harvard ha stabilito che IL SAPERE MEDICO, IN 10 ANNI, SI AZZERA DEL 90 %, cio\u00e8 nell\u2019 arco di 10 anni il 90 % delle certezze terapeutiche sono annullate dal progresso delle conoscenze scientifiche e dal progresso terapeutico.<\/p>\n<p>Da qui la necessit\u00e0 di una sempre maggiore ricerca, ma i risultati della ricerca scientifica devono essere fruibili da tutti altrimenti resta un puro esercizio teorico; qui mi piace ricordare una frase di Henry Ford: \u201cL\u2019 INNOVAZIONE NON E\u2019 UTILE SE NON E\u2019 ALLA PORTATA DI TUTTI\u201d.<\/p>\n<p><a href=\"https:\/\/www.fedaiisf.it\/wp-content\/uploads\/2019\/07\/Patto-per-la-salute-intervento-Di-Nallo.jpeg\"><img loading=\"lazy\" decoding=\"async\" class=\"wp-image-44827 alignright\" src=\"https:\/\/www.fedaiisf.it\/wp-content\/uploads\/2019\/07\/Patto-per-la-salute-intervento-Di-Nallo.jpeg\" alt=\"\" width=\"415\" height=\"294\" srcset=\"https:\/\/www.fedaiisf.it\/wp-content\/uploads\/2019\/07\/Patto-per-la-salute-intervento-Di-Nallo.jpeg 692w, https:\/\/www.fedaiisf.it\/wp-content\/uploads\/2019\/07\/Patto-per-la-salute-intervento-Di-Nallo-300x213.jpeg 300w\" sizes=\"auto, (max-width: 415px) 100vw, 415px\" \/><\/a>Negli ultimissimi anni la ricerca, in campo farmaceutico, ha avuto un profondo cambiamento, praticamente sdoppiandosi e facendo nascere un nuovo filone interessantissimo ed importantissimo, gli studi REAL LIFE.<\/p>\n<p>Fino a qualche anno fa l\u2019 unica ricerca farmaceutica era quale in fase di realizzazione di un farmaco, si sperimentava in 4 fasi, giungendo alla commercializzazione del farmaco stesso e li terminava.<\/p>\n<p>Oggi a questa ricerca si affiancano i gi\u00e0 citati STUDI REAL LIFE, cio\u00e8 nella vita reale, la vita quotidiana.<br \/>\nPer farmi comprendere meglio, prima si studiavano solo pazienti altamente selezionati e si escludevano pazienti con patologie o comportamenti che interferissero con il disegno dello studio, al solo scopo di dimostrare l\u2019 efficacia del nuovo farmaco.<\/p>\n<p>Oggi invece si studia anche il farmaco nell\u2019uso di tutti i giorni, quando il paziente \u00e8 a casa, fa la vita quotidiana, assume altri farmaci per altre patologie.<\/p>\n<div class=\"page\" title=\"Page 2\">\n<div class=\"layoutArea\">\n<div class=\"column\">\n<p>Questi nuovi studi, nell\u2019 arco dei prossimi 5 anni interesseranno il 99 % dei farmaci in commercio, quindi non solo dei nuovi farmaci ma anche di quelli pi\u00f9 datati e gli studi stessi si protraggono anche per tempi lunghissimi per poter verificare i profili di efficacia e di sicurezza a lungo termine.<br \/>\nOggi il REAL LIFE interessa ancora meno di un terzo dei farmaci in commercio, 5 anni fa non esisteva questa metodica di studio e come detto tra 5 anni pressoch\u00e8 la totalit\u00e0 dei farmaci ne sar\u00e0 oggetto.<br \/>\nPurtroppo, come affermato, lo scorso gioved\u00ec nell\u2019 Assemblea Pubblica di Farmindustria, dal Direttore Esecutivo dell\u2019 EMA, l\u2019 ente europeo che si occupa della supervisione e del controllodei farmaci, in Italia, <a href=\"https:\/\/www.fedaiisf.it\/wp-content\/uploads\/2019\/07\/Patto-salute-ministro-Grillo_itemName_6_fotoAggiuntiva.jpg\"><img loading=\"lazy\" decoding=\"async\" class=\"wp-image-44828 alignleft\" src=\"https:\/\/www.fedaiisf.it\/wp-content\/uploads\/2019\/07\/Patto-salute-ministro-Grillo_itemName_6_fotoAggiuntiva.jpg\" alt=\"\" width=\"353\" height=\"235\" srcset=\"https:\/\/www.fedaiisf.it\/wp-content\/uploads\/2019\/07\/Patto-salute-ministro-Grillo_itemName_6_fotoAggiuntiva.jpg 600w, https:\/\/www.fedaiisf.it\/wp-content\/uploads\/2019\/07\/Patto-salute-ministro-Grillo_itemName_6_fotoAggiuntiva-300x200.jpg 300w, https:\/\/www.fedaiisf.it\/wp-content\/uploads\/2019\/07\/Patto-salute-ministro-Grillo_itemName_6_fotoAggiuntiva-274x183.jpg 274w, https:\/\/www.fedaiisf.it\/wp-content\/uploads\/2019\/07\/Patto-salute-ministro-Grillo_itemName_6_fotoAggiuntiva-80x54.jpg 80w, https:\/\/www.fedaiisf.it\/wp-content\/uploads\/2019\/07\/Patto-salute-ministro-Grillo_itemName_6_fotoAggiuntiva-130x87.jpg 130w, https:\/\/www.fedaiisf.it\/wp-content\/uploads\/2019\/07\/Patto-salute-ministro-Grillo_itemName_6_fotoAggiuntiva-359x240.jpg 359w, https:\/\/www.fedaiisf.it\/wp-content\/uploads\/2019\/07\/Patto-salute-ministro-Grillo_itemName_6_fotoAggiuntiva-85x57.jpg 85w, https:\/\/www.fedaiisf.it\/wp-content\/uploads\/2019\/07\/Patto-salute-ministro-Grillo_itemName_6_fotoAggiuntiva-546x365.jpg 546w, https:\/\/www.fedaiisf.it\/wp-content\/uploads\/2019\/07\/Patto-salute-ministro-Grillo_itemName_6_fotoAggiuntiva-165x109.jpg 165w, https:\/\/www.fedaiisf.it\/wp-content\/uploads\/2019\/07\/Patto-salute-ministro-Grillo_itemName_6_fotoAggiuntiva-112x75.jpg 112w, https:\/\/www.fedaiisf.it\/wp-content\/uploads\/2019\/07\/Patto-salute-ministro-Grillo_itemName_6_fotoAggiuntiva-179x120.jpg 179w, https:\/\/www.fedaiisf.it\/wp-content\/uploads\/2019\/07\/Patto-salute-ministro-Grillo_itemName_6_fotoAggiuntiva-170x113.jpg 170w, https:\/\/www.fedaiisf.it\/wp-content\/uploads\/2019\/07\/Patto-salute-ministro-Grillo_itemName_6_fotoAggiuntiva-81x55.jpg 81w, https:\/\/www.fedaiisf.it\/wp-content\/uploads\/2019\/07\/Patto-salute-ministro-Grillo_itemName_6_fotoAggiuntiva-765x510.jpg 765w\" sizes=\"auto, (max-width: 353px) 100vw, 353px\" \/><\/a>questa tipologia di studi, \u00e8 ancora troppo poco sviluppata, rispetto agli Stati Uniti ed ai principali Paesi Europei, ma abbiamo le risorse scientifiche e le capacit\u00e0 organizzative per recuperare il gap.<\/p>\n<p>Per esplicitare quanto questa nuova metodica, gli STUDI REAL LIFE, ha portato ad acquisizioni scientifiche inimmaginabili prima, bastano 2 esempi per tutti:<\/p>\n<p>1)- la scoperta che dosi importanti di PARACETAMOLO, il farmaco che tutti prendiamo quando abbiamo la febbre, assunte durante la gravidanza, comporta il rischio di sterilit\u00e0 nei feti femmina o di futuro aumento del rischio di tumore alla prostata nei feti maschi;<br \/>\n2)- la scoperta che l\u2019 HCT, un diuretico presente in un\u2019 infinit\u00e0 di farmaci per la pressione, a dosi normali, se assunto per lungo periodo, aumenta notevolmente il rischio di due tipi di tumore della pelle, con conseguente necessit\u00e0 di uno stretto monitoraggio dei pazienti che lo assumono.<\/p>\n<p>Alla trasmissione di tutta questa massa di sapere scientifico \u00e8 deputata la figura dell\u2019ISF, figura professionale essenziale perch\u00e9 oltre ad informare il medico delle caratteristiche del farmaco, della corretta posologia, degli studi comparativi con precedenti terapie, ha, inoltre, l\u2019 ISF, il compito di raccogliere dai medici, notizie sugli effetti collaterali od indesiderati del farmaco, ponendosi, in questo modo, quale primo e fondamentale anello della filiera della FARMACOVIGILANZA a tutela della pubblica salute.<\/p>\n<p>Per farvi meglio comprendere quanto gli ISF, con la loro attivit\u00e0, abbiano cambiato la vita di tutti noi Vi cito solo un esempio, l\u2019 ULCERA GASTRICA.<\/p>\n<p>Correva l\u2019 anno 1953 quando un medico greco ebbe l\u2019 intuizione che questa patologia avesse una causa batterica, il medico raccolse una copiosa casistica, 30.000 soggetti trattati, anche in collaborazione con altri colleghi, ma non riusc\u00ec mai ad ottenere pubblicazioni scientifiche o riconoscimenti, anzi ebbe parecchi guai giudiziari.<\/p>\n<p>Il modo di approcciare l\u2019ULCERA GASTRICA cambi\u00f2 a met\u00e0 degli anni \u201980, cio\u00e8 30 anni dopo, quando gli ISF cominciarono a presentare ai medici nuovi approcci terapeutici che si rifacevano a quelle stesse intuizioni del medico greco.<br \/>\nVisita dopo visita degli ISF, anche al medico nel pi\u00f9 sperduto ed isolato dei paesini, da Pantelleria fino al Brennero, si \u00e8 avuto come risultato un approccio diverso al trattamento dell\u2019 ulcera, l\u2019 intervento chirurgico di ulcera gastrica, nell\u2019 arco di pochissimi anni non \u00e8 stato pi\u00f9 eseguito.<\/p>\n<p>Fino ad allora, l\u2019 intervento chirurgico di ulcera era il pi\u00f9 comune atto chirurgico, dal nuovo approccio proposto dagli ISF, non viene pi\u00f9 effettuato perch\u00e9 non \u00e8 pi\u00f9 necessario farlo, basta la terapia medica.<br \/>\nMa dobbiamo tener presente che oggi la terapia medica si basa sulle stesse intuizioni scientifiche del medico greco; il medico greco per\u00f2 non aveva la capacit\u00e0 di contattare tutti i suoi colleghi e di contattarli <a href=\"https:\/\/www.fedaiisf.it\/wp-content\/uploads\/2019\/07\/Patto-per-la-Salute-Bartolazzi.jpeg\"><img loading=\"lazy\" decoding=\"async\" class=\"wp-image-44829 alignright\" src=\"https:\/\/www.fedaiisf.it\/wp-content\/uploads\/2019\/07\/Patto-per-la-Salute-Bartolazzi.jpeg\" alt=\"\" width=\"385\" height=\"275\" srcset=\"https:\/\/www.fedaiisf.it\/wp-content\/uploads\/2019\/07\/Patto-per-la-Salute-Bartolazzi.jpeg 598w, https:\/\/www.fedaiisf.it\/wp-content\/uploads\/2019\/07\/Patto-per-la-Salute-Bartolazzi-300x214.jpeg 300w\" sizes=\"auto, (max-width: 385px) 100vw, 385px\" \/><\/a>ripetutamente, gli ISF quella capacit\u00e0 l\u2019 hanno avuta ed hanno cambiato la storia clinica dell\u2019ULCERA GASTRICA, portando a guarigione oltre un miliardo di persone in tutto il mondo, naturalmente negli anni, rendendo non pi\u00f9 necessari oltre un miliardo di interventi chirurgici, con incalcolabili risparmi di vite umane e di immense risorse economiche, ottenendo nel contempo una qualit\u00e0 di vita dei pazienti inimmaginabile prima.<\/p>\n<div class=\"page\" title=\"Page 3\">\n<div class=\"layoutArea\">\n<div class=\"column\">\n<p>In definitiva gli ISF, inducendo un cambio di approccio all\u2019 ulcera gastrica, hanno, allo stesso tempo, influenzato virtuosamente: sulla qualit\u00e0\/quantit\u00e0 di vita dei pazienti, sulla riduzione di spesa sanitaria e sul PIL per la mancata assenza sui posti di lavoro.<\/p>\n<p>La Legislazione italiana, per prima in Europa e forse nel mondo, ha colto la delicatezza e l\u2019importanza del ruolo dell\u2019 ISF; il Parlamento Italiano, agli inizi degli anni \u201990, proprio per questa importanza e delicatezza di ruolo, volle regolamentare la figura dell\u2019 ISF con il D.Lgs 541\/92.<\/p>\n<p>La Comunit\u00e0 Europea prendendo a base questo nostro D.Lgs, all\u2019 inizio degli anni 2000, ha varato le Direttive Comunitarie 2001\/83\/CE e 2003\/94\/CE, direttiva recepite dal Parlamento Italiano ed attuate con il D.Lgs 219\/2006.<\/p>\n<p>Cosa prevede e cosa impone il D.Lgs 219\/2006:<\/p>\n<ul>\n<li>Prevede che l\u2019 informazione sui medicinali al medico ed al farmacista pu\u00f2 essere fornita tramite gli ISF<\/li>\n<li>Prescrive quali sono le lauree con le quali si pu\u00f2 svolgere la professione di ISF<\/li>\n<li>Impone la dipendenza degli ISF dal SERVIZIO SCIENTIFICO delle aziende<\/li>\n<li>Impone agli ISF di riferire al Servizio Scientifico tutti gli effetti collaterali emersi dai colloqui con i medici<\/li>\n<li>Impone alle Aziende che il SERVIZIO SCIENTIFICO sia indipendente dal SERVIZIO MARKETING e che ogni azienda ne sia dotata.<\/li>\n<\/ul>\n<p>Impone che l\u2019 azienda provveda alla formazione degli ISF ed alla verifica di tale formazione specifica<\/p>\n<p>Ma qual\u2019 \u00e8 la realt\u00e0 delle cose oggi:<\/p>\n<ul>\n<li>Il CCNL della Chimica Farmaceutica inquadra gli ISF al livello B1, cio\u00e8 IMPEGATI con FUNZIONI DIRETTIVE, \u00a0ma gerarchicamente posizionati nell\u2019AREA FUNZIONALE E COMMERCIALE MARKETING\/VENDITE cio\u00e8 tutto il contrario di quanto disposto dal comma n\u00b0 6 dell\u2019Art. 122 e dall\u2019ultimo periodo del comma n\u00b0 1 dell\u2019Art. 126 del D.Lgs 219\/2006.<\/li>\n<li>Ma poich\u00e9 al peggio non c\u2019\u00e8 mai fine, sempre pi\u00f9 aziende, dalle grandi alle piccole, assumono gli ISF con contratto ENASARCO, cio\u00e8 come rappresentanti di commercio; per essere pi\u00f9 comprensibile, come se divulgare l\u2019 innovazione in campo medico fosse la stessa cosa che vendere panettoni o bulloni.<\/li>\n<li>La cosa pi\u00f9 allarmante risiede nel fatto che questa forma contrattuale basa la retribuzione dell\u2019 ISF sulle vendite effettuate dalle farmacie.<\/li>\n<li>Questo disallineamento, tra le la legislazione nazionale, recepente le direttiva comunitarie, e le realt\u00e0 contrattuali degli ISF continuano a generale situazioni che giungono a sfiorare l\u2019allarme sociale, situazioni che riassumerei cos\u00ec:<\/li>\n<\/ul>\n<p>1. Negli ultimi 10 anni circa 15.000 ISF sono stati licenziati per la decisione, di quasi tutte le aziende, di ridurre la comunicazione scientifica presso la classe medica; riduzione di informazione portata ai medici nonostante la sempre crescente mole di nuovi dati forniti dalla ricerca clinica e nonostante i crescenti risultati economici delle aziende.<\/p>\n<\/div>\n<\/div>\n<\/div>\n<div class=\"page\" title=\"Page 4\">\n<div class=\"layoutArea\">\n<div class=\"column\">\n<p>2.Negli ultimi mesi si \u00e8 giunti, addirittura, per gli ISF, ai licenziamenti individuali per motivi economici, ex art. 18 dello Statuto dei Lavoratori come modificato dalla Legge Fornero, cio\u00e8 per chiusura dei territori dove l\u2019azienda farmaceutica ritiene meno economicamente vantaggioso continuare a portare l\u2019 aggiornamento scientifico alla classe medica di quello stesso territorio. Nella realt\u00e0 dei fatti come se in quelle zone, chiuse dalle aziende farmaceutiche, le persone non avessero gli stessi diritti del resto dei cittadini italiani, ed avere informazione dalla classe medica sulla migliore opportunit\u00e0 terapeutica.<\/p>\n<p>3.Se questo principio passa come legittimo presto avremo una sanit\u00e0 per le zone ricche, avanzata ed aggiornata, ed una sanit\u00e0 per zone meno ricche, pi\u00f9 arretrata e meno aggiornata; dobbiamo rassegnarci al fatto che lo sparti acque della scelta sar\u00e0 il fatturato ?<\/p>\n<p>4.In questo modo, la deriva commerciale porterebbe, per assurdo, a quei cittadini che vivono nelle zone meno ricche, un\u2019 attenuazione di quelle garanzie Costituzionali sancite dagli Artt.: 2, 3, 4 e 32 della Carta costituzionale.<\/p>\n<p>5.In ultimo, una deriva commerciale dell\u2019 INFORMAZIONE SCIENTIFICA DEL FARMACO potrebbe portare ad illecite inframettenze, che troverebbero terreno di coltura tra una correlazione stretta tra remunerazione degli ISF e prescrizione del farmaco, generando, anche teoricamente, il sospetto che la prescrizione non sempre sia quella pi\u00f9 utile al paziente o quella pi\u00f9 giusta per lui, con possibili conseguenza sulla salute pubblica e per l\u2019 erario.<\/p>\n<p>Non a caso lo Stato, per evitare squilibri territoriali, nell\u2019 aggiornamento medico, ha voluto che la spesa per l\u2019 INFORMAZIONE SCIENTIFICA sia computata gi\u00e0 in sede di determinazione del prezzo del farmaco, onde perseguire un\u2019appropriata ed uniforme informazione a tutta la classe medica senza costringere le aziende produttrici ad illeciti artifizi per rientrare dalle spese di informazione.<\/p>\n<div class=\"page\" title=\"Page 4\">\n<div class=\"layoutArea\">\n<div class=\"column\">\n<p><a href=\"https:\/\/www.fedaiisf.it\/wp-content\/uploads\/2019\/07\/Patto-per-la-Salute-Di-Nallo-Grillo.jpeg\"><img loading=\"lazy\" decoding=\"async\" class=\"wp-image-44826 alignleft\" src=\"https:\/\/www.fedaiisf.it\/wp-content\/uploads\/2019\/07\/Patto-per-la-Salute-Di-Nallo-Grillo.jpeg\" alt=\"\" width=\"431\" height=\"321\" srcset=\"https:\/\/www.fedaiisf.it\/wp-content\/uploads\/2019\/07\/Patto-per-la-Salute-Di-Nallo-Grillo.jpeg 692w, https:\/\/www.fedaiisf.it\/wp-content\/uploads\/2019\/07\/Patto-per-la-Salute-Di-Nallo-Grillo-300x224.jpeg 300w\" sizes=\"auto, (max-width: 431px) 100vw, 431px\" \/><\/a>Avviandomi a conclusione del mio intervento chiedo alla Sig.ra Ministra, per quanto sopra rappresentato:<br \/>\nDi emettere, al pi\u00f9 presto, un atto, quello che ritiene pi\u00f9 opportuno, Circolare Ministeriale, Decreto o qualunque altro documento ritenga giusto, dal quale atto si evidenzi in modo INEQUIVOCABILE che gli ISF non debbono avere una dipendenza gerarchica\u00a0dal settore commerciale marketing\/vendita dell\u2019 azienda ma\u00a0gerarchicamente devono dipendere dal servizio scientifico, come stabilito dal D.Lgs 219\/2006.<\/p>\n<p>Oppure, se la Sig.ra Ministra, ritiene opportuno e giusto quanto \u00e8 nello stato dei fatti oggi, cio\u00e8 la prevalenza dell\u2019 aspetto commerciale sull\u2019 aspetto scientifico, proponga al Parlamento di cambiare la legislazione vigente, legislazione ricordo che recepisce le direttive comunitarie.<\/p>\n<p>In definitiva o adeguiamo i contratti di lavoro alla legge o cambiamo la legge adeguandola ai contratti di lavoro improntati con visione commerciale.<\/p>\n<p>L\u2019una o l\u2019altra opzione, una terza via, cio\u00e8 quella di non decidere, non \u00e8 pi\u00f9 possibile percorrela, il rimandare ancora ci condurrebbe ad un punto di non ritorno.<\/p>\n<div class=\"page\" title=\"Page 5\">\n<div class=\"layoutArea\">\n<div class=\"column\">\n<p>La necessit\u00e0 di scegliere, e di scegliere ora, penso che sia chiaro a Tutti; ma nello scegliere \u00e8 necessario tener presente alcuni fattori:<\/p>\n<ul>\n<li>Il ritardo della scelta porterebbe, in primis, un danno al mondo della Farmaceutica che\u00e8 il fiore all\u2019 occhiello dell\u2019 industria italiana; la farmaceutica \u00e8 un settore ad altissimo valore aggiunto che negli ultimi anni, nei comparti di ricerca e produzione ha generato crescenti e qualificati livelli occupazionali, a tali risorse bisogna necessariamente fornire un adeguato anello di collegamento con il mondo clinico, l\u2019 unico anello legittimato per legge \u00e8 costituito dagli ISF che anzi nello stesso periodo sono stati ridotti dei 2\/3.<\/li>\n<li>Farmindustria, nel proprio CODICE DEONTOLOGICO ha dedicato addirittura tutto un capitolo, il 2\u00b0, all\u2019 INFORMAZIONE SCIENTIFICA DIRETTA, capitolo tutto improntato sull\u2019 etica e sulla correttezza d\u2019 informazione.<\/li>\n<li>Gioved\u00ec scorso, nell\u2019 Assemblea Pubblica di Farmindustria, il Presidente Scaccabarozzi ha tenuto ad evidenziare che, per la sua Associazione, le Persone, cio\u00e8 i pazienti, vengono prima dell\u2019 utile economico.<\/li>\n<li>Sempre gioved\u00ec scorso, il dott. Scaccabarozzi, ha chiesto: \u201cREGOLE DURATURE, CERTE E CERTAMENTE APPLICATE\u201d , \u00e8 quello che chiediamo pure noi per l\u2019INFORMAZIONE SCIENTIFICA DEL FARMACO; ora bisogna DECIDERE E FAR APPLICARE LA DECISIONE se gli ISF sono derivazione territoriale del\u00a0SERVIZIO SCIENTIFICO, come stabilisce la Legge, o sono la derivazione territoriale\u00a0del COMMERCIALE MARKETING\/VENDITE come lo vogliono i contratti di lavoro.<\/li>\n<li>La domanda \u00e8: PREVALE LA LEGGE DELLO STATO O PREVALE\u00a0QUANTO STABILITO NEI CONTRATTI DI LAVORO ?<\/li>\n<\/ul>\n<p>Signori qui, ora, pu\u00f2 nascere un patto di collaborazione tra tutti gli attori del Pianeta Sanit\u00e0, un Patto improntato sull\u2019 Etica, finalizzato alla salute di Tutti; un Patto capace di mantenerel\u2019 industria farmaceutica <a href=\"https:\/\/www.fedaiisf.it\/wp-content\/uploads\/2019\/07\/Patto-per-la-salute-.jpg\"><img loading=\"lazy\" decoding=\"async\" class=\"wp-image-44830 alignright\" src=\"https:\/\/www.fedaiisf.it\/wp-content\/uploads\/2019\/07\/Patto-per-la-salute-.jpg\" alt=\"\" width=\"350\" height=\"233\" srcset=\"https:\/\/www.fedaiisf.it\/wp-content\/uploads\/2019\/07\/Patto-per-la-salute-.jpg 600w, https:\/\/www.fedaiisf.it\/wp-content\/uploads\/2019\/07\/Patto-per-la-salute--300x200.jpg 300w, https:\/\/www.fedaiisf.it\/wp-content\/uploads\/2019\/07\/Patto-per-la-salute--274x183.jpg 274w, https:\/\/www.fedaiisf.it\/wp-content\/uploads\/2019\/07\/Patto-per-la-salute--80x54.jpg 80w, https:\/\/www.fedaiisf.it\/wp-content\/uploads\/2019\/07\/Patto-per-la-salute--130x87.jpg 130w, https:\/\/www.fedaiisf.it\/wp-content\/uploads\/2019\/07\/Patto-per-la-salute--359x240.jpg 359w, https:\/\/www.fedaiisf.it\/wp-content\/uploads\/2019\/07\/Patto-per-la-salute--85x57.jpg 85w, https:\/\/www.fedaiisf.it\/wp-content\/uploads\/2019\/07\/Patto-per-la-salute--546x365.jpg 546w, https:\/\/www.fedaiisf.it\/wp-content\/uploads\/2019\/07\/Patto-per-la-salute--165x109.jpg 165w, https:\/\/www.fedaiisf.it\/wp-content\/uploads\/2019\/07\/Patto-per-la-salute--112x75.jpg 112w, https:\/\/www.fedaiisf.it\/wp-content\/uploads\/2019\/07\/Patto-per-la-salute--179x120.jpg 179w, https:\/\/www.fedaiisf.it\/wp-content\/uploads\/2019\/07\/Patto-per-la-salute--170x113.jpg 170w, https:\/\/www.fedaiisf.it\/wp-content\/uploads\/2019\/07\/Patto-per-la-salute--81x55.jpg 81w, https:\/\/www.fedaiisf.it\/wp-content\/uploads\/2019\/07\/Patto-per-la-salute--765x510.jpg 765w\" sizes=\"auto, (max-width: 350px) 100vw, 350px\" \/><\/a>italiana saldamente prima in Europa; un Patto in grado di accrescere livelli occupazionale e PIL, sia diretto che indotto; un Patto che possa avvalersi anche di una futura tracciabilit\u00e0 di filiera, che potremmo chiamare Brand Italia; un Patto che veda gli ISF sempre pi\u00f9 impegnati nel conseguimento dell\u2019 obiettivo di migliorare le aspettative di maggiore e migliore quantit\u00e0 e qualit\u00e0 di vita di Tutti, anche attraverso\u00a0programmi condivisi con eventuali iniziative ministeriali, che potremmo chiamare Informa Italia.<\/p>\n<p>Si signori \u00e8 necessario un Patto di collaborazione tra tutti gli Attori del Pianeta Sanit\u00e0 e gli ISF ci saranno, un Patto di collaborazione perch\u00e9 come diceva Henry Ford:<\/p>\n<p>\u201c<em>Mettersi insieme \u00e8 un inizio, rimanere insieme \u00e8 un progresso, lavorare insieme \u00e8 un successo<\/em>\u201d<\/p>\n<p>Vi ringrazio della Vostra Attenzione.<\/p>\n<hr \/>\n<ul>\n<li><a title=\"video di benvenuto alla #MaratonaPattoSalute\" href=\"http:\/\/www.salute.gov.it\/portale\/news\/p3_2_7_0_1.jsp?lingua=italiano&amp;menu=multimedia&amp;p=video&amp;id=1936\" target=\"_blank\" rel=\"noopener noreferrer\">il video di benvenuto<\/a><\/li>\n<li><a href=\"http:\/\/www.salute.gov.it\/portale\/news\/p3_2_7_0_1.jsp?lingua=italiano&amp;menu=multimedia&amp;p=video&amp;id=1928\" target=\"_blank\" rel=\"noopener noreferrer\">il video di presentazione del ministro<\/a><\/li>\n<\/ul>\n<hr \/>\n<p>Related news:\u00a0<a href=\"https:\/\/www.federfarma.it\/Edicola\/Comunicati-stampa\/09-07-2019-11-38-17.aspx\" target=\"_blank\" rel=\"noopener noreferrer\">Maratona Patto per la Salute: le proposte di Federfarma<\/a><\/p>\n<p class=\"site-block__title\"><a href=\"https:\/\/www.aboutpharma.com\/blog\/2019\/07\/09\/patto-per-la-salute-2019-2021-le-voci-dellindustria-healthcare\/\" target=\"_blank\" rel=\"noopener noreferrer\">Patto per la salute 2019-2021: le voci dell\u2019industria healthcare<\/a><\/p>\n<\/div>\n<\/div>\n<\/div>\n<\/div>\n<\/div>\n<\/div>\n<\/div>\n<\/div>\n<\/div>\n<\/div>\n<\/div>\n<\/div>\n<\/div>\n<\/div>\n<\/div>","protected":false},"excerpt":{"rendered":"<p>Il ministro della Salute Giulia Grillo \u00e8 intervenuta al primo giorno della MaratonaPattoSalute. Complessivamente, l&#8217;evento coinvolge pi\u00f9 di 350 protagonisti del settore sanitario in tre giornate: 8, 9 e 10 luglio. La prima giornata \u00e8 dedicata agli operatori, la seconda alle imprese, la terza alle associazioni dei pazienti. La prima parte si \u00e8 svolta all\u2019Auditorium &hellip;<\/p>","protected":false},"author":4,"featured_media":44824,"comment_status":"closed","ping_status":"closed","sticky":false,"template":"","format":"standard","meta":{"footnotes":""},"categories":[16],"tags":[],"class_list":["post-44820","post","type-post","status-publish","format-standard","has-post-thumbnail","hentry","category-primo-piano"],"amp_enabled":true,"_links":{"self":[{"href":"https:\/\/www.fedaiisf.it\/en\/wp-json\/wp\/v2\/posts\/44820","targetHints":{"allow":["GET"]}}],"collection":[{"href":"https:\/\/www.fedaiisf.it\/en\/wp-json\/wp\/v2\/posts"}],"about":[{"href":"https:\/\/www.fedaiisf.it\/en\/wp-json\/wp\/v2\/types\/post"}],"author":[{"embeddable":true,"href":"https:\/\/www.fedaiisf.it\/en\/wp-json\/wp\/v2\/users\/4"}],"replies":[{"embeddable":true,"href":"https:\/\/www.fedaiisf.it\/en\/wp-json\/wp\/v2\/comments?post=44820"}],"version-history":[{"count":0,"href":"https:\/\/www.fedaiisf.it\/en\/wp-json\/wp\/v2\/posts\/44820\/revisions"}],"wp:featuredmedia":[{"embeddable":true,"href":"https:\/\/www.fedaiisf.it\/en\/wp-json\/wp\/v2\/media\/44824"}],"wp:attachment":[{"href":"https:\/\/www.fedaiisf.it\/en\/wp-json\/wp\/v2\/media?parent=44820"}],"wp:term":[{"taxonomy":"category","embeddable":true,"href":"https:\/\/www.fedaiisf.it\/en\/wp-json\/wp\/v2\/categories?post=44820"},{"taxonomy":"post_tag","embeddable":true,"href":"https:\/\/www.fedaiisf.it\/en\/wp-json\/wp\/v2\/tags?post=44820"}],"curies":[{"name":"wp","href":"https:\/\/api.w.org\/{rel}","templated":true}]}}