{"id":44847,"date":"2019-07-10T12:50:31","date_gmt":"2019-07-10T10:50:31","guid":{"rendered":"https:\/\/www.fedaiisf.it\/?p=44847"},"modified":"2019-07-11T09:47:56","modified_gmt":"2019-07-11T07:47:56","slug":"il-gruppo-chiesi-cresce-dell116-nei-primi-sei-mesi-dellanno-pero-licenzia-per-motivi-economici","status":"publish","type":"post","link":"https:\/\/www.fedaiisf.it\/en\/il-gruppo-chiesi-cresce-dell116-nei-primi-sei-mesi-dellanno-pero-licenzia-per-motivi-economici\/","title":{"rendered":"The Chiesi Group grows by 11.6% in the first six months of the year. But dismissed for &quot;economic reasons&quot;"},"content":{"rendered":"<ul>\n<li><strong>Il Gruppo Chiesi registra una crescita del fatturato dell\u201911,6% nei primi sei mesi dell\u2019anno, rispetto allo stesso periodo del 2018.<\/strong><\/li>\n<li>Questi risultati confermano una crescita significativa nel 2019 per il Gruppo che ha recentemente celebrato il raggiungimento di un importante obiettivo strategico: l\u2019ottenimento della <strong>certificazione<\/strong> <strong>B Corp<\/strong>.<\/li>\n<\/ul>\n<p><strong><a href=\"https:\/\/www.fedaiisf.it\/wp-content\/uploads\/2019\/07\/Chiesi-B-Certified.jpeg\"><img loading=\"lazy\" decoding=\"async\" class=\"wp-image-44851 alignright\" src=\"https:\/\/www.fedaiisf.it\/wp-content\/uploads\/2019\/07\/Chiesi-B-Certified.jpeg\" alt=\"\" width=\"432\" height=\"104\" srcset=\"https:\/\/www.fedaiisf.it\/wp-content\/uploads\/2019\/07\/Chiesi-B-Certified.jpeg 925w, https:\/\/www.fedaiisf.it\/wp-content\/uploads\/2019\/07\/Chiesi-B-Certified-300x72.jpeg 300w, https:\/\/www.fedaiisf.it\/wp-content\/uploads\/2019\/07\/Chiesi-B-Certified-768x185.jpeg 768w\" sizes=\"auto, (max-width: 432px) 100vw, 432px\" \/><\/a>Parma, 9 luglio 2019<\/strong> \u2013 Chiesi, gruppo farmaceutico internazionale focalizzato sulla ricerca (<strong>Gruppo<\/strong> <strong>Chiesi<\/strong>), conferma il trend positivo nei primi sei mesi del 2019. Gli ultimi dati riportano che, nel primo semestre, <strong>il fatturato del Gruppo \u00e8 cresciuto dell\u201911,6% rispetto allo stesso periodo dell\u2019anno precedente<\/strong>, per un totale di\u00a0<strong>956,8 milioni di euro<\/strong>. Questi risultati confermano una crescita significativa nel 2019, un anno caratterizzato dal raggiungimento di un importante obiettivo strategico: l\u2019ottenimento della Certificazione B Corp per Chiesi, il primo gruppo farmaceutico globale ad aver ricevuto questo importante riconoscimento.\u201cIn parallelo con il positivo trend di crescita, Chiesi sta portando avanti importanti investimenti\u201d, ha commentato <strong>Ugo Di Francesco, CEO del Gruppo Chiesi<\/strong>. \u201cRecentemente, ad esempio, la filiale francese del Gruppo ha annunciato la costruzione di un nuovo sito produttivo a La Chauss\u00e9e-Saint-Victor (Loir-et-Cher), per un investimento totale di 50 milioni di euro. Ci aspettiamo che questo progetto porti ad un aumento dell\u2019organico aziendale di ulteriori 50 dipendenti in Chiesi Francia, nella quale attualmente lavorano 330 persone\u201d.<\/p>\n<p>Ulteriori investimenti sono in corso anche sul territorio italiano. Con un investimento totale di oltre 50 milioni di euro, \u00e8 in fase di costruzione, a Parma, il nuovo headquarter del Gruppo. L\u2019edificio si estende su una superficie di 46.300 m<sup>2<\/sup> e ospiter\u00e0 circa 540 persone. Il progetto \u00e8 stato sviluppato secondo tre pilastri: una nuova visione del luogo di lavoro, con spazi condivisi e che si adattano alle attivit\u00e0 svolte, con l\u2019obiettivo di favorire e ottimizzare il lavoro di team; una valorizzazione degli spazi collettivi per promuovere la socialit\u00e0 e il benessere delle persone; e infine una particolare attenzione \u00e8 stata rivolta agli aspetti di sostenibilit\u00e0 ambientale ed efficienza energetica. Il nuovo edificio dovrebbe essere completato nel 2020.<\/p>\n<p>Il Gruppo Chiesi ha chiuso il 2018 in positivo, con un fatturato di <strong>1.768 milioni di euro<\/strong>, con un <a href=\"https:\/\/www.fedaiisf.it\/wp-content\/uploads\/2019\/07\/chiesi-farmaceutici.jpg\"><img loading=\"lazy\" decoding=\"async\" class=\"wp-image-44849 alignleft\" src=\"https:\/\/www.fedaiisf.it\/wp-content\/uploads\/2019\/07\/chiesi-farmaceutici.jpg\" alt=\"\" width=\"395\" height=\"263\" srcset=\"https:\/\/www.fedaiisf.it\/wp-content\/uploads\/2019\/07\/chiesi-farmaceutici.jpg 800w, https:\/\/www.fedaiisf.it\/wp-content\/uploads\/2019\/07\/chiesi-farmaceutici-300x200.jpg 300w, https:\/\/www.fedaiisf.it\/wp-content\/uploads\/2019\/07\/chiesi-farmaceutici-768x513.jpg 768w, https:\/\/www.fedaiisf.it\/wp-content\/uploads\/2019\/07\/chiesi-farmaceutici-274x183.jpg 274w, https:\/\/www.fedaiisf.it\/wp-content\/uploads\/2019\/07\/chiesi-farmaceutici-80x54.jpg 80w, https:\/\/www.fedaiisf.it\/wp-content\/uploads\/2019\/07\/chiesi-farmaceutici-130x87.jpg 130w, https:\/\/www.fedaiisf.it\/wp-content\/uploads\/2019\/07\/chiesi-farmaceutici-359x240.jpg 359w, https:\/\/www.fedaiisf.it\/wp-content\/uploads\/2019\/07\/chiesi-farmaceutici-85x57.jpg 85w, https:\/\/www.fedaiisf.it\/wp-content\/uploads\/2019\/07\/chiesi-farmaceutici-546x365.jpg 546w, https:\/\/www.fedaiisf.it\/wp-content\/uploads\/2019\/07\/chiesi-farmaceutici-165x109.jpg 165w, https:\/\/www.fedaiisf.it\/wp-content\/uploads\/2019\/07\/chiesi-farmaceutici-112x75.jpg 112w, https:\/\/www.fedaiisf.it\/wp-content\/uploads\/2019\/07\/chiesi-farmaceutici-179x120.jpg 179w, https:\/\/www.fedaiisf.it\/wp-content\/uploads\/2019\/07\/chiesi-farmaceutici-170x113.jpg 170w, https:\/\/www.fedaiisf.it\/wp-content\/uploads\/2019\/07\/chiesi-farmaceutici-81x55.jpg 81w, https:\/\/www.fedaiisf.it\/wp-content\/uploads\/2019\/07\/chiesi-farmaceutici-765x510.jpg 765w\" sizes=\"auto, (max-width: 395px) 100vw, 395px\" \/><\/a>incremento del 7,8% rispetto all\u2019anno precedente (+4,8% a tassi di cambio costanti). L\u2019EBITDA \u00e8 stato di 512,7 milioni di euro. La solidit\u00e0 della multinazionale si riflette anche negli investimenti in Ricerca e Sviluppo che, nel 2018, hanno raggiunto <strong>381,8 <\/strong>milioni di euro, pari al <strong>21,6%<\/strong> delle vendite totali, posizionando il Gruppo al 13\u00b0 posto per investimenti in R&amp;S tra le aziende farmaceutiche in Europa<a href=\"https:\/\/www.chiesi.com\/il-gruppo-chiesi-conferma-un-trend-positivo-della-performance-nel-2019\/#_ftn1\" name=\"_ftnref1\" target=\"_blank\" rel=\"noopener\">[1]<\/a>. Il Gruppo ha attualmente 47 progetti attivi in R&amp;S e 54 studi clinici in corso. Il numero totale di dipendenti ha superato le 5.600 persone: persone al centro, passione, spirito imprenditoriale, dialogo multiculturale e sostenibilit\u00e0 sono i valori su cui l\u2019azienda continuer\u00e0 a fondare il suo sviluppo nei prossimi anni.<\/p>\n<p><strong>Il Gruppo Chiesi <\/strong><\/p>\n<p><a href=\"https:\/\/www.fedaiisf.it\/wp-content\/uploads\/2019\/02\/alberto-chiesi-parma.jpg\"><img loading=\"lazy\" decoding=\"async\" class=\" wp-image-40769 alignright\" src=\"https:\/\/www.fedaiisf.it\/wp-content\/uploads\/2019\/02\/alberto-chiesi-parma.jpg\" alt=\"\" width=\"284\" height=\"189\" srcset=\"https:\/\/www.fedaiisf.it\/wp-content\/uploads\/2019\/02\/alberto-chiesi-parma.jpg 510w, https:\/\/www.fedaiisf.it\/wp-content\/uploads\/2019\/02\/alberto-chiesi-parma-300x200.jpg 300w, https:\/\/www.fedaiisf.it\/wp-content\/uploads\/2019\/02\/alberto-chiesi-parma-274x183.jpg 274w, https:\/\/www.fedaiisf.it\/wp-content\/uploads\/2019\/02\/alberto-chiesi-parma-80x54.jpg 80w, https:\/\/www.fedaiisf.it\/wp-content\/uploads\/2019\/02\/alberto-chiesi-parma-130x87.jpg 130w, https:\/\/www.fedaiisf.it\/wp-content\/uploads\/2019\/02\/alberto-chiesi-parma-359x240.jpg 359w, https:\/\/www.fedaiisf.it\/wp-content\/uploads\/2019\/02\/alberto-chiesi-parma-85x57.jpg 85w, https:\/\/www.fedaiisf.it\/wp-content\/uploads\/2019\/02\/alberto-chiesi-parma-546x365.jpg 546w, https:\/\/www.fedaiisf.it\/wp-content\/uploads\/2019\/02\/alberto-chiesi-parma-165x109.jpg 165w, https:\/\/www.fedaiisf.it\/wp-content\/uploads\/2019\/02\/alberto-chiesi-parma-112x75.jpg 112w, https:\/\/www.fedaiisf.it\/wp-content\/uploads\/2019\/02\/alberto-chiesi-parma-179x120.jpg 179w, https:\/\/www.fedaiisf.it\/wp-content\/uploads\/2019\/02\/alberto-chiesi-parma-170x113.jpg 170w, https:\/\/www.fedaiisf.it\/wp-content\/uploads\/2019\/02\/alberto-chiesi-parma-81x55.jpg 81w, https:\/\/www.fedaiisf.it\/wp-content\/uploads\/2019\/02\/alberto-chiesi-parma-765x510.jpg 765w\" sizes=\"auto, (max-width: 284px) 100vw, 284px\" \/><\/a>Con sede a Parma, in Italia, Chiesi Farmaceutici \u00e8 un gruppo internazionale orientato alla ricerca, con oltre 80 anni di esperienza nel settore farmaceutico, presente in 28 Paesi. Il Gruppo ricerca, sviluppa e commercializza farmaci innovativi nelle terapie respiratorie, nella medicina specialistica e nelle malattie rare. La Ricerca e Sviluppo del Gruppo ha sede a Parma (Italia) e si \u00e8 integrata con altri 6 importanti gruppi di ricerca e sviluppo in Francia, Stati Uniti, Regno Unito e Svezia, per promuovere i propri programmi pre-clinici, clinici e di registrazione. Il Gruppo impiega circa 5700 persone. Il Gruppo Chiesi \u00e8 certificato B Corp.<\/p>\n<p><a href=\"https:\/\/www.chiesi.com\/il-gruppo-chiesi-conferma-un-trend-positivo-della-performance-nel-2019\/#_ftnref1\" name=\"_ftn1\" target=\"_blank\" rel=\"noopener\">[1]<\/a> European Commission &#8211; 2018 EU Industrial R&amp;D investment scoreboard<\/p>\n<p><a href=\"https:\/\/www.chiesi.com\/il-gruppo-chiesi-conferma-un-trend-positivo-della-performance-nel-2019\/\" target=\"_blank\" rel=\"noopener noreferrer\">Comunicato Chiesi farmaceutici &#8211; 09\/07\/2019<\/a><\/p>\n<hr \/>\n<p>Notizie correlate:<\/p>\n<h3><a href=\"https:\/\/www.fedaiisf.it\/proclamato-stato-di-agitazione-alla-chiesi-farmaceutici-4-isf-licenziati-per-motivi-economici\/\" target=\"_blank\" rel=\"noopener noreferrer\"><strong>Proclamato stato di agitazione alla Chiesi Farmaceutici: 4 ISF licenziati per \u201cmotivi economici\u201d<\/strong><\/a><\/h3>\n","protected":false},"excerpt":{"rendered":"<p>Il Gruppo Chiesi registra una crescita del fatturato dell\u201911,6% nei primi sei mesi dell\u2019anno, rispetto allo stesso periodo del 2018. Questi risultati confermano una crescita significativa nel 2019 per il Gruppo che ha recentemente celebrato il raggiungimento di un importante obiettivo strategico: l\u2019ottenimento della certificazione B Corp. Parma, 9 luglio 2019 \u2013 Chiesi, gruppo farmaceutico &hellip;<\/p>","protected":false},"author":4,"featured_media":4742,"comment_status":"closed","ping_status":"closed","sticky":false,"template":"","format":"standard","meta":{"footnotes":""},"categories":[1],"tags":[],"class_list":["post-44847","post","type-post","status-publish","format-standard","has-post-thumbnail","hentry","category-notizie"],"amp_enabled":true,"_links":{"self":[{"href":"https:\/\/www.fedaiisf.it\/en\/wp-json\/wp\/v2\/posts\/44847","targetHints":{"allow":["GET"]}}],"collection":[{"href":"https:\/\/www.fedaiisf.it\/en\/wp-json\/wp\/v2\/posts"}],"about":[{"href":"https:\/\/www.fedaiisf.it\/en\/wp-json\/wp\/v2\/types\/post"}],"author":[{"embeddable":true,"href":"https:\/\/www.fedaiisf.it\/en\/wp-json\/wp\/v2\/users\/4"}],"replies":[{"embeddable":true,"href":"https:\/\/www.fedaiisf.it\/en\/wp-json\/wp\/v2\/comments?post=44847"}],"version-history":[{"count":0,"href":"https:\/\/www.fedaiisf.it\/en\/wp-json\/wp\/v2\/posts\/44847\/revisions"}],"wp:featuredmedia":[{"embeddable":true,"href":"https:\/\/www.fedaiisf.it\/en\/wp-json\/wp\/v2\/media\/4742"}],"wp:attachment":[{"href":"https:\/\/www.fedaiisf.it\/en\/wp-json\/wp\/v2\/media?parent=44847"}],"wp:term":[{"taxonomy":"category","embeddable":true,"href":"https:\/\/www.fedaiisf.it\/en\/wp-json\/wp\/v2\/categories?post=44847"},{"taxonomy":"post_tag","embeddable":true,"href":"https:\/\/www.fedaiisf.it\/en\/wp-json\/wp\/v2\/tags?post=44847"}],"curies":[{"name":"wp","href":"https:\/\/api.w.org\/{rel}","templated":true}]}}