{"id":44924,"date":"2019-07-15T11:45:53","date_gmt":"2019-07-15T09:45:53","guid":{"rendered":"https:\/\/www.fedaiisf.it\/?p=44924"},"modified":"2019-07-15T12:56:13","modified_gmt":"2019-07-15T10:56:13","slug":"recordati-accordo-con-novartis-brilla-al-ftsemib","status":"publish","type":"post","link":"https:\/\/www.fedaiisf.it\/en\/recordati-accordo-con-novartis-brilla-al-ftsemib\/","title":{"rendered":"Recordati, agreement with Novartis, shines at the FTSEMib"},"content":{"rendered":"<p>Recordati registra la migliore performance di giornata al FTSEMib. alle 10.05 il titolo della societ\u00e0 farmaceutica era in rialzo del 2,21% a 39,35 euro.<\/p>\n<p><a href=\"https:\/\/www.fedaiisf.it\/wp-content\/uploads\/2019\/07\/Recordati-borsa.png\"><img loading=\"lazy\" decoding=\"async\" class=\"size-full wp-image-44926 alignright\" src=\"https:\/\/www.fedaiisf.it\/wp-content\/uploads\/2019\/07\/Recordati-borsa.png\" alt=\"\" width=\"300\" height=\"188\" \/><\/a>Cosa spinge al rialzo le azioni Recordati? Venerd\u00ec 12 luglio la societ\u00e0 farmaceutica ha annunciato la firma di un accordo con Novartis per l\u2019acquisto\u00a0a livello mondiale dei diritti per i farmaci Signifor e Signifor LAR. L\u2019accordo prevede anche l\u2019acquisizione dei diritti a livello mondiale di osilodrostat.<\/p>\n<p>A conclusione della transazione sar\u00e0 dovuto a Novartis un corrispettivo di 390 milioni di euro.<\/p>\n<p>Successivamente, sono previsti ulteriori pagamenti soggetti all\u2019approvazione e alla commercializzazione di osilodrostat, oltre a royalties sulle vendite di questo nuovo prodotto.<\/p>\n<p><a href=\"https:\/\/www.soldionline.it\/notizie\/azioni-italia\/performance-recordati-15-luglio-2019\" target=\"_blank\" rel=\"noopener noreferrer\">Soldi on line &#8211; 15 luglio 2019<\/a><\/p>\n<p>Related news:\u00a0<a href=\"https:\/\/www.ilmessaggero.it\/economia\/news\/recordati_arriva_l_accordo_con_novartis-4619871.html\" target=\"_blank\" rel=\"noopener noreferrer\">Recordati, arriva l&#8217;accordo con Novartis<\/a><\/p>\n<p class=\"Title\"><a href=\"https:\/\/www.federfarma.it\/Edicola\/Filodiretto\/VediNotizia.aspx?id=19735\" target=\"_blank\" rel=\"noopener noreferrer\">Gsk acquisisce automedicazione di Pfizer, l\u2019ok dalla Commissione europea<\/a><\/p>","protected":false},"excerpt":{"rendered":"<p>Recordati registra la migliore performance di giornata al FTSEMib. alle 10.05 il titolo della societ\u00e0 farmaceutica era in rialzo del 2,21% a 39,35 euro. Cosa spinge al rialzo le azioni Recordati? Venerd\u00ec 12 luglio la societ\u00e0 farmaceutica ha annunciato la firma di un accordo con Novartis per l\u2019acquisto\u00a0a livello mondiale dei diritti per i farmaci &hellip;<\/p>","protected":false},"author":4,"featured_media":36289,"comment_status":"closed","ping_status":"closed","sticky":false,"template":"","format":"standard","meta":{"footnotes":""},"categories":[1],"tags":[53],"class_list":["post-44924","post","type-post","status-publish","format-standard","has-post-thumbnail","hentry","category-notizie","tag-fusioniacquisizioni"],"amp_enabled":true,"_links":{"self":[{"href":"https:\/\/www.fedaiisf.it\/en\/wp-json\/wp\/v2\/posts\/44924","targetHints":{"allow":["GET"]}}],"collection":[{"href":"https:\/\/www.fedaiisf.it\/en\/wp-json\/wp\/v2\/posts"}],"about":[{"href":"https:\/\/www.fedaiisf.it\/en\/wp-json\/wp\/v2\/types\/post"}],"author":[{"embeddable":true,"href":"https:\/\/www.fedaiisf.it\/en\/wp-json\/wp\/v2\/users\/4"}],"replies":[{"embeddable":true,"href":"https:\/\/www.fedaiisf.it\/en\/wp-json\/wp\/v2\/comments?post=44924"}],"version-history":[{"count":0,"href":"https:\/\/www.fedaiisf.it\/en\/wp-json\/wp\/v2\/posts\/44924\/revisions"}],"wp:featuredmedia":[{"embeddable":true,"href":"https:\/\/www.fedaiisf.it\/en\/wp-json\/wp\/v2\/media\/36289"}],"wp:attachment":[{"href":"https:\/\/www.fedaiisf.it\/en\/wp-json\/wp\/v2\/media?parent=44924"}],"wp:term":[{"taxonomy":"category","embeddable":true,"href":"https:\/\/www.fedaiisf.it\/en\/wp-json\/wp\/v2\/categories?post=44924"},{"taxonomy":"post_tag","embeddable":true,"href":"https:\/\/www.fedaiisf.it\/en\/wp-json\/wp\/v2\/tags?post=44924"}],"curies":[{"name":"wp","href":"https:\/\/api.w.org\/{rel}","templated":true}]}}