{"id":45030,"date":"2019-07-20T10:19:19","date_gmt":"2019-07-20T08:19:19","guid":{"rendered":"https:\/\/www.fedaiisf.it\/?p=45030"},"modified":"2019-09-02T09:29:05","modified_gmt":"2019-09-02T07:29:05","slug":"fimmg-ottimizzare-aifa-e-sottosegretario-alla-salute-bartolazzi","status":"publish","type":"post","link":"https:\/\/www.fedaiisf.it\/en\/fimmg-ottimizzare-aifa-e-sottosegretario-alla-salute-bartolazzi\/","title":{"rendered":"FIMMG. Optimize AIFA and Undersecretary of Health Bartolazzi"},"content":{"rendered":"<p>\u00abFarmaci e vaccini sono strumenti di salute? Sono o no un investimento per ridurre la spesa socio-sanitaria complessiva? O sono solo un semplice costo?\u00bb. Sono le domande che si fa e rilancia alle istituzioni, Roberto Venesia presente, nella sua qualit\u00e0 di Coordinatore Area Farmaco di FIMMG Nazionale, alla presentazione AIFA del rapporto OSMED.<\/p>\n<p><a href=\"https:\/\/www.fedaiisf.it\/wp-content\/uploads\/2019\/07\/AIFA-Rapporto-OsMed-2018.jpeg\"><img loading=\"lazy\" decoding=\"async\" class=\"wp-image-45008 alignright\" src=\"https:\/\/www.fedaiisf.it\/wp-content\/uploads\/2019\/07\/AIFA-Rapporto-OsMed-2018-1024x841.jpeg\" alt=\"\" width=\"327\" height=\"268\" srcset=\"https:\/\/www.fedaiisf.it\/wp-content\/uploads\/2019\/07\/AIFA-Rapporto-OsMed-2018-1024x841.jpeg 1024w, https:\/\/www.fedaiisf.it\/wp-content\/uploads\/2019\/07\/AIFA-Rapporto-OsMed-2018-300x246.jpeg 300w, https:\/\/www.fedaiisf.it\/wp-content\/uploads\/2019\/07\/AIFA-Rapporto-OsMed-2018-768x631.jpeg 768w, https:\/\/www.fedaiisf.it\/wp-content\/uploads\/2019\/07\/AIFA-Rapporto-OsMed-2018.jpeg 1130w\" sizes=\"auto, (max-width: 327px) 100vw, 327px\" \/><\/a>\u00abDobbiamo pensare che l\u2019uso appropriato dei famaci pu\u00f2 determinare risparmi per il SSN. Ma dobbiamo, per\u00f2, intenderci sul concetto di appropriatezza. Se una prescrizione \u00e8 generalmente considerata appropriata quando effettuata all\u2019interno delle indicazioni cliniche, e, in generale, all\u2019interno delle indicazioni d\u2019uso (dose, durata,\u00a0ecc) per le quali \u00e8 dimostrata l\u2019efficacia e per ci\u00f2 autorizzata, la domanda delle domande \u00e8 \u201cche tipo di salute vogliamo ottenere per il nostro paziente con il bene farmaco?\u201d. Un medico non dovrebbe avere dubbi \u201cLa migliore possibile\u201d: il farmaco giusto, al paziente giusto, per il tempo necessario. Qual \u00e8 il farmaco giusto ce lo dice la scienza, il paziente giusto lo sceglie il medico e per il tempo necessario tutti devono fare squadra. Purtroppo il concetto di appropriatezza che vediamo nelle dichiarazioni a cui abbiamo assistito, sembrerebbe rendere giusto ci\u00f2 che \u00e8 economicamente sostenibile\u00bb.<\/p>\n<p>\u00ab<strong>Leggo e rileggo le dichiarazioni rese dal Sottosegretario alla Salute Armando Bartolazzi in occasione della presentazione del Rapporto OSMED\u00a02018 e, per quanto mi sforzi, non riesco proprio a comprendere il senso di ci\u00f2 che dice<\/strong>, soprattutto dopo l\u2019incontro con il Ministro della Salute, Giulia Grillo, dove abbiamo <a href=\"https:\/\/www.fedaiisf.it\/wp-content\/uploads\/2019\/07\/Grillo-Scotti-Fimmg.jpg\"><img loading=\"lazy\" decoding=\"async\" class=\"wp-image-45032 alignleft\" src=\"https:\/\/www.fedaiisf.it\/wp-content\/uploads\/2019\/07\/Grillo-Scotti-Fimmg-1024x637.jpg\" alt=\"\" width=\"375\" height=\"233\" srcset=\"https:\/\/www.fedaiisf.it\/wp-content\/uploads\/2019\/07\/Grillo-Scotti-Fimmg-1024x637.jpg 1024w, https:\/\/www.fedaiisf.it\/wp-content\/uploads\/2019\/07\/Grillo-Scotti-Fimmg-300x187.jpg 300w, https:\/\/www.fedaiisf.it\/wp-content\/uploads\/2019\/07\/Grillo-Scotti-Fimmg-768x478.jpg 768w, https:\/\/www.fedaiisf.it\/wp-content\/uploads\/2019\/07\/Grillo-Scotti-Fimmg-1536x956.jpg 1536w, https:\/\/www.fedaiisf.it\/wp-content\/uploads\/2019\/07\/Grillo-Scotti-Fimmg-2048x1275.jpg 2048w\" sizes=\"auto, (max-width: 375px) 100vw, 375px\" \/><\/a>chiaramente apprezzato l\u2019azione del ministro che ha avviato un confronto per ottimizzare si la medicina generale, ma fornendole personale e supporto per investimenti in diagnostica non certo una azione rieducativa professionale.<\/p>\n<p>I Medici di Medicina Generale ricevono ormai da anni dalle loro Aziende Sanitarie report sulla attivit\u00e0 prescrittiva individuale e di confronto con le medie aziendali, regionali e nazionali, a latere del fatto che i nostri gestionali hanno anche strumenti che possano creare attivit\u00e0 di ricerca e studio in tal senso sempre pi\u00f9 praticati dai medici nella loro attivit\u00e0 e base del confronto formativo per una Societ\u00e0 Scientifica della Medicina Generale per la valutazione dei bisogni di formazione.<\/p>\n<p>Vogliamo, pertanto, rassicurare il Sottosegretario sul fatto che non c\u2019\u00e8 alcun bisogno di prodigarsi nella produzione di ulteriori informazioni, semmai bisognerebbe utilizzare le informazioni da noi prodotte per pesare i dati di OSMED non solo su confronti macro ma piuttosto su dati che si avvicinino alla tanto declamata personalizzazione delle cure che pertanto tiene conto anche di fattori socioeconomici e culturali delle popolazioni, fattori che differenziano l\u2019impatto di malattie e conseguentemente delle terapie in aree con indici di deprivazione materiale e sociale colpevolmente diversi.<\/p>\n<p>Questo, a meno che non sia cambiato qualcosa e che magari ora con la locuzione \u201cprescrizione appropriata\u201d non si debba intendere solo come ridurre la spesa prescindendo dal risultato\u00bb. Cos\u00ec Silvestro Scotti, Segretario Generale FIMMG, replica a quanto affermato dal Sottosegretario alla Salute, Armando Bartolazzi, in merito all\u2019esigenza di \u201cottimizzare\u201d le prescrizioni dei Medici di Medicina Generale.<\/p>\n<h3><a href=\"https:\/\/www.fedaiisf.it\/wp-content\/uploads\/2019\/07\/ISF-ricerca.jpg\"><img loading=\"lazy\" decoding=\"async\" class=\"wp-image-45038 alignright\" src=\"https:\/\/www.fedaiisf.it\/wp-content\/uploads\/2019\/07\/ISF-ricerca.jpg\" alt=\"\" width=\"310\" height=\"260\" srcset=\"https:\/\/www.fedaiisf.it\/wp-content\/uploads\/2019\/07\/ISF-ricerca.jpg 940w, https:\/\/www.fedaiisf.it\/wp-content\/uploads\/2019\/07\/ISF-ricerca-300x251.jpg 300w, https:\/\/www.fedaiisf.it\/wp-content\/uploads\/2019\/07\/ISF-ricerca-768x644.jpg 768w\" sizes=\"auto, (max-width: 310px) 100vw, 310px\" \/><\/a>\u00abMi spiace \u2013 ironizza Scotti \u2013 che il Sottosegretario sia rimasto traumatizzato dall\u2019esperienza vissuta da studente e che ancora oggi sia tormentato dal ricordo di queste orde d\u2019informatori sanitari che, come lui stesso ha raccontato, \u201cbombardavano i Medici di Medicina Generale\u201d, oltretutto da studente universitario io ricordo che lo stesso succedeva nei reparti dell\u2019Ospedale Universitario, per promuovere i loro prodotti.<\/h3>\n<p>Ci\u00f2 nonostante, pur nel massimo rispetto di questo personale dramma, non ci sembra che ad oggi i colleghi della Medicina Generale si lascino influenzare finendo per fare scelte che possano andare contro gli interessi dei pazienti, e oltretutto non capirei perch\u00e9 questo riguarderebbe solo i medici di Medicina Generale e non tutti i medici.<\/p>\n<h3>Forse l\u2019unica cosa da \u201cottimizzare\u201d sono questi ricordi di giovinezza e una migliore conoscenza di cosa sia oggi la Medicina Generale\u00bb.<\/h3>\n<p>Silvestro Scotti stigmatizza anche la proposta di introdurre dei \u201cfattori di incentivazioni per ottenere performance ottimali dal punto di vista finanziario e di corretta prescrizione\u201d. \u00abI Medici di Medicina Generale non hanno bisogno di \u201cincentivi\u201d per migliorare le proprie performance come prescrittori. <strong>This <a href=\"https:\/\/www.fedaiisf.it\/wp-content\/uploads\/2015\/04\/Medico-stanco.jpg\"><img loading=\"lazy\" decoding=\"async\" class=\"wp-image-9403 alignleft\" src=\"https:\/\/www.fedaiisf.it\/wp-content\/uploads\/2015\/04\/Medico-stanco.jpg\" alt=\"\" width=\"290\" height=\"177\" srcset=\"https:\/\/www.fedaiisf.it\/wp-content\/uploads\/2015\/04\/Medico-stanco.jpg 591w, https:\/\/www.fedaiisf.it\/wp-content\/uploads\/2015\/04\/Medico-stanco-300x183.jpg 300w, https:\/\/www.fedaiisf.it\/wp-content\/uploads\/2015\/04\/Medico-stanco-702x432.jpg 702w\" sizes=\"auto, (max-width: 290px) 100vw, 290px\" \/><\/a>visione \u00e8 non solo svilente della professionalit\u00e0 di ciascun medico, ma anche deontologicamente scorretta e ci aspettiamo un intervento della FNOMCeO che chiarisca al medico Bartolazzi che sta parlando di e ad altri medici. <\/strong><\/p>\n<h3>FIMMG tiene a sottolineare che tutti i medici di Medicina Generale fanno le loro prescrizioni nell\u2019interesse di salute del proprio paziente e che queste prescrizioni di certo non cambierebbero a fronte di incentivi economici o mobbing di informatori statalisti probabilmente scelti tra economisti interessati all\u2019appropriatezza finanziaria e non interessati all\u2019appropriatezza assistenziale\u00bb.<\/h3>\n<p><a href=\"http:\/\/www.fimmg.org\/index.php?action=pages&amp;m=view&amp;p=43&amp;art=3438\" target=\"_blank\" rel=\"noopener noreferrer\">FIMMG &#8211; 19 luglio 2019<\/a><\/p>\n<p>Related news:\u00a0<a href=\"https:\/\/www.fedaiisf.it\/en\/bartolazzi-sott-segr-salute-medici-di-medicina-generale-bombardati-da-isf-ci-vuole-lisf-statale\/\" target=\"_blank\" rel=\"noopener noreferrer\"><strong>Bartolazzi (Sott. Segr. Salute): Medici di Medicina Generale bombardati da ISF. Ci vuole l\u2019ISF statale!<\/strong><\/a><\/p>\n<p class=\"entry-title\"><a href=\"https:\/\/portale.fnomceo.it\/anelli-fnomceo-su-prescrizione-farmaci-competenza-del-medico-che-impegna-sua-autonomia-e-responsabilita-chiesto-al-ministro-grillo-di-partecipare-al-tavolo-aifa\/\" target=\"_blank\" rel=\"noopener noreferrer\"><strong>Anelli (Fnomceo) su prescrizione farmaci: \u201cCompetenza del medico che impegna sua autonomia e responsabilit\u00e0, chiesto al Ministro Grillo di partecipare al Tavolo Aifa\u201d<\/strong><\/a><\/p>\n<h3><a href=\"http:\/\/www.quotidianosanita.it\/governo-e-parlamento\/articolo.php?articolo_id=75964\" target=\"_blank\" rel=\"noopener noreferrer\"><strong>Medici di famiglia e farmaci<\/strong>. Bartolazzi replica a Fimmg: \u201cTutti possono migliorare\u201d<\/a><em>\u00a0Il sottosegretario alla Salute replica al segretario del sindacato dei medici di famiglia che ieri aveva criticato le affermazioni dell\u2019esponente del Governo che aveva parlato di \u2018ottimizzare\u2019 le prescrizioni farmaceutiche dei Mmg. \u201cConosco molti Medici di medicina generale e non hanno alcuna difficolt\u00e0 ad ammettere che si pu\u00f2 fare di pi\u00f9 e meglio. Loro, noi, tutti\u201d<\/em><\/h3>\n<h3><a href=\"http:\/\/www.quotidianosanita.it\/governo-e-parlamento\/articolo.php?approfondimento_id=13383\" target=\"_blank\" rel=\"noopener noreferrer\"><strong>La controreplica di Scotti<\/strong>: \u201cTutti possono migliorare e sicuramente \u00e8 positivo quando i primi sono quelli che hanno la responsabilit\u00e0 politica di guidare il paese\u201d<\/a><\/h3>\n<h2><\/h2>","protected":false},"excerpt":{"rendered":"<p>\u00abFarmaci e vaccini sono strumenti di salute? Sono o no un investimento per ridurre la spesa socio-sanitaria complessiva? O sono solo un semplice costo?\u00bb. Sono le domande che si fa e rilancia alle istituzioni, Roberto Venesia presente, nella sua qualit\u00e0 di Coordinatore Area Farmaco di FIMMG Nazionale, alla presentazione AIFA del rapporto OSMED. \u00abDobbiamo pensare &hellip;<\/p>","protected":false},"author":4,"featured_media":45033,"comment_status":"closed","ping_status":"closed","sticky":false,"template":"","format":"standard","meta":{"footnotes":""},"categories":[16],"tags":[],"class_list":["post-45030","post","type-post","status-publish","format-standard","has-post-thumbnail","hentry","category-primo-piano"],"amp_enabled":true,"_links":{"self":[{"href":"https:\/\/www.fedaiisf.it\/en\/wp-json\/wp\/v2\/posts\/45030","targetHints":{"allow":["GET"]}}],"collection":[{"href":"https:\/\/www.fedaiisf.it\/en\/wp-json\/wp\/v2\/posts"}],"about":[{"href":"https:\/\/www.fedaiisf.it\/en\/wp-json\/wp\/v2\/types\/post"}],"author":[{"embeddable":true,"href":"https:\/\/www.fedaiisf.it\/en\/wp-json\/wp\/v2\/users\/4"}],"replies":[{"embeddable":true,"href":"https:\/\/www.fedaiisf.it\/en\/wp-json\/wp\/v2\/comments?post=45030"}],"version-history":[{"count":0,"href":"https:\/\/www.fedaiisf.it\/en\/wp-json\/wp\/v2\/posts\/45030\/revisions"}],"wp:featuredmedia":[{"embeddable":true,"href":"https:\/\/www.fedaiisf.it\/en\/wp-json\/wp\/v2\/media\/45033"}],"wp:attachment":[{"href":"https:\/\/www.fedaiisf.it\/en\/wp-json\/wp\/v2\/media?parent=45030"}],"wp:term":[{"taxonomy":"category","embeddable":true,"href":"https:\/\/www.fedaiisf.it\/en\/wp-json\/wp\/v2\/categories?post=45030"},{"taxonomy":"post_tag","embeddable":true,"href":"https:\/\/www.fedaiisf.it\/en\/wp-json\/wp\/v2\/tags?post=45030"}],"curies":[{"name":"wp","href":"https:\/\/api.w.org\/{rel}","templated":true}]}}