{"id":45151,"date":"2019-07-25T12:42:26","date_gmt":"2019-07-25T10:42:26","guid":{"rendered":"https:\/\/www.fedaiisf.it\/?p=45151"},"modified":"2019-07-25T12:48:14","modified_gmt":"2019-07-25T10:48:14","slug":"accordo-fondo-di-solidarieta-bilaterale-tris","status":"publish","type":"post","link":"https:\/\/www.fedaiisf.it\/en\/accordo-fondo-di-solidarieta-bilaterale-tris\/","title":{"rendered":"Rinnovato Accordo Fondo di solidariet\u00e0 bilaterale TRIS"},"content":{"rendered":"<p>In data 14 febbraio 2018 Femca CISL, Filctem CGIL, Uiltec UIL, Federchimica e Farmindustria, hanno sottoscritto a Roma l\u2019Accordo per la costituzione del Fondo T.R.I.S. \u2013 Tutele, Riqualificazione, Innovazione, Sostegno (ex art. 26, comma 10, D.lgs 148\/2015).<\/p>\n<p>L\u2019Accordo doveva essere recepito attraverso un apposito decreto del Ministero del Lavoro e delle Politiche Sociali e del Ministero dell\u2019Economia e Finanze.<\/p>\n<p><a href=\"https:\/\/www.fedaiisf.it\/wp-content\/uploads\/2019\/07\/Fondo-TRIS.jpg\"><img loading=\"lazy\" decoding=\"async\" class=\"wp-image-45143 alignright\" src=\"https:\/\/www.fedaiisf.it\/wp-content\/uploads\/2019\/07\/Fondo-TRIS-1024x576.jpg\" alt=\"\" width=\"460\" height=\"259\" srcset=\"https:\/\/www.fedaiisf.it\/wp-content\/uploads\/2019\/07\/Fondo-TRIS-1024x576.jpg 1024w, https:\/\/www.fedaiisf.it\/wp-content\/uploads\/2019\/07\/Fondo-TRIS-300x169.jpg 300w, https:\/\/www.fedaiisf.it\/wp-content\/uploads\/2019\/07\/Fondo-TRIS-768x432.jpg 768w, https:\/\/www.fedaiisf.it\/wp-content\/uploads\/2019\/07\/Fondo-TRIS-390x220.jpg 390w, https:\/\/www.fedaiisf.it\/wp-content\/uploads\/2019\/07\/Fondo-TRIS.jpg 1280w\" sizes=\"auto, (max-width: 460px) 100vw, 460px\" \/><\/a>A seguito dell\u2019approvazione del D.Legge 28 gennaio 2019 n.4, <a href=\"https:\/\/www.gazzettaufficiale.it\/atto\/serie_generale\/caricaArticolo?art.progressivo=0&amp;art.idArticolo=22&amp;art.versione=1&amp;art.codiceRedazionale=19A02239&amp;art.dataPubblicazioneGazzetta=2019-03-29&amp;art.idGruppo=2&amp;art.idSottoArticolo1=10&amp;art.idSottoArticolo=1&amp;art.flagTipoArticolo=0#art\" target=\"_blank\" rel=\"noopener noreferrer\"><strong>art. 22<\/strong><\/a>, \u00e8 stato rinnovato il 15 luglio scorso l\u2019accordo per renderlo operativo<\/p>\n<p>DESTINATARI<\/p>\n<p>Aziende e lavoratori dipendenti che volontariamente vogliano aderirvi, con qualsiasi qualifica e categoria, compresi i dirigenti, dei settori industriali chimico, farmaceutico, fibre chimiche, abrasivi, lubrificanti e GPL, e delle loro associazioni datoriali, indipendentemente dal numero di lavoratori occupati.<\/p>\n<p>FINALIT\u00c0<\/p>\n<p>l Fondo, costituito presso l\u2019INPS e gestito bilateralmente da un Comitato Amministratore, ha lo scopo di gestire processi aziendali di innovazione, ricambio generazionale e invecchiamento attivo dei lavoratori, utilizzando strumenti legislativi vigenti di sostegno al reddito e\/o di flessibilit\u00e0 in uscita dal mercato di lavoro.<\/p>\n<p>E, in particolare, il Fondo ha l\u2019obiettivo di:<\/p>\n<ul>\n<li>assicurare assegni integrativi ai lavoratori che, cessati dal servizio, raggiungono i requisiti previsti per il pensionamento di vecchiaia o anticipato nei successivi cinque anni;<\/li>\n<li>favorire percorsi di innovazione delle organizzazioni aziendali, ricambio generazionale e rinnovamento delle professionalit\u00e0;<\/li>\n<li>supportare percorsi di riconversione o riqualificazione professionale.<\/li>\n<\/ul>\n<p><a href=\"https:\/\/www.fedaiisf.it\/wp-content\/uploads\/2019\/07\/RITA.jpeg\"><img loading=\"lazy\" decoding=\"async\" class=\"wp-image-45147 alignleft\" src=\"https:\/\/www.fedaiisf.it\/wp-content\/uploads\/2019\/07\/RITA.jpeg\" alt=\"\" width=\"447\" height=\"482\" srcset=\"https:\/\/www.fedaiisf.it\/wp-content\/uploads\/2019\/07\/RITA.jpeg 616w, https:\/\/www.fedaiisf.it\/wp-content\/uploads\/2019\/07\/RITA-278x300.jpeg 278w\" sizes=\"auto, (max-width: 447px) 100vw, 447px\" \/><\/a>Questa misura \u00e8 rivolta ai lavoratori che raggiungono il diritto alla pensione di vecchiaia o anticipata entro 5 anni dalla cessazione del rapporto di lavoro, ed \u00e8 cumulabile con altre forme di accesso alla pensione, quali APE Sociale e RITA:<\/p>\n<ol>\n<li>Lavoratori che raggiungano il primo accesso alla pensione con le regole del pensionamento di vecchiaia.<\/li>\n<\/ol>\n<p>A costoro \u00e8 riconosciuto un assegno, in forma rateale, fino al raggiungimento dei requisiti di pensione, eventualmente cumulabile con la NASpI, per garantire un importo pari al trattamento pensionistico calcolato al momento della cessazione del rapporto di lavoro;<\/p>\n<ol start=\"2\">\n<li>Lavoratori che raggiungano la pensione anticipata prima della pensione di vecchiaia.<\/li>\n<\/ol>\n<p>RICAMBIO GENERAZIONALE<\/p>\n<p>Accordi di solidariet\u00e0 espansiva: i lavoratori e le aziende potranno avvalersi delle prestazioni in termini di\u00a0 riduzione di orario e anticipo pensionistico previste all\u2019art.41comma 5 del D.Lgs. 148\/2015.<\/p>\n<p>INNOVAZIONE ORGANIZZATIVA E RINNOVAMENTO DELLE COMPETENZE E MIX GENERAZIONALE<\/p>\n<p>Tali prestazioni sono rivolte ai lavoratori che, per condizioni anagrafiche e contributive, non maturano i requisiti pensionistici nei 5 anni successivi.<\/p>\n<p>Nello specifico, il Fondo riconosce una prestazione integrativa che pu\u00f2 essere sommata alla NAspi, ove riconosciuta, in modo tale da garantire un importo non inferiore al 30% della retribuzione e comunque non inferiore alla Naspi, incrementata di non meno di 12 mesi rispetto alla durata prevista per la Naspi stessa.<\/p>\n<p>CONDIZIONI<\/p>\n<p>L\u2019assegno integrativo per il prepensionamento \u00e8 corrisposto fino alla fine del mese antecedente alla decorrenza della pensione. La contribuzione correlata, ove prevista, spetta fino al raggiungimento dell\u2019anzianit\u00e0 contributiva necessaria al primo accesso alla pensione.<\/p>\n<p>In ogni caso l\u2019assegno integrativo non potr\u00e0 essere corrisposto per oltre 60 mesi a partire dalla data di accesso al Fondo.<\/p>\n<p>Il lavoratore pu\u00f2 richiedere un assegno in un\u2019unica soluzione, per le prestazioni di prepensionamento e per coloro che non raggiungono il diritto alla pensione, per un importo pari al 50% della prestazione che sarebbe stata rateizzata. In questo caso la contribuzione correlata, se prevista, non \u00e8 dovuta.<\/p>\n<p>Le prestazioni fornite dal Fondo sono compatibili e cumulabili con i redditi da lavoro dipendente o autonomo secondo le normative in vigore<\/p>\n<p><a href=\"https:\/\/www.fedaiisf.it\/wp-content\/uploads\/2019\/07\/naspi.png\"><img loading=\"lazy\" decoding=\"async\" class=\"wp-image-45148 alignright\" src=\"https:\/\/www.fedaiisf.it\/wp-content\/uploads\/2019\/07\/naspi.png\" alt=\"\" width=\"371\" height=\"198\" srcset=\"https:\/\/www.fedaiisf.it\/wp-content\/uploads\/2019\/07\/naspi.png 640w, https:\/\/www.fedaiisf.it\/wp-content\/uploads\/2019\/07\/naspi-300x160.png 300w\" sizes=\"auto, (max-width: 371px) 100vw, 371px\" \/><\/a>ACCESSO ALLE PRESTAZIONI<\/p>\n<p>L\u2019accesso alle prestazioni \u00e8 volontario per le aziende e per i lavoratori, e vincolato ai seguenti requisiti:<\/p>\n<ul>\n<li>Esigenze di innovazione dei processi aziendali e di ricambio delle professionalit\u00e0;<\/li>\n<li>Per l\u2019accesso alle prestazioni del Fondo \u00e8 vincolante un accordo sindacale derivante o meno da una procedura di legge 223\/91. L\u2019accordo deve prevedere un confronto sul bilanciamento dell\u2019occupazione in azienda;<\/li>\n<\/ul>\n<p>Successivamente \u00e8 necessario un accordo tra azienda e lavoratore per attivare la prestazione richiesta;<\/p>\n<p>Ape sociale, RITA e NASpI. L\u2019eventuale mancato accesso alle relative prestazioni integrative, non comporta l\u2019esclusione dal ricorso alle prestazioni del Fondo.<\/p>\n<p>PRESTAZIONE INTEGRATIVA DI RITA E NASPI<\/p>\n<p>Nei casi in cui il lavoratore acceda alla prestazione RITA e maturi il diritto alla NASPI, il Fondo eroga un assegno integrativo secondo i seguenti criteri:<\/p>\n<ul>\n<li>Primi due anni: prestazione integrativa erogata mensilmente che, sommata alla Naspi, risulta pari al trattamento pensionistico calcolato alla data di cessazione del rapporto di lavoro;<\/li>\n<li>Terzo anno (e annualit\u00e0 precedenti se non coperte da Naspi): riconosciuta una prestazione pari al trattamento pensionistico calcolato alla data di cessazione del rapporto di lavoro;<\/li>\n<li>Quarto e quinto anno: il Fondo eroga una prestazione che sommata alla RITA \u00e8 pari al trattamento pensionistico calcolato alla data di cessazione del rapporto di lavoro. Qualora il diritto alla pensione venga raggiunto prima dei 5 anni dalla cessazione del rapporto di lavoro, il Fondo riconosce prioritariamente la prestazione integrativa della Naspi e successivamente la prestazione della RITA.<\/li>\n<\/ul>\n<p>FINANZIAMENTO DELLE PRESTAZIONI<\/p>\n<p>Ciascuna Azienda finanzia il Fondo attraverso una contribuzione straordinaria pari al fabbisogno di copertura delle prestazioni richieste.<\/p>\n<p>Le Parti istitutive possono valutare ulteriori forme di finanziamento in futuro.<\/p>\n<p>NORME FINALI<\/p>\n<p>L\u2019Accordo sar\u00e0 presentato al Ministero del Lavoro e delle Politiche Sociali al fine del recepimento in decreto.<\/p>\n<p>Sono previsti momenti periodici di verifica sul suo andamento.<\/p>\n<p>Quanto non previsto dall\u2019accordo istitutivo del Fondo \u00e8 demandato alla contrattazione aziendale.<\/p>\n<p>Sar\u00e0 promossa una attivit\u00e0 di informazione per i lavoratori e le imprese che garantisca una adeguata conoscenza delle opportunit\u00e0 previste e una adesione consapevole alle prestazioni del FONDO TRIS.<\/p>\n<p>Sotto il testo dell\u2019Accordo sottoscritto<\/p>\n<p><a href=\"https:\/\/www.fedaiisf.it\/wp-content\/uploads\/2019\/07\/ACCORDO-FSB-FONDO-TRIS-CGIL-CISL-UIL-15-luglio.pdf\" target=\"_blank\" rel=\"noopener noreferrer\">ACCORDO \u2013 FSB \u2013 FONDO TRIS \u2013 CGIL \u2013 CISL \u2013 UIL \u2013 15 luglio<\/a><\/p>\n<p>Related news:\u00a0<a href=\"https:\/\/www.fedaiisf.it\/en\/comunicato-sindacale-su-criticita-tris\/\" target=\"_blank\" rel=\"noopener noreferrer\">Union press release on TRIS critical issues<\/a><\/p>\n<p>&nbsp;<\/p>","protected":false},"excerpt":{"rendered":"<p>In data 14 febbraio 2018 Femca CISL, Filctem CGIL, Uiltec UIL, Federchimica e Farmindustria, hanno sottoscritto a Roma l\u2019Accordo per la costituzione del Fondo T.R.I.S. \u2013 Tutele, Riqualificazione, Innovazione, Sostegno (ex art. 26, comma 10, D.lgs 148\/2015). L\u2019Accordo doveva essere recepito attraverso un apposito decreto del Ministero del Lavoro e delle Politiche Sociali e del &hellip;<\/p>","protected":false},"author":4,"featured_media":45149,"comment_status":"closed","ping_status":"closed","sticky":false,"template":"","format":"standard","meta":{"footnotes":""},"categories":[1],"tags":[],"class_list":["post-45151","post","type-post","status-publish","format-standard","has-post-thumbnail","hentry","category-notizie"],"amp_enabled":true,"_links":{"self":[{"href":"https:\/\/www.fedaiisf.it\/en\/wp-json\/wp\/v2\/posts\/45151","targetHints":{"allow":["GET"]}}],"collection":[{"href":"https:\/\/www.fedaiisf.it\/en\/wp-json\/wp\/v2\/posts"}],"about":[{"href":"https:\/\/www.fedaiisf.it\/en\/wp-json\/wp\/v2\/types\/post"}],"author":[{"embeddable":true,"href":"https:\/\/www.fedaiisf.it\/en\/wp-json\/wp\/v2\/users\/4"}],"replies":[{"embeddable":true,"href":"https:\/\/www.fedaiisf.it\/en\/wp-json\/wp\/v2\/comments?post=45151"}],"version-history":[{"count":0,"href":"https:\/\/www.fedaiisf.it\/en\/wp-json\/wp\/v2\/posts\/45151\/revisions"}],"wp:featuredmedia":[{"embeddable":true,"href":"https:\/\/www.fedaiisf.it\/en\/wp-json\/wp\/v2\/media\/45149"}],"wp:attachment":[{"href":"https:\/\/www.fedaiisf.it\/en\/wp-json\/wp\/v2\/media?parent=45151"}],"wp:term":[{"taxonomy":"category","embeddable":true,"href":"https:\/\/www.fedaiisf.it\/en\/wp-json\/wp\/v2\/categories?post=45151"},{"taxonomy":"post_tag","embeddable":true,"href":"https:\/\/www.fedaiisf.it\/en\/wp-json\/wp\/v2\/tags?post=45151"}],"curies":[{"name":"wp","href":"https:\/\/api.w.org\/{rel}","templated":true}]}}