{"id":45336,"date":"2019-08-02T01:57:32","date_gmt":"2019-08-01T23:57:32","guid":{"rendered":"https:\/\/www.fedaiisf.it\/?p=45336"},"modified":"2019-09-14T12:58:30","modified_gmt":"2019-09-14T10:58:30","slug":"regione-emilia-romagna-fedaiisf-continua-gli-incontri-con-i-gruppi-consiliari-sulle-criticita-del-regolamento-isf-il-31-luglio-lincontro-con-il-pd","status":"publish","type":"post","link":"https:\/\/www.fedaiisf.it\/en\/regione-emilia-romagna-fedaiisf-continua-gli-incontri-con-i-gruppi-consiliari-sulle-criticita-del-regolamento-isf-il-31-luglio-lincontro-con-il-pd\/","title":{"rendered":"Emilia Romagna region. Fedaiisf continues the meetings with the board groups on the critical issues of the ISF regulation. On 31 July the meeting with the PD"},"content":{"rendered":"<p>Mercoled\u00ec 31\/07 in serata, una delegazione di Fedaiisf costituita da: Lorenzo D&#8217;Arpa, Vita Verardi, Alberto Bonomo, Massimo Camatti e Fabio Francia, ha incontrato il consigliere regionale del PD dott. Giuseppe Boschini (<em>il terzo da sinistra nella foto<\/em>) facente parte della Commissione IV &#8211; Politiche per la Salute e Politiche Sociali della Regione Emilia Romagna.<\/p>\n<p><a href=\"https:\/\/www.fedaiisf.it\/wp-content\/uploads\/2019\/08\/Fedaiisf-Emilia-Romagna-incontro-con-Cons.-Boschini.jpeg\"><img loading=\"lazy\" decoding=\"async\" class=\"wp-image-45338 alignright\" src=\"https:\/\/www.fedaiisf.it\/wp-content\/uploads\/2019\/08\/Fedaiisf-Emilia-Romagna-incontro-con-Cons.-Boschini.jpeg\" alt=\"\" width=\"513\" height=\"314\" srcset=\"https:\/\/www.fedaiisf.it\/wp-content\/uploads\/2019\/08\/Fedaiisf-Emilia-Romagna-incontro-con-Cons.-Boschini.jpeg 962w, https:\/\/www.fedaiisf.it\/wp-content\/uploads\/2019\/08\/Fedaiisf-Emilia-Romagna-incontro-con-Cons.-Boschini-300x184.jpeg 300w, https:\/\/www.fedaiisf.it\/wp-content\/uploads\/2019\/08\/Fedaiisf-Emilia-Romagna-incontro-con-Cons.-Boschini-768x470.jpeg 768w\" sizes=\"auto, (max-width: 513px) 100vw, 513px\" \/><\/a>La nostra delegazione ha evidenziato, ancora una volta, le criticit\u00e0 determinate dalla delibera e dai relativi regolamenti attuativi, compreso il registro informatizzato implementato dalla ASL di Bologna.<\/p>\n<p>Il colloquio si \u00e8 svolto in maniera proficua e costruttiva, argomentando ampiamente sul ruolo dell&#8217;ISF e sul suo profilo altamente regolato dalla attuale legislazione Nazionale. Siamo poi passati ad evidenziare la grave difficolt\u00e0 di accesso alle strutture sanitarie pubbliche, e quindi ai medici, che l&#8217;ISF sta subendo in seguito alla delibera stessa, ai relativi regolamenti e gli applicativi ad essi riconducibili, evidenziando come tutto questo possa paventare anche il rischio reale di possibili perdite di posti di lavoro tra noi ISF proprio in questa regione.<\/p>\n<p>Il consigliere dott. Giuseppe Boschini ci ha da sub\u00ecto manifestato la sua disponibilit\u00e0 per risolvere le problematiche sollevate e il suo sostegno politico concreto affinch\u00e9 si possa aprire una interlocuzione costruttiva con gli uffici regionali preposti; inoltre si \u00e8 dimostrato disponibile ad accompagnare, nei prossimi mesi, ogni possibile finestra di disponibilit\u00e0 tra le parti, al fine di arrivare a soluzioni condivise.<\/p>\n<p>Ringraziamo di tale disponibilit\u00e0, attendiamo fatti concreti in merito, proprio da chi governa la Regione e che ha emesso tale delibera e continuiamo, ancora pi\u00f9 determinati, nel nostro impegno a salvaguardare e valorizzare il nostro lavoro ed il nostro ruolo come parte attiva in ambito sanitario.<\/p>\n<p>Il Coordinamento Regionale Fedaiisf dell&#8217;Emilia Romagna<\/p>\n<p>Bologna 2 agosto 2019<\/p>","protected":false},"excerpt":{"rendered":"<p>Mercoled\u00ec 31\/07 in serata, una delegazione di Fedaiisf costituita da: Lorenzo D&#8217;Arpa, Vita Verardi, Alberto Bonomo, Massimo Camatti e Fabio Francia, ha incontrato il consigliere regionale del PD dott. Giuseppe Boschini (il terzo da sinistra nella foto) facente parte della Commissione IV &#8211; Politiche per la Salute e Politiche Sociali della Regione Emilia Romagna. La &hellip;<\/p>","protected":false},"author":4,"featured_media":45340,"comment_status":"closed","ping_status":"closed","sticky":false,"template":"","format":"standard","meta":{"footnotes":""},"categories":[16],"tags":[21,41],"class_list":["post-45336","post","type-post","status-publish","format-standard","has-post-thumbnail","hentry","category-primo-piano","tag-informatori-scientifici","tag-leggisentenze"],"amp_enabled":true,"_links":{"self":[{"href":"https:\/\/www.fedaiisf.it\/en\/wp-json\/wp\/v2\/posts\/45336","targetHints":{"allow":["GET"]}}],"collection":[{"href":"https:\/\/www.fedaiisf.it\/en\/wp-json\/wp\/v2\/posts"}],"about":[{"href":"https:\/\/www.fedaiisf.it\/en\/wp-json\/wp\/v2\/types\/post"}],"author":[{"embeddable":true,"href":"https:\/\/www.fedaiisf.it\/en\/wp-json\/wp\/v2\/users\/4"}],"replies":[{"embeddable":true,"href":"https:\/\/www.fedaiisf.it\/en\/wp-json\/wp\/v2\/comments?post=45336"}],"version-history":[{"count":0,"href":"https:\/\/www.fedaiisf.it\/en\/wp-json\/wp\/v2\/posts\/45336\/revisions"}],"wp:featuredmedia":[{"embeddable":true,"href":"https:\/\/www.fedaiisf.it\/en\/wp-json\/wp\/v2\/media\/45340"}],"wp:attachment":[{"href":"https:\/\/www.fedaiisf.it\/en\/wp-json\/wp\/v2\/media?parent=45336"}],"wp:term":[{"taxonomy":"category","embeddable":true,"href":"https:\/\/www.fedaiisf.it\/en\/wp-json\/wp\/v2\/categories?post=45336"},{"taxonomy":"post_tag","embeddable":true,"href":"https:\/\/www.fedaiisf.it\/en\/wp-json\/wp\/v2\/tags?post=45336"}],"curies":[{"name":"wp","href":"https:\/\/api.w.org\/{rel}","templated":true}]}}