{"id":45359,"date":"2019-08-03T11:06:58","date_gmt":"2019-08-03T09:06:58","guid":{"rendered":"https:\/\/www.fedaiisf.it\/?p=45359"},"modified":"2019-10-01T13:04:02","modified_gmt":"2019-10-01T11:04:02","slug":"regione-emilia-romagna-le-oo-ss-chiedono-incontro-urgente-sulla-criticita-del-regolamento","status":"publish","type":"post","link":"https:\/\/www.fedaiisf.it\/en\/regione-emilia-romagna-le-oo-ss-chiedono-incontro-urgente-sulla-criticita-del-regolamento\/","title":{"rendered":"Emilia Romagna region. The trade unions they ask for an urgent meeting on the criticality of the regulation"},"content":{"rendered":"<div class=\"page\" title=\"Page 1\">\n<div class=\"section\">\n<div class=\"layoutArea\">\n<div class=\"column\">\n<p>FILCTEM CGIL EMILIA ROMAGNA<\/p>\n<p>FEMCA CISL EMILIA ROMAGNA<\/p>\n<p>UILTEC UIL EMILIA ROMAGNA<\/p>\n<p style=\"text-align: right;\">Regione Emilia Romagna<\/p>\n<p style=\"text-align: right;\">Assessorato alla Sanit\u00e0<\/p>\n<p>Bologna, 2 agosto 2019<\/p>\n<p>Oggetto: richiesta di incontro<\/p>\n<\/div>\n<\/div>\n<div class=\"layoutArea\">\n<div class=\"column\">\n<p>Con la seguente esprimiamo la nostra preoccupazione, a seguito del comunicato prodotto dalla Direzione ASL di Bologna l&#8217; 11 luglio 2019 sulla messa in opera dal 01\/08\/2019, di un &#8220;Registro informatizzato degli accessi degli informatori scientifici nelle sedi aziendali&#8221;.<br \/>\nLa preoccupazione ci perviene dal confronto con i lavoratori interessati a questo provvedimento e con i nostri delegati nelle Aziende in cui lavorano.<\/p>\n<p>\u00c9 una preoccupazione che consta di alcuni importanti aspetti:<br \/>\n1) \u00e8 un provvedimento che nelle sue terminologie, dai lavoratori viene percepito come accusatorio, che di fondo da una visione distorta della categoria degli informatori, visti come un pericolo da contrastare;<br \/>\n2) ci dicono che un provvedimento cos\u00ec complesso e restrittivo di fatto rende difficilissimo lo svolgimento della professione, con la conseguenza, come gi\u00e0 si comincia a vedere, di volont\u00e0 da parte delle Aziende di ridurre la forza lavoro;<br \/>\n3) un siffatto provvedimento si reputa che vada nella direzione opposta a quella auspicata dal suo intento, cio\u00e8 di prevenzione di eventi di corruzione.<\/p>\n<p>Riteniamo che il lavoro dell&#8217;informatore sia assolutamente il pi\u00f9 importante nell&#8217;opera di divulgazione dell&#8217;uso corretto dei farmaci e che esso ricopra un ruolo fondamentale nel servizio della tutela della salute pubblica.<\/p>\n<p>Nel limitarlo o nel renderlo complicato c&#8217;\u00e8 il forte rischio che emergano altre figure non regolate dalla legge e che si inseriscano nel delicato mondo della salute. C&#8217;\u00e8 il rischio che il mondo farmaceutico percorra altre vie ancora non giuridicamente regolate.<\/p>\n<p>Auspichiamo che la figura dell&#8217;informatore scientifico non venga indebolita nella sua agibilit\u00e0 ma rafforzata ancora di pi\u00f9 nel perimetro legislativo in cui \u00e8 inserita.<\/p>\n<p>Vorremmo impegnarci, insieme a tutti gli attori del mondo del farmaco e della salute pubblica, a far s\u00ec che questa figura sia difesa dentro l&#8217;area della divulgazione scientifica, come gli stessi principali interpreti ci chiedono.<\/p>\n<p>Pertanto vi chiediamo un incontro per poterci confrontare sul provvedimento suddetto, come in altre occasioni ci eravamo promessi, ed eventualmente allargare la discussione ad una visione pi\u00f9 ampia della divulgazione corretta all&#8217;uso dei farmaci.<\/p>\n<p style=\"text-align: right;\">FILCTEM CGIL EMILIA ROMAGNA<\/p>\n<p style=\"text-align: right;\">FEMCA CISL EMILIA ROMAGNA<\/p>\n<p style=\"text-align: right;\">UILTEC UIL EMILIA ROMAGNA<\/p>\n<\/div>\n<\/div>\n<\/div>\n<\/div>","protected":false},"excerpt":{"rendered":"<p>FILCTEM CGIL EMILIA ROMAGNA FEMCA CISL EMILIA ROMAGNA UILTEC UIL EMILIA ROMAGNA Regione Emilia Romagna Assessorato alla Sanit\u00e0 Bologna, 2 agosto 2019 Oggetto: richiesta di incontro Con la seguente esprimiamo la nostra preoccupazione, a seguito del comunicato prodotto dalla Direzione ASL di Bologna l&#8217; 11 luglio 2019 sulla messa in opera dal 01\/08\/2019, di un &hellip;<\/p>","protected":false},"author":4,"featured_media":45362,"comment_status":"closed","ping_status":"closed","sticky":false,"template":"","format":"standard","meta":{"footnotes":""},"categories":[1],"tags":[21,41,44],"class_list":["post-45359","post","type-post","status-publish","format-standard","has-post-thumbnail","hentry","category-notizie","tag-informatori-scientifici","tag-leggisentenze","tag-sindacati"],"amp_enabled":true,"_links":{"self":[{"href":"https:\/\/www.fedaiisf.it\/en\/wp-json\/wp\/v2\/posts\/45359","targetHints":{"allow":["GET"]}}],"collection":[{"href":"https:\/\/www.fedaiisf.it\/en\/wp-json\/wp\/v2\/posts"}],"about":[{"href":"https:\/\/www.fedaiisf.it\/en\/wp-json\/wp\/v2\/types\/post"}],"author":[{"embeddable":true,"href":"https:\/\/www.fedaiisf.it\/en\/wp-json\/wp\/v2\/users\/4"}],"replies":[{"embeddable":true,"href":"https:\/\/www.fedaiisf.it\/en\/wp-json\/wp\/v2\/comments?post=45359"}],"version-history":[{"count":0,"href":"https:\/\/www.fedaiisf.it\/en\/wp-json\/wp\/v2\/posts\/45359\/revisions"}],"wp:featuredmedia":[{"embeddable":true,"href":"https:\/\/www.fedaiisf.it\/en\/wp-json\/wp\/v2\/media\/45362"}],"wp:attachment":[{"href":"https:\/\/www.fedaiisf.it\/en\/wp-json\/wp\/v2\/media?parent=45359"}],"wp:term":[{"taxonomy":"category","embeddable":true,"href":"https:\/\/www.fedaiisf.it\/en\/wp-json\/wp\/v2\/categories?post=45359"},{"taxonomy":"post_tag","embeddable":true,"href":"https:\/\/www.fedaiisf.it\/en\/wp-json\/wp\/v2\/tags?post=45359"}],"curies":[{"name":"wp","href":"https:\/\/api.w.org\/{rel}","templated":true}]}}