{"id":45711,"date":"2019-09-04T16:47:00","date_gmt":"2019-09-04T14:47:00","guid":{"rendered":"https:\/\/www.fedaiisf.it\/?p=45711"},"modified":"2019-10-31T12:42:36","modified_gmt":"2019-10-31T11:42:36","slug":"incontro-sindacati-regione-emilia-romagna-sul-regolamento-isf-clima-costruttivo-gli-isf-lavoreranno-in-serenita","status":"publish","type":"post","link":"https:\/\/www.fedaiisf.it\/en\/incontro-sindacati-regione-emilia-romagna-sul-regolamento-isf-clima-costruttivo-gli-isf-lavoreranno-in-serenita\/","title":{"rendered":"Meeting of the Emilia Romagna Region Unions on the &quot;ISF Regulation&quot;. constructive atmosphere. The ISF will work in serenity"},"content":{"rendered":"<div class=\"page\" title=\"Page 1\">\n<div class=\"layoutArea\">\n<div class=\"column\">\n<h3>All&#8217;incontro erano presenti, i segretari regionali delle tre sigle sindacali, due informatori scientifici e delegati sindacali (anche aderenti all\u2019associazione professionale ISF), i funzionari regionali Dr.ssa Solfrini, responsabile dell&#8217;Area Farmaceutica e delle Politiche del Farmaco, la Dr.ssa Silvani, referente fornitori, la Dr.ssa Negri, referente giuridico di merito.<\/h3>\n<h3>L&#8217;incontro si \u00e8 svolto in un clima costruttivo.<br \/>\nSi \u00e8 ribadita la volont\u00e0 di risolvere con urgenza le criticit\u00e0 evidenziate dai sindacati (ricadute occupazionali conseguenti ad un regolamento eccessivamente restrittivo, rischi opposti agli intenti sul controllo dei fenomeni di corruzione, scredito della figura professionale dell&#8217;ISF, modalit\u00e0 di accesso estremamente complessa e farraginosa per l&#8217;operatore ISF e per il Medico).<\/h3>\n<h3>Le Istituzioni confermano l&#8217;apertura di un tavolo tecnico a met\u00e0 settembre, per affrontare congiuntamente le problematiche, e consentire al meglio l&#8217;informazione scientifica, di cui viene riconosciuta l&#8217;importanza.<\/h3>\n<h3>Questo tavolo tecnico sar\u00e0 un tavolo allargato, dunque oltre agli addetti regionali ed alle rappresentanze sindacali, saranno coinvolte anche le associazioni professionali.<br \/>\nIl tavolo tecnico si adoperer\u00e0, a breve di trovare soluzioni pratiche che consentano agli Informatori di lavorare in serenit\u00e0 e agli enti locali di monitorare in trasparenza la loro attivit\u00e0 nelle strutture sanitarie pubbliche, e a pi\u00f9 lungo termine di rivedere insieme il ruolo fondamentale della formazione, e dell&#8217;informazione scientifica in campo sanitario.<\/h3>\n<h3>Fin da ora Filctem, Femca e Uiltec si impegnano a costruire una delegazione qualificata di propri delegati dell\u2019area ISF.<\/h3>\n<hr \/>\n<h3>Editor&#039;s note:<\/h3>\n<p><em>Fedaiisf esprime la propria soddisfazione per l&#8217;esito\u00a0dell&#8217;incontro delle Autorit\u00e0 regionali dell&#8217;Emilia Romagna con le OO.SS. Come gi\u00e0 espresso alle stesse Autorit\u00e0 regionali in un precedente incontro, Fedaiisf \u00a0\u00e8 assolutamente d&#8217;accordo sul tema della trasparenza e sull&#8217;istituzione di un tavolo tecnico, a cui parteciper\u00e0 come associazione professionale degli ISF. Tavolo tecnico che dovr\u00e0 appunto trovare e conciliare in modo semplice l&#8217;esigenza di trasparenza con l&#8217;impegno professionale degli ISF. Come Associazione professionale, Fedaiisf incontrer\u00e0 prossimamente ancora le Autorit\u00e0 regionali.\u00a0Ringraziamo i colleghi Pietro Gualandi ISF su Bologna e Fabio Francia ISF su Modena che erano presenti a questo incontro in qualit\u00e0 di sindacalisti.<\/em><\/p>\n<\/div>\n<\/div>\n<\/div>","protected":false},"excerpt":{"rendered":"<p>All&#8217;incontro erano presenti, i segretari regionali delle tre sigle sindacali, due informatori scientifici e delegati sindacali (anche aderenti all\u2019associazione professionale ISF), i funzionari regionali Dr.ssa Solfrini, responsabile dell&#8217;Area Farmaceutica e delle Politiche del Farmaco, la Dr.ssa Silvani, referente fornitori, la Dr.ssa Negri, referente giuridico di merito. L&#8217;incontro si \u00e8 svolto in un clima costruttivo. Si &hellip;<\/p>","protected":false},"author":4,"featured_media":45713,"comment_status":"closed","ping_status":"closed","sticky":false,"template":"","format":"standard","meta":{"footnotes":""},"categories":[16],"tags":[],"class_list":["post-45711","post","type-post","status-publish","format-standard","has-post-thumbnail","hentry","category-primo-piano"],"amp_enabled":true,"_links":{"self":[{"href":"https:\/\/www.fedaiisf.it\/en\/wp-json\/wp\/v2\/posts\/45711","targetHints":{"allow":["GET"]}}],"collection":[{"href":"https:\/\/www.fedaiisf.it\/en\/wp-json\/wp\/v2\/posts"}],"about":[{"href":"https:\/\/www.fedaiisf.it\/en\/wp-json\/wp\/v2\/types\/post"}],"author":[{"embeddable":true,"href":"https:\/\/www.fedaiisf.it\/en\/wp-json\/wp\/v2\/users\/4"}],"replies":[{"embeddable":true,"href":"https:\/\/www.fedaiisf.it\/en\/wp-json\/wp\/v2\/comments?post=45711"}],"version-history":[{"count":0,"href":"https:\/\/www.fedaiisf.it\/en\/wp-json\/wp\/v2\/posts\/45711\/revisions"}],"wp:featuredmedia":[{"embeddable":true,"href":"https:\/\/www.fedaiisf.it\/en\/wp-json\/wp\/v2\/media\/45713"}],"wp:attachment":[{"href":"https:\/\/www.fedaiisf.it\/en\/wp-json\/wp\/v2\/media?parent=45711"}],"wp:term":[{"taxonomy":"category","embeddable":true,"href":"https:\/\/www.fedaiisf.it\/en\/wp-json\/wp\/v2\/categories?post=45711"},{"taxonomy":"post_tag","embeddable":true,"href":"https:\/\/www.fedaiisf.it\/en\/wp-json\/wp\/v2\/tags?post=45711"}],"curies":[{"name":"wp","href":"https:\/\/api.w.org\/{rel}","templated":true}]}}