{"id":45872,"date":"2019-09-13T12:20:42","date_gmt":"2019-09-13T10:20:42","guid":{"rendered":"https:\/\/www.fedaiisf.it\/?p=45872"},"modified":"2019-09-13T12:20:42","modified_gmt":"2019-09-13T10:20:42","slug":"nomine-sottosegretari-alla-salute-viceministro-m5s-pierpaolo-sileri-e-sottosegretario-pd-sandra-zampa","status":"publish","type":"post","link":"https:\/\/www.fedaiisf.it\/en\/nomine-sottosegretari-alla-salute-viceministro-m5s-pierpaolo-sileri-e-sottosegretario-pd-sandra-zampa\/","title":{"rendered":"Undersecretary appointments. Cheers to M5S Deputy Minister Pierpaolo Sileri and Pd Undersecretary Sandra Zampa."},"content":{"rendered":"<p><b>Pierpaolo Sileri<\/b>\u00a0, nato il 25 agosto 1972 a Roma. Si laurea con lode in Medicina e Chirurgia nel 1998 presso <a href=\"https:\/\/www.fedaiisf.it\/wp-content\/uploads\/2019\/09\/Pierpaolo_Sileri_M5S-sottosegretario-salute.jpg\"><img loading=\"lazy\" decoding=\"async\" class=\"size-full wp-image-45876 alignright\" src=\"https:\/\/www.fedaiisf.it\/wp-content\/uploads\/2019\/09\/Pierpaolo_Sileri_M5S-sottosegretario-salute.jpg\" alt=\"\" width=\"180\" height=\"240\" \/><\/a>l&#8217;Universit\u00e0 di Roma Tor Vergata dove consegue la specializzazione ed il Dottorato di ricerca in Robotica e scienze informatiche applicate alla chirurgia. Chirurgo specializzato nelle patologie dell&#8217;apparato digerente. Alle elezioni politiche del marzo 2018 viene eletto al Senato della Repubblica nel collegio uninominale di Roma-Collatino, sostenuto dal Movimento 5 Stelle, sconfiggendo di stretta misura la candidata del centro-destra Lavinia Mennuni.<\/p>\n<p>Il 21 giugno 2018 viene eletto Presidente della 12\u00b0 Commissione permanente Igiene e Sanit\u00e0 del Senato. Il 31 ottobre 2018 \u00e8 nominato membro della Commissione parlamentare per l&#8217;infanzia e l&#8217;adolescenza del Senato.<\/p>\n<p>Nel corso della XVIII legislatura ha presentato come primo firmatario un insieme di DDL inerenti: l&#8217;insegnamento dell&#8217;educazione sanitaria nella scuola, la donazione del corpo a fini di ricerca, la cura dell&#8217;endometriosi e la modifica dell&#8217;articolo 117 della Costituzione. Ha inoltre promosso l&#8217;istituzione della giornata nazionale della salute dell&#8217;uomo e quella per l&#8217;aderenza alla terapia, infine si \u00e8 <a href=\"https:\/\/www.fedaiisf.it\/wp-content\/uploads\/2019\/09\/Sandra-Zampa-sottosegretario-salute.jpg\"><img loading=\"lazy\" decoding=\"async\" class=\"wp-image-45877 alignleft\" src=\"https:\/\/www.fedaiisf.it\/wp-content\/uploads\/2019\/09\/Sandra-Zampa-sottosegretario-salute.jpg\" alt=\"\" width=\"268\" height=\"151\" srcset=\"https:\/\/www.fedaiisf.it\/wp-content\/uploads\/2019\/09\/Sandra-Zampa-sottosegretario-salute.jpg 800w, https:\/\/www.fedaiisf.it\/wp-content\/uploads\/2019\/09\/Sandra-Zampa-sottosegretario-salute-300x169.jpg 300w, https:\/\/www.fedaiisf.it\/wp-content\/uploads\/2019\/09\/Sandra-Zampa-sottosegretario-salute-768x432.jpg 768w, https:\/\/www.fedaiisf.it\/wp-content\/uploads\/2019\/09\/Sandra-Zampa-sottosegretario-salute-390x220.jpg 390w\" sizes=\"auto, (max-width: 268px) 100vw, 268px\" \/><\/a>occupato provvedimenti sull&#8217;autismo e della tutela dei pazienti stomizzati ed incontinenti.<\/p>\n<p><b>Sandra<\/b>\u00a0<strong>Zampa.<\/strong> Nata a Mercato Saraceno, 16 maggio 1956. Laureata in scienze politiche presso l&#8217;Universit\u00e0 degli Studi di Bologna, con una tesi sulla storia della Chiesa. Giornalista. Storica portavoce dell\u2019ex premier Romano Prodi, \u00e8 gi\u00e0 stata deputata per due legislature, dal 2008 al 2018. Ricandidata alle Politiche dello scorso anno, non \u00e8 stata rieletta.<\/p>","protected":false},"excerpt":{"rendered":"<p>Pierpaolo Sileri\u00a0, nato il 25 agosto 1972 a Roma. Si laurea con lode in Medicina e Chirurgia nel 1998 presso l&#8217;Universit\u00e0 di Roma Tor Vergata dove consegue la specializzazione ed il Dottorato di ricerca in Robotica e scienze informatiche applicate alla chirurgia. Chirurgo specializzato nelle patologie dell&#8217;apparato digerente. Alle elezioni politiche del marzo 2018 viene &hellip;<\/p>","protected":false},"author":4,"featured_media":45874,"comment_status":"closed","ping_status":"closed","sticky":false,"template":"","format":"standard","meta":{"footnotes":""},"categories":[1],"tags":[79],"class_list":["post-45872","post","type-post","status-publish","format-standard","has-post-thumbnail","hentry","category-notizie","tag-ssn"],"amp_enabled":true,"_links":{"self":[{"href":"https:\/\/www.fedaiisf.it\/en\/wp-json\/wp\/v2\/posts\/45872","targetHints":{"allow":["GET"]}}],"collection":[{"href":"https:\/\/www.fedaiisf.it\/en\/wp-json\/wp\/v2\/posts"}],"about":[{"href":"https:\/\/www.fedaiisf.it\/en\/wp-json\/wp\/v2\/types\/post"}],"author":[{"embeddable":true,"href":"https:\/\/www.fedaiisf.it\/en\/wp-json\/wp\/v2\/users\/4"}],"replies":[{"embeddable":true,"href":"https:\/\/www.fedaiisf.it\/en\/wp-json\/wp\/v2\/comments?post=45872"}],"version-history":[{"count":0,"href":"https:\/\/www.fedaiisf.it\/en\/wp-json\/wp\/v2\/posts\/45872\/revisions"}],"wp:featuredmedia":[{"embeddable":true,"href":"https:\/\/www.fedaiisf.it\/en\/wp-json\/wp\/v2\/media\/45874"}],"wp:attachment":[{"href":"https:\/\/www.fedaiisf.it\/en\/wp-json\/wp\/v2\/media?parent=45872"}],"wp:term":[{"taxonomy":"category","embeddable":true,"href":"https:\/\/www.fedaiisf.it\/en\/wp-json\/wp\/v2\/categories?post=45872"},{"taxonomy":"post_tag","embeddable":true,"href":"https:\/\/www.fedaiisf.it\/en\/wp-json\/wp\/v2\/tags?post=45872"}],"curies":[{"name":"wp","href":"https:\/\/api.w.org\/{rel}","templated":true}]}}