{"id":45951,"date":"2019-09-19T18:03:31","date_gmt":"2019-09-19T16:03:31","guid":{"rendered":"https:\/\/www.fedaiisf.it\/?p=45951"},"modified":"2019-09-19T18:03:31","modified_gmt":"2019-09-19T16:03:31","slug":"cordoni-ombelicali-scomparsi-da-una-bio-banca-svizzera-in-italia-rete-di-informatori-e-15000-famiglie-coinvolte","status":"publish","type":"post","link":"https:\/\/www.fedaiisf.it\/en\/cordoni-ombelicali-scomparsi-da-una-bio-banca-svizzera-in-italia-rete-di-informatori-e-15000-famiglie-coinvolte\/","title":{"rendered":"Umbilical cords disappeared from a Swiss biobank. In Italy, a network of informants and 15,000 families involved"},"content":{"rendered":"<h1 class=\"c-hero__title\">Cordoni ombelicali scomparsi da una bio banca svizzera, coinvolte 15mila famiglie italiane<\/h1>\n<p>Le autorit\u00e0 indagano per capire dove sia finito il sangue cordonale affidato alla societ\u00e0 Cryo-Save. Il business \u00e8 stato trasferito in Polonia<\/p>\n<p><a href=\"https:\/\/www.tpi.it\/cronaca\/cordoni-ombelicali-scomparsi-svizzera-famiglie-italiane\/\" target=\"_blank\" rel=\"noopener noreferrer\">TPI News &#8211; 18 settembre 2019<\/a>\u00a0From <a class=\"c-post-header-toolbar__author-link\" href=\"https:\/\/www.tpi.it\/author\/veronica-di-benedetto-montaccini\/\" target=\"_blank\" rel=\"noopener noreferrer\">Veronica Di Benedetto Montaccini<\/a><\/p>\n<h2>Cordoni ombelicali scomparsi in Svizzera, coinvolte 15mila famiglie italiane<\/h2>\n<p>Sono scomparsi da Ginevra circa <strong>15 mila cordoni ombelicali<\/strong> conservati, a pagamento, da coppie italiane nella bio banca privata svizzera <strong>Cryo Save<\/strong>. Dovrebbero essere stati trasferiti a Varsavia, negli spazi di un\u2019altra societ\u00e0.<\/p>\n<p>Il caso della Cryo Save \u00e8 avvolto nel mistero: l\u2019autorit\u00e0 giudiziaria svizzera ha aperto un\u2019inchiesta e gi\u00e0 da qualche giorno cerca di verificare cosa sia successo con tutto quel materiale e soprattutto dove sia finito.<\/p>\n<p>Le notizie alle famiglie arrivano solo a met\u00e0, attraverso qualche mail della stessa <a href=\"https:\/\/www.cryosave.com\/?country=ITA&amp;language=it_IT\" target=\"_blank\" rel=\"noopener noreferrer\"><strong>Cryo-Save<\/strong><\/a>, azienda elvetica che sembra navigare in cattive acque, ma anche della\u00a0<strong>Famicord<\/strong>, che sembrerebbe aver rilevato l\u2019attivit\u00e0 dell\u2019ex concorrente.<\/p>\n<p>In the <a href=\"https:\/\/www.tpi.it\/costume\/cordone-ombelicale-conservazione-privata-business\/\" target=\"_blank\" rel=\"noopener noreferrer\">video-inchiesta \u201cCaro Cordone\u201d<\/a> \u00e8 entrato in diverse banche private di conservazione del sangue cordonale e ha rivelato tutte le bugie con cui\u00a0 riescono a truffare migliaia di genitori.<\/p>\n<p><a href=\"https:\/\/www.tpi.it\/costume\/cordone-ombelicale-conservazione-privata-business\/\" target=\"_blank\" rel=\"noopener noreferrer\">&gt; \u201cProteggi il tuo bambino dalle malattie future, conserva il cordone\u201d: l\u2019inchiesta di \u00a0svela tutte le bugie delle banche private | VIDEO<\/a><\/p>\n<h3><a href=\"https:\/\/www.fedaiisf.it\/wp-content\/uploads\/2019\/09\/Cryo-Save-fallimento.jpg\"><img loading=\"lazy\" decoding=\"async\" class=\"wp-image-45954 alignright\" src=\"https:\/\/www.fedaiisf.it\/wp-content\/uploads\/2019\/09\/Cryo-Save-fallimento.jpg\" alt=\"\" width=\"479\" height=\"235\" srcset=\"https:\/\/www.fedaiisf.it\/wp-content\/uploads\/2019\/09\/Cryo-Save-fallimento.jpg 540w, https:\/\/www.fedaiisf.it\/wp-content\/uploads\/2019\/09\/Cryo-Save-fallimento-300x147.jpg 300w\" sizes=\"auto, (max-width: 479px) 100vw, 479px\" \/><\/a>Il fallimento della Cryo Save<\/h3>\n<p>Nella primavera scorsa la Cryo-Save ha iniziato a comunicare ad alcuni clienti che avrebbe trasferito in Polonia il materiale biologico da lei custodito. Il problema \u00e8 che a molte delle famiglie italiane che hanno chiesto notizie non sono date informazioni.<\/p>\n<p>Nel frattempo Cryo-Save Italia sarebbe fallita. Il risultato \u00e8 che buona parte di quei 15mila non sanno che fine abbia fatto il cordone, che in base ai contratti stipulati avrebbe dovuto essere conservato per almeno 20 anni.<\/p>\n<p>There <strong>Bioscience Institute<\/strong> con sede a <strong>San Marino <\/strong>\u00e8 una concorrente di Cryo-Save e ha dichiarato in una nota: \u201cSembrerebbe esserci un accordo di subappalto con laboratori polacchi per il proseguimento della conservazione. Molte famiglie, per\u00f2, non sono riuscite a rintracciare il sangue che avevano consegnato alla societ\u00e0 per la crioconservazione\u201d.<\/p>\n<p>L\u2019ipotesi \u00e8 quella di buchi nel bilancio, che la societ\u00e0 svizzera Cryo Save sperava di coprire con l\u2019incasso di nuovi clienti con un sistema cosiddetto \u201cPonzi\u201d. I conti dell\u2019azienda non sono per\u00f2 mai stati risanati.<\/p>\n<h3>La conservazione del cordone ombelicale a pagamento \u00e8 illegale in Italia<\/h3>\n<p class=\"p1\">That of the <strong>sangue a pagamento <\/strong>\u00e8\u00a0un business che vale miliardi di euro in tutto il mondo.\u00a0Conservare il sangue a pagamento per se stessi \u00e8 una pratica che affascina, pur essendo priva di qualsiasi fondamento scientifico. In Italia, anche per questo motivo, viene vietata, cos\u00ec come in Francia: di fatto gli unici due Paesi europei che, attraverso la legge, hanno tentato di porre un freno alle attivit\u00e0 di chi offre questo servizio per finalit\u00e0 commerciali.<\/p>\n<p class=\"p1\">Un freno che di certo, per\u00f2, non \u00e8 bastato. Pur mantenendo le loro sedi all\u2019estero, sono riuscite a dare vita ad una fitta rete di informatori, testimonial famosi e filiali che operano in tutto il Belpaese.<\/p>\n<p class=\"p1\">Si stima infatti che siano almeno <strong>60mila i genitori italiani<\/strong> che dal 2009 ad oggi, secondo i dati diffusi dall\u2019Istituto Superiore di Sanit\u00e0, conservano il proprio tesoretto biologico in una cella frigorifera all\u2019estero.<\/p>\n<p>Il fatto \u00e8 che queste banche, pur di vendere, propongono falsi miracoli. <strong>Alessandro Nanni Costa<\/strong>, direttore del Centro nazionale trapianti, lo spiega chiaramente ai microfoni di TPI: \u201cIl cordone non si usa per <a href=\"https:\/\/www.fedaiisf.it\/wp-content\/uploads\/2019\/09\/cordone-ombelicale-neonato.jpg\"><img loading=\"lazy\" decoding=\"async\" class=\"wp-image-45957 alignleft\" src=\"https:\/\/www.fedaiisf.it\/wp-content\/uploads\/2019\/09\/cordone-ombelicale-neonato.jpg\" alt=\"\" width=\"319\" height=\"239\" srcset=\"https:\/\/www.fedaiisf.it\/wp-content\/uploads\/2019\/09\/cordone-ombelicale-neonato.jpg 480w, https:\/\/www.fedaiisf.it\/wp-content\/uploads\/2019\/09\/cordone-ombelicale-neonato-300x225.jpg 300w\" sizes=\"auto, (max-width: 319px) 100vw, 319px\" \/><\/a>curare lo stesso bambino a cui appartiene poich\u00e9 non risponde sul piano biologico alle sue necessit\u00e0 terapeutiche, ma le probabilit\u00e0 di cura aumentano se, paradossalmente, utilizziamo le cellule staminali emopoietiche di un altro donatore non famigliare\u201d.<\/p>\n<p class=\"p1\">Ma soprattutto Nanni Costa denuncia il vero motivo della loro inutilit\u00e0: \u201cIl piccolo porta gi\u00e0 iscritta nel suo dna la malattia del sangue di cui si ammaler\u00e0, ed \u00e8 anche per questo non ha alcun tipo di senso <a href=\"https:\/\/www.iol.co.za\/business-report\/technology\/scientist-warns-of-fraud-of-stem-cell-banks-474128\" target=\"_blank\" rel=\"noopener noreferrer\">conservare del materiale che sappiamo gi\u00e0 essere portatore di una patologia<\/a>. Ad ogni, anche per altri tipi di patologie, per cui il trapianto autologo viene suggerito dalle banche private, non esiste alcun tipo di letteratura scientifica che possa convalidare questa pratica\u201d.<\/p>\n<p>E non solo, sempre secondo Nanni Costa, nessun ematologo utilizzerebbe mai un campione conservato all\u2019estero, indipendentemente dagli standard con cui si svolge tutta la procedura. Fino ad oggi, infatti, a parte un caso, come riferisce un documento ufficiale del Centro nazionale trapianti, in Italia non \u00e8 mai rientrato per scopo terapeutico nessun campione di sangue cordonale conservato privatamente all\u2019estero. In venticinque anni solo un caso \u00e8 stato autorizzato, ma le cellule si sono rivelate comunque inutilizzabili perch\u00e9 gi\u00e0 malate.<\/p>\n<p class=\"p1\">Nel frattempo le donazioni pubbliche di questa risorsa, utile alla cura di leucemia, linfomi e altre malattie, stanno calando. E a rimetterci \u00e8 la salute di tutti.<\/p>","protected":false},"excerpt":{"rendered":"<p>Cordoni ombelicali scomparsi da una bio banca svizzera, coinvolte 15mila famiglie italiane Le autorit\u00e0 indagano per capire dove sia finito il sangue cordonale affidato alla societ\u00e0 Cryo-Save. Il business \u00e8 stato trasferito in Polonia TPI News &#8211; 18 settembre 2019\u00a0Di Veronica Di Benedetto Montaccini Cordoni ombelicali scomparsi in Svizzera, coinvolte 15mila famiglie italiane Sono scomparsi &hellip;<\/p>","protected":false},"author":4,"featured_media":45955,"comment_status":"closed","ping_status":"closed","sticky":false,"template":"","format":"standard","meta":{"footnotes":""},"categories":[1],"tags":[],"class_list":["post-45951","post","type-post","status-publish","format-standard","has-post-thumbnail","hentry","category-notizie"],"amp_enabled":true,"_links":{"self":[{"href":"https:\/\/www.fedaiisf.it\/en\/wp-json\/wp\/v2\/posts\/45951","targetHints":{"allow":["GET"]}}],"collection":[{"href":"https:\/\/www.fedaiisf.it\/en\/wp-json\/wp\/v2\/posts"}],"about":[{"href":"https:\/\/www.fedaiisf.it\/en\/wp-json\/wp\/v2\/types\/post"}],"author":[{"embeddable":true,"href":"https:\/\/www.fedaiisf.it\/en\/wp-json\/wp\/v2\/users\/4"}],"replies":[{"embeddable":true,"href":"https:\/\/www.fedaiisf.it\/en\/wp-json\/wp\/v2\/comments?post=45951"}],"version-history":[{"count":0,"href":"https:\/\/www.fedaiisf.it\/en\/wp-json\/wp\/v2\/posts\/45951\/revisions"}],"wp:featuredmedia":[{"embeddable":true,"href":"https:\/\/www.fedaiisf.it\/en\/wp-json\/wp\/v2\/media\/45955"}],"wp:attachment":[{"href":"https:\/\/www.fedaiisf.it\/en\/wp-json\/wp\/v2\/media?parent=45951"}],"wp:term":[{"taxonomy":"category","embeddable":true,"href":"https:\/\/www.fedaiisf.it\/en\/wp-json\/wp\/v2\/categories?post=45951"},{"taxonomy":"post_tag","embeddable":true,"href":"https:\/\/www.fedaiisf.it\/en\/wp-json\/wp\/v2\/tags?post=45951"}],"curies":[{"name":"wp","href":"https:\/\/api.w.org\/{rel}","templated":true}]}}