{"id":46177,"date":"2019-10-03T13:27:36","date_gmt":"2019-10-03T11:27:36","guid":{"rendered":"https:\/\/www.fedaiisf.it\/?p=46177"},"modified":"2019-11-26T13:10:17","modified_gmt":"2019-11-26T12:10:17","slug":"palermo-arnas-civico-ecco-il-regolamento-aziendale-per-linformazione-medico-scientifica","status":"publish","type":"post","link":"https:\/\/www.fedaiisf.it\/en\/palermo-arnas-civico-ecco-il-regolamento-aziendale-per-linformazione-medico-scientifica\/","title":{"rendered":"Palermo. Arnas Civico, ecco il regolamento aziendale per l\u2019informazione medico-scientifica. N.d.R."},"content":{"rendered":"<p>PALERMO. <strong>L\u2019Arnas Civico<\/strong> si \u00e8 dotata di un \u201cRegolamento Aziendale per l\u2019informazione medico-scientifica\u201d.<\/p>\n<p><a href=\"https:\/\/www.insanitas.it\/arnas-civico-ecco-il-regolamento-aziendale-per-linformazione-medico-scientifica\/\" target=\"_blank\" rel=\"noopener noreferrer\">In Sanitas &#8211; 27 settembre 2019<\/a><\/p>\n<p><a href=\"https:\/\/www.fedaiisf.it\/wp-content\/uploads\/2019\/10\/ARNAS-Civico-Di-Cristina-Benfratelli-di-Palermo.jpg\"><img loading=\"lazy\" decoding=\"async\" class=\"size-full wp-image-46184 alignright\" src=\"https:\/\/www.fedaiisf.it\/wp-content\/uploads\/2019\/10\/ARNAS-Civico-Di-Cristina-Benfratelli-di-Palermo.jpg\" alt=\"\" width=\"284\" height=\"178\" \/><\/a>Lo strumento, conforme alle direttive assessoriali in materia di <strong>Anticorruzione e Trasparenza<\/strong>, regola, anche attraverso sistemi di monitoraggio informatico, gli <strong>accessi<\/strong> presso le Unit\u00e0 Operative dell\u2019Azienda di informatori e specialist delle aziende fornitrici.<\/p>\n<p>Il Regolamento contiene passi innovativi in tema di <strong>monitoraggio e trasparenza degli accessi<\/strong>, finalizzati alla <strong>prevention<\/strong> di eventuali comportamenti illeciti, detta le regole che devono rispettare sia gli informatori e specialist delle aziende fornitrici sia i dipendenti.<\/p>\n<p>Gli accessi degli informatori scientifici in Azienda saranno programmati,<strong> secondo le direttive assessoriali<\/strong>, censiti in un sito aziendale dove saranno monitorati dalle direzioni sanitarie di presidio e <a href=\"https:\/\/www.fedaiisf.it\/wp-content\/uploads\/2019\/10\/ARNAS-Civico-Di-Cristina-Benfratelli-Concorso.jpg\"><img loading=\"lazy\" decoding=\"async\" class=\"wp-image-46187 alignleft\" src=\"https:\/\/www.fedaiisf.it\/wp-content\/uploads\/2019\/10\/ARNAS-Civico-Di-Cristina-Benfratelli-Concorso.jpg\" alt=\"\" width=\"291\" height=\"194\" srcset=\"https:\/\/www.fedaiisf.it\/wp-content\/uploads\/2019\/10\/ARNAS-Civico-Di-Cristina-Benfratelli-Concorso.jpg 507w, https:\/\/www.fedaiisf.it\/wp-content\/uploads\/2019\/10\/ARNAS-Civico-Di-Cristina-Benfratelli-Concorso-300x200.jpg 300w, https:\/\/www.fedaiisf.it\/wp-content\/uploads\/2019\/10\/ARNAS-Civico-Di-Cristina-Benfratelli-Concorso-274x183.jpg 274w, https:\/\/www.fedaiisf.it\/wp-content\/uploads\/2019\/10\/ARNAS-Civico-Di-Cristina-Benfratelli-Concorso-80x54.jpg 80w, https:\/\/www.fedaiisf.it\/wp-content\/uploads\/2019\/10\/ARNAS-Civico-Di-Cristina-Benfratelli-Concorso-130x87.jpg 130w, https:\/\/www.fedaiisf.it\/wp-content\/uploads\/2019\/10\/ARNAS-Civico-Di-Cristina-Benfratelli-Concorso-359x240.jpg 359w, https:\/\/www.fedaiisf.it\/wp-content\/uploads\/2019\/10\/ARNAS-Civico-Di-Cristina-Benfratelli-Concorso-85x57.jpg 85w, https:\/\/www.fedaiisf.it\/wp-content\/uploads\/2019\/10\/ARNAS-Civico-Di-Cristina-Benfratelli-Concorso-546x365.jpg 546w, https:\/\/www.fedaiisf.it\/wp-content\/uploads\/2019\/10\/ARNAS-Civico-Di-Cristina-Benfratelli-Concorso-165x109.jpg 165w, https:\/\/www.fedaiisf.it\/wp-content\/uploads\/2019\/10\/ARNAS-Civico-Di-Cristina-Benfratelli-Concorso-347x233.jpg 347w, https:\/\/www.fedaiisf.it\/wp-content\/uploads\/2019\/10\/ARNAS-Civico-Di-Cristina-Benfratelli-Concorso-112x75.jpg 112w, https:\/\/www.fedaiisf.it\/wp-content\/uploads\/2019\/10\/ARNAS-Civico-Di-Cristina-Benfratelli-Concorso-179x120.jpg 179w, https:\/\/www.fedaiisf.it\/wp-content\/uploads\/2019\/10\/ARNAS-Civico-Di-Cristina-Benfratelli-Concorso-170x113.jpg 170w, https:\/\/www.fedaiisf.it\/wp-content\/uploads\/2019\/10\/ARNAS-Civico-Di-Cristina-Benfratelli-Concorso-81x55.jpg 81w, https:\/\/www.fedaiisf.it\/wp-content\/uploads\/2019\/10\/ARNAS-Civico-Di-Cristina-Benfratelli-Concorso-765x510.jpg 765w\" sizes=\"auto, (max-width: 291px) 100vw, 291px\" \/><\/a>si svolgeranno in orari ben definiti in modo tale da non interferire con l\u2019attivit\u00e0 istituzionale e\/o assistenziale dell\u2019U.O..<\/p>\n<p>La cessione di campioni gratuiti \u00e8 rigorosamente regolamentata.<\/p>\n<p>Sono regolamentati sia gli incontri <strong>multidisciplinary<\/strong> che gli <strong>\u201chospital meeting\u201d<\/strong>, in cui sar\u00e0 assicurata pure la presenza di un farmacista ospedaliero, al fine di garantire la valenza scientifica e l\u2019assenza di qualsiasi forma di conflitto d\u2019interessi.<\/p>\n<p>L\u2019assistenza degli <strong>specialist<\/strong> dovr\u00e0 avvenire, per quanto possibile, al di fuori del rapporto medico-paziente, in quanto gli stessi non non sono operatori sanitari, ma possono fornire, a richiesta, un supporto tecnico-applicativo necessario all\u2019ottimizzazione dei dispositivi utilizzati e devono ottemperare alle disposizioni sulla protezione dei dati personali degli utenti.<\/p>\n<p><a href=\"https:\/\/www.fedaiisf.it\/wp-content\/uploads\/2019\/10\/Regolamento-per-lInformazione-Scientifica-ARNAS-Civico-Di-Cristina-Benfratelli.pdf\" target=\"_blank\" rel=\"noopener noreferrer\">Regulations for Scientific Information ARNAS Civico \u2013 Di Cristina \u2013 Benfratelli<\/a><\/p>\n<p><strong>Note<\/strong>: <i>Nel regolamento dell&#8217;ARNAS si parla di IS intendendo probabilmente ISF. Gli estensori di questi documenti dovrebbero sapere che chi tratta farmaci \u00e8 definito ISF, cio\u00e8 Informatore Scientifico del Farmaco, e dipende da un Servizio Scientifico aziendale che \u00e8 indipendente dal marketing, Gli IS o Informatori Scientifici sono cos\u00ec definiti tutti coloro che non trattano farmaci, come dispositivi, integratori, nutraceutici, dermocosmetici, latti per neonati, ecc. ecc., tutti dipendenti dal marketing. Non vengono poi considerati i vari dipendenti del marketing delle aziende farmaceutiche che continueranno ad avere libero accesso. A quanto si legge nel documento gli autori dello stesso sono persone che probabilmente non hanno mai visto un ISF. Come sempre chi fa questi regolamenti dimostra di non conoscere il settore che vorrebbe trattare. Fanno riferimento al D.Lgs, 541 del 1992 non sapendo probabilmente che \u00e8 stato\u00a0sostituito al D.Lgs. 219 del 2006. \u00a0Definiscono Specialist lo specialista di prodotto. Parlano di IMS per intendere Informazione Medico Scientifica non sapendo che IMS \u00e8 un marchio registrato da IQVIA che significa Indagine Medico Statistica. Socrate, che \u00e8 passato alla storia per la sua filosofia e saggezza, diceva di sapere di non sapere. Non pretendiamo tanto da qualche burocrate dietro una scrivania che probabilmente crede di sapere tutto, ma s<\/i><em>e si sentissero gli ISF, che non sono contrari a regolamenti, si eviterebbero di fare documenti scorretti e imprecisi. E, sembrer\u00e0 strano, ma qualcosa si pu\u00f2\u00a0<\/em><i>imparare anche dagli ISF.<\/i><\/p>\n<h2 style=\"text-align: center;\"><a href=\"https:\/\/www.fedaiisf.it\/wp-content\/uploads\/2019\/10\/Regolamento-per-lInformazione-Scientifica-ARNAS-Civico-Di-Cristina-Benfratelli.pdf\">Regulations for Scientific Information ARNAS Civico \u2013 Di Cristina \u2013 Benfratelli<\/a><\/h2>\n<p><a href=\"https:\/\/www.fedaiisf.it\/wp-content\/uploads\/2019\/10\/ARNAS-Civico-Palermo-1.jpeg\"><img loading=\"lazy\" decoding=\"async\" class=\"size-large wp-image-46180 aligncenter\" src=\"https:\/\/www.fedaiisf.it\/wp-content\/uploads\/2019\/10\/ARNAS-Civico-Palermo-1-1024x503.jpeg\" alt=\"\" width=\"1000\" height=\"491\" srcset=\"https:\/\/www.fedaiisf.it\/wp-content\/uploads\/2019\/10\/ARNAS-Civico-Palermo-1-1024x503.jpeg 1024w, https:\/\/www.fedaiisf.it\/wp-content\/uploads\/2019\/10\/ARNAS-Civico-Palermo-1-300x147.jpeg 300w, https:\/\/www.fedaiisf.it\/wp-content\/uploads\/2019\/10\/ARNAS-Civico-Palermo-1-768x377.jpeg 768w, https:\/\/www.fedaiisf.it\/wp-content\/uploads\/2019\/10\/ARNAS-Civico-Palermo-1.jpeg 1270w\" sizes=\"auto, (max-width: 1000px) 100vw, 1000px\" \/><\/a><\/p>\n<p><a href=\"https:\/\/www.fedaiisf.it\/wp-content\/uploads\/2019\/10\/ARNAS-Civico-Palermo-Regolamento-ISF-2.jpeg\"><img loading=\"lazy\" decoding=\"async\" class=\"wp-image-46181 aligncenter\" src=\"https:\/\/www.fedaiisf.it\/wp-content\/uploads\/2019\/10\/ARNAS-Civico-Palermo-Regolamento-ISF-2.jpeg\" alt=\"\" width=\"754\" height=\"771\" srcset=\"https:\/\/www.fedaiisf.it\/wp-content\/uploads\/2019\/10\/ARNAS-Civico-Palermo-Regolamento-ISF-2.jpeg 968w, https:\/\/www.fedaiisf.it\/wp-content\/uploads\/2019\/10\/ARNAS-Civico-Palermo-Regolamento-ISF-2-293x300.jpeg 293w, https:\/\/www.fedaiisf.it\/wp-content\/uploads\/2019\/10\/ARNAS-Civico-Palermo-Regolamento-ISF-2-768x786.jpeg 768w, https:\/\/www.fedaiisf.it\/wp-content\/uploads\/2019\/10\/ARNAS-Civico-Palermo-Regolamento-ISF-2-36x36.jpeg 36w\" sizes=\"auto, (max-width: 754px) 100vw, 754px\" \/><\/a><\/p>","protected":false},"excerpt":{"rendered":"<p>PALERMO. L\u2019Arnas Civico si \u00e8 dotata di un \u201cRegolamento Aziendale per l\u2019informazione medico-scientifica\u201d. In Sanitas &#8211; 27 settembre 2019 Lo strumento, conforme alle direttive assessoriali in materia di Anticorruzione e Trasparenza, regola, anche attraverso sistemi di monitoraggio informatico, gli accessi presso le Unit\u00e0 Operative dell\u2019Azienda di informatori e specialist delle aziende fornitrici. Il Regolamento contiene &hellip;<\/p>","protected":false},"author":4,"featured_media":46183,"comment_status":"closed","ping_status":"closed","sticky":false,"template":"","format":"standard","meta":{"footnotes":""},"categories":[16],"tags":[],"class_list":["post-46177","post","type-post","status-publish","format-standard","has-post-thumbnail","hentry","category-primo-piano"],"amp_enabled":true,"_links":{"self":[{"href":"https:\/\/www.fedaiisf.it\/en\/wp-json\/wp\/v2\/posts\/46177","targetHints":{"allow":["GET"]}}],"collection":[{"href":"https:\/\/www.fedaiisf.it\/en\/wp-json\/wp\/v2\/posts"}],"about":[{"href":"https:\/\/www.fedaiisf.it\/en\/wp-json\/wp\/v2\/types\/post"}],"author":[{"embeddable":true,"href":"https:\/\/www.fedaiisf.it\/en\/wp-json\/wp\/v2\/users\/4"}],"replies":[{"embeddable":true,"href":"https:\/\/www.fedaiisf.it\/en\/wp-json\/wp\/v2\/comments?post=46177"}],"version-history":[{"count":0,"href":"https:\/\/www.fedaiisf.it\/en\/wp-json\/wp\/v2\/posts\/46177\/revisions"}],"wp:featuredmedia":[{"embeddable":true,"href":"https:\/\/www.fedaiisf.it\/en\/wp-json\/wp\/v2\/media\/46183"}],"wp:attachment":[{"href":"https:\/\/www.fedaiisf.it\/en\/wp-json\/wp\/v2\/media?parent=46177"}],"wp:term":[{"taxonomy":"category","embeddable":true,"href":"https:\/\/www.fedaiisf.it\/en\/wp-json\/wp\/v2\/categories?post=46177"},{"taxonomy":"post_tag","embeddable":true,"href":"https:\/\/www.fedaiisf.it\/en\/wp-json\/wp\/v2\/tags?post=46177"}],"curies":[{"name":"wp","href":"https:\/\/api.w.org\/{rel}","templated":true}]}}