{"id":46235,"date":"2019-10-07T13:23:48","date_gmt":"2019-10-07T11:23:48","guid":{"rendered":"https:\/\/www.fedaiisf.it\/?p=46235"},"modified":"2019-10-07T13:30:09","modified_gmt":"2019-10-07T11:30:09","slug":"assessore-e-r-venturi-per-risparmiare-meglio-due-infermieri-al-posto-di-un-medico-fnonceo-parole-in-liberta-in-precedenza-venturi-era-stato-radiato-dallordine-di-bologna","status":"publish","type":"post","link":"https:\/\/www.fedaiisf.it\/en\/assessore-e-r-venturi-per-risparmiare-meglio-due-infermieri-al-posto-di-un-medico-fnonceo-parole-in-liberta-in-precedenza-venturi-era-stato-radiato-dallordine-di-bologna\/","title":{"rendered":"Assessore E.R. Venturi: per risparmiare meglio due infermieri al posto di un medico. FNONCeO: parole in libert\u00e0. In precedenza Venturi era stato radiato dall&#8217;Ordine di Bologna"},"content":{"rendered":"<h1 class=\"entry-title\">Anelli, Fnomceo: \u201cDa Venturi parole in libert\u00e0, nessun politico potr\u00e0 scalfire unione tra le Professioni, Bonaccini intervenga a rasserenare gli animi\u201d<\/h1>\n<p><b><i>Intanto il Ministro Speranza convoca per l\u201911 ottobre il Tavolo sulla violenza contro gli operatori sanitari<\/i><\/b><\/p>\n<p>\u201cQuelle pronunciate dall\u2019Assessore alla sanit\u00e0 dell\u2019Emilia Romagna, Sergio Venturi, parlando ieri al Congresso Fials, ci sembrano \u2018parole in libert\u00e0\u2019, che rischiano per\u00f2 di creare una spaccatura sia tra le <a href=\"https:\/\/www.fedaiisf.it\/wp-content\/uploads\/2018\/09\/Anelli-Fnomceo.png\"><img loading=\"lazy\" decoding=\"async\" class=\"wp-image-38109 alignright\" src=\"https:\/\/www.fedaiisf.it\/wp-content\/uploads\/2018\/09\/Anelli-Fnomceo.png\" alt=\"\" width=\"381\" height=\"213\" srcset=\"https:\/\/www.fedaiisf.it\/wp-content\/uploads\/2018\/09\/Anelli-Fnomceo.png 777w, https:\/\/www.fedaiisf.it\/wp-content\/uploads\/2018\/09\/Anelli-Fnomceo-300x168.png 300w, https:\/\/www.fedaiisf.it\/wp-content\/uploads\/2018\/09\/Anelli-Fnomceo-768x430.png 768w\" sizes=\"auto, (max-width: 381px) 100vw, 381px\" \/><\/a>Professioni sia all\u2019interno della Politica, in un momento in cui c\u2019\u00e8 invece una grande unione e collaborazione per sostenere il nostro Servizio sanitario nazionale, in ottemperanza all\u2019<a href=\"https:\/\/www.senato.it\/1025?sezione=121&amp;articolo_numero_articolo=32\" target=\"_blank\" rel=\"noopener noreferrer\">articolo 32 della Costituzione<\/a>. All\u2019assessore Venturi diciamo che nessun politico potr\u00e0 scalfire questa unione, perch\u00e9 nessuno di noi vuole una guerra tra professioni, ma semmai una battaglia, sullo stesso fronte, contro le disuguaglianze nell\u2019accesso alle cure, contro la carenza di professionisti, per un miglioramento delle competenze e per l\u2019aumento della qualit\u00e0 dell\u2019assistenza\u201d.<\/p>\n<p>Cos\u00ec il Presidente della Federazione nazionale degli Ordini dei Medici Chirurghi e degli Odontoiatri (Fnomceo), Filippo Anelli, interviene a commentare le dichiarazioni rilasciate ieri dall\u2019Assessore e Comitato di settore Regioni-Sanit\u00e0, che, parlando a una Tavola Rotonda nell\u2019ambito del Consiglio nazionale della Fials, la Federazione Italiana Autonoma Lavoratori Sanit\u00e0, si \u00e8 lasciato andare ad esternazioni sull\u2019opportunit\u00e0 anche economica di sostituire, in alcune funzioni di competenza medica, quali la diagnosi e la refertazione, i medici con altri professionisti meno \u2018costosi\u2019. \u201cSe ci sono meno medici \u2013 ha affermato Venturi -, a parte le risorse che si liberano, un medico neo assunto costa 70mila euro complessivamente, un infermiere 36mila, se mi vanno via due medici ed io prendo due infermieri o tecnici, sapete quanti soldi che possiamo distribuire ai professionisti, ai medici e ai professionisti?\u201d.<\/p>\n<p><a href=\"https:\/\/www.fedaiisf.it\/wp-content\/uploads\/2018\/07\/Bonaccini-Emilia-Romagna.jpg\"><img loading=\"lazy\" decoding=\"async\" class=\"wp-image-36873 alignleft\" src=\"https:\/\/www.fedaiisf.it\/wp-content\/uploads\/2018\/07\/Bonaccini-Emilia-Romagna.jpg\" alt=\"\" width=\"366\" height=\"206\" srcset=\"https:\/\/www.fedaiisf.it\/wp-content\/uploads\/2018\/07\/Bonaccini-Emilia-Romagna.jpg 560w, https:\/\/www.fedaiisf.it\/wp-content\/uploads\/2018\/07\/Bonaccini-Emilia-Romagna-300x169.jpg 300w, https:\/\/www.fedaiisf.it\/wp-content\/uploads\/2018\/07\/Bonaccini-Emilia-Romagna-390x220.jpg 390w\" sizes=\"auto, (max-width: 366px) 100vw, 366px\" \/><\/a>Parole \u201csconcertanti\u201d che, secondo Anelli, \u201channo provocato risentimento nei medici, oltre a non valorizzare le professionalit\u00e0 e le competenze degli altri professionisti, che sembrerebbero doversi proporre alla Politica solo per ragioni di risparmio\u201d.<\/p>\n<p>\u201cAl Presidente Bonaccini, nella sua qualit\u00e0 di Presidente della Conferenza delle Regioni e di Presidente della Regione Emilia Romagna, chiediamo un intervento teso a rasserenare gli animi e a ripristinare il clima di collaborazione compromesso dalle dichiarazioni del suo assessore, smentendo ogni ipotesi di task shifting, di trasferimento di funzioni tra professionisti, e convocando il Tavolo permanente istituito con la Fnomceo\u201d auspica ora.<\/p>\n<p>\u201cApprezziamo la ferma volont\u00e0 dimostrata dal Ministro Speranza nel difendere l\u2019universalismo del nostro Servizio Sanitario Nazionale, un servizio pubblico moderno e di qualit\u00e0 in cui tutti si possano riconoscere e a cui tutti possano affidarsi, e che non lasci indietro nessuno \u2013 aggiunge ancora -. Ribadiamo la disponibilit\u00e0 e il sostegno della professione medica nel perseguire tale obiettivo, che non pu\u00f2 prescindere dalla qualit\u00e0 delle prestazioni, a loro volta strettamente correlate con i profili professionali degli operatori, definiti in ragione del loro percorso formativo, cos\u00ec come disposto dalla Legge 3 del 2018\u201d.<br \/>\n\u201cRingraziamo in fine il Ministro per l\u2019impegno a voler mettere in atto ogni strumento che contrasti l\u2019insorgere degli episodi di violenza, coinvolgendo i professionisti della salute, e per le parole di stima espresse nei confronti degli operatori sanitari \u201cche con passione e competenza ogni giorno tutelano la nostra salute\u201d \u2013 conclude -.<\/p>\n<p>Secondo il Ministro Speranza \u201clo Stato deve farsi carico di chi si occupa dei nostri malati, deve stare accanto alle migliaia di operatori del mondo della sanit\u00e0\u201d. Il Ministro ha perci\u00f2 ripristinato, convocandolo per l\u201911 ottobre prossimo, il \u201cTavolo permanente di lavoro sulla sicurezza degli operatori sanitari e per la prevenzione degli episodi di violenza ai danni di tali operatori\u201d, gi\u00e0 istituito dal Ministro Lorenzin\u201d.<\/p>\n<p><a href=\"https:\/\/portale.fnomceo.it\/anelli-fnomceo-da-venturi-parole-in-liberta-nessun-politico-potra-scalfire-unione-tra-le-professioni-bonaccini-intervenga-a-rasserenare-gli-animi\/\" target=\"_blank\" rel=\"noopener noreferrer\">Ufficio Stampa FNOMCeO &#8211; 6\/10\/2019<\/a><\/p>\n<p>Related news:\u00a0<a href=\"https:\/\/www.quotidianosanita.it\/lavoro-e-professioni\/articolo.php?articolo_id=77522\" target=\"_blank\" rel=\"noopener noreferrer\">Venturi: \u201cI medici sono diventati degli impiegati. Le professioni sanitarie si devono muovere senza aspettare la politica per rivendicare autonomia e nuove responsabilit\u00e0\u201d. <strong>E scoppia di nuovo la guerra con i medici<\/strong><\/a><\/p>\n<p><a href=\"http:\/\/www.quotidianosanita.it\/lavoro-e-professioni\/articolo.php?approfondimento_id=13732\" target=\"_blank\" rel=\"noopener noreferrer\"><strong>Medici, veterinari e dirigenti sanitari:<\/strong>\u00a0\u201cVenturi rispetti il nostro lavoro\u201d<\/a><\/p>\n<p><a href=\"http:\/\/www.quotidianosanita.it\/lavoro-e-professioni\/articolo.php?approfondimento_id=13730\" target=\"_blank\" rel=\"noopener noreferrer\">Cimo-Fesmed: <strong>\u201cVenturi spregevole, arrogante e rancoroso\u201d<\/strong><\/a><\/p>\n<hr \/>\n<p>Note<\/p>\n<p><span style=\"color: #ff0000;\"><strong>Il precedente<\/strong><\/span>. There <strong>commissione disciplinare dell\u2019Ordine dei medici di Bologna<\/strong>\u00a0il 30 novembre 2018 deliber\u00f2 la radiazione dall\u2019albo di Venturi per una delibera dell&#8217;assessorato di viale Aldo Moro che <a href=\"https:\/\/www.fedaiisf.it\/wp-content\/uploads\/2015\/01\/medico.infermieri.jpg\"><img loading=\"lazy\" decoding=\"async\" class=\"wp-image-7076 alignright\" src=\"https:\/\/www.fedaiisf.it\/wp-content\/uploads\/2015\/01\/medico.infermieri.jpg\" alt=\"\" width=\"354\" height=\"180\" srcset=\"https:\/\/www.fedaiisf.it\/wp-content\/uploads\/2015\/01\/medico.infermieri.jpg 598w, https:\/\/www.fedaiisf.it\/wp-content\/uploads\/2015\/01\/medico.infermieri-300x153.jpg 300w\" sizes=\"auto, (max-width: 354px) 100vw, 354px\" \/><\/a>consentiva la presenza a bordo delle ambulanze dei soli infermieri specializzati.<\/p>\n<p>L<strong>a Regione Emilia-Romagna ha presentato ricorso alla Corte Costituzionale<\/strong>, lamentando un\u2019invasione dell\u2019autonomia.\u00a0Il Procuratore\u00a0capo Giuseppe Amato e il pm Flavio Lazzarini\u00a0hanno presentato richiesta di rinvio a giudizio di nove medici della Commissione disciplinare: i commissari agirono \u00abviolando i principi di imparzialit\u00e0 e buona amministrazione, imposti loro dai principi costituzionali e operando in palese carenza di potere (incompetenza) e in evidente eccesso di potere, trattandosi di censura non di un comportamento deontologicamente scorretto di un sanitario, bens\u00ec dell\u2019adozione di un provvedimenti di natura squisitamente politica\u00bb.<\/p>\n<p>Ad Ancona \u00e8 in corso un procedimento innescato dall\u2019esposto del Presidente Pizza e dei componenti dell\u2019Ordine contro il procuratore Amato e il pm Lazzarini.<\/p>\n<p>&nbsp;<\/p>","protected":false},"excerpt":{"rendered":"<p>Anelli, Fnomceo: \u201cDa Venturi parole in libert\u00e0, nessun politico potr\u00e0 scalfire unione tra le Professioni, Bonaccini intervenga a rasserenare gli animi\u201d Intanto il Ministro Speranza convoca per l\u201911 ottobre il Tavolo sulla violenza contro gli operatori sanitari \u201cQuelle pronunciate dall\u2019Assessore alla sanit\u00e0 dell\u2019Emilia Romagna, Sergio Venturi, parlando ieri al Congresso Fials, ci sembrano \u2018parole in &hellip;<\/p>","protected":false},"author":4,"featured_media":39760,"comment_status":"closed","ping_status":"closed","sticky":false,"template":"","format":"standard","meta":{"footnotes":""},"categories":[1],"tags":[],"class_list":["post-46235","post","type-post","status-publish","format-standard","has-post-thumbnail","hentry","category-notizie"],"amp_enabled":true,"_links":{"self":[{"href":"https:\/\/www.fedaiisf.it\/en\/wp-json\/wp\/v2\/posts\/46235","targetHints":{"allow":["GET"]}}],"collection":[{"href":"https:\/\/www.fedaiisf.it\/en\/wp-json\/wp\/v2\/posts"}],"about":[{"href":"https:\/\/www.fedaiisf.it\/en\/wp-json\/wp\/v2\/types\/post"}],"author":[{"embeddable":true,"href":"https:\/\/www.fedaiisf.it\/en\/wp-json\/wp\/v2\/users\/4"}],"replies":[{"embeddable":true,"href":"https:\/\/www.fedaiisf.it\/en\/wp-json\/wp\/v2\/comments?post=46235"}],"version-history":[{"count":0,"href":"https:\/\/www.fedaiisf.it\/en\/wp-json\/wp\/v2\/posts\/46235\/revisions"}],"wp:featuredmedia":[{"embeddable":true,"href":"https:\/\/www.fedaiisf.it\/en\/wp-json\/wp\/v2\/media\/39760"}],"wp:attachment":[{"href":"https:\/\/www.fedaiisf.it\/en\/wp-json\/wp\/v2\/media?parent=46235"}],"wp:term":[{"taxonomy":"category","embeddable":true,"href":"https:\/\/www.fedaiisf.it\/en\/wp-json\/wp\/v2\/categories?post=46235"},{"taxonomy":"post_tag","embeddable":true,"href":"https:\/\/www.fedaiisf.it\/en\/wp-json\/wp\/v2\/tags?post=46235"}],"curies":[{"name":"wp","href":"https:\/\/api.w.org\/{rel}","templated":true}]}}