{"id":46254,"date":"2019-10-08T10:13:27","date_gmt":"2019-10-08T08:13:27","guid":{"rendered":"https:\/\/www.fedaiisf.it\/?p=46254"},"modified":"2019-10-09T19:12:19","modified_gmt":"2019-10-09T17:12:19","slug":"lamberto-andreotti-figlio-di-giulio-da-ceo-bms-a-vicepresidente-unicredit","status":"publish","type":"post","link":"https:\/\/www.fedaiisf.it\/en\/lamberto-andreotti-figlio-di-giulio-da-ceo-bms-a-vicepresidente-unicredit\/","title":{"rendered":"Lamberto Andreotti, son of Giulio, from CEO of BMS to Vice President of UniCredit"},"content":{"rendered":"<h1 class=\"page-title\">Unicredit, nomine: Andreotti, figlio di Giulio, vicepresidente<\/h1>\n<p class=\"page-title\"><i>A sorpresa il figlio dell\u2019ex premier dc al vertice della banca: la sua carriera era stata tutta nell\u2019industria farmaceutica Usa \u2013 Il consigliere Maria Pierdicchi, ex Borsa Italiana, \u00e8 stato nominato Presidente del Comitato Parti Correlate e il consigliere Francesca Tondi membro del Comitato Controlli Interni &amp; Rischi \u2013 Devriendt nuovo responsabile della funzione Finanza e Controllo<\/i><\/p>\n<p><a href=\"https:\/\/www.firstonline.info\/unicredit-nomine-andreotti-figlio-di-giulio-vicepresidente\/\" target=\"_blank\" rel=\"noopener noreferrer\">First On Line &#8211; 8 ottobre 2019<\/a><\/p>\n<p>Sorpresa in Unicredit: il Consiglio di Amministrazione \u2013 con il supporto del Comitato Corporate Governance, Nomination and Sustainability \u2013 ha nominato come vicepresidente <strong>il consigliere<br \/>\n<a href=\"https:\/\/www.fedaiisf.it\/wp-content\/uploads\/2014\/12\/bristol-myers-squibb.jpg\"><img loading=\"lazy\" decoding=\"async\" class=\"wp-image-6175 alignright\" src=\"https:\/\/www.fedaiisf.it\/wp-content\/uploads\/2014\/12\/bristol-myers-squibb.jpg\" alt=\"\" width=\"384\" height=\"165\" srcset=\"https:\/\/www.fedaiisf.it\/wp-content\/uploads\/2014\/12\/bristol-myers-squibb.jpg 894w, https:\/\/www.fedaiisf.it\/wp-content\/uploads\/2014\/12\/bristol-myers-squibb-300x129.jpg 300w, https:\/\/www.fedaiisf.it\/wp-content\/uploads\/2014\/12\/bristol-myers-squibb-768x330.jpg 768w\" sizes=\"auto, (max-width: 384px) 100vw, 384px\" \/><\/a>Lamberto Andreotti,<\/strong>figlio dell\u2019ex politico Giulio, pi\u00f9 volte presidente del Consiglio nella storia della Prima Repubblica. Andreotti affianca cos\u00ec il presidente Bisoni: il figlio dello storico leader della Democrazia Cristiana non ha esperienza come banchiere, ma ha un prestigioso curriculum da manager nell\u2019industria farmaceutica, in particolare negli Usa.<\/p>\n<p>Il Cda della banca di piazza Gae Aulenti ha anche nominato il consigliere Maria Pierdicchi come Presidente del Comitato Parti Correlate e il consigliere Francesca Tondi come membro del Comitato Controlli Interni &amp; Rischi. La decisione \u00e8 stata adottata a seguito della nomina di Cesare Bisoni a Presidente del Consiglio di Amministrazione (20 settembre 2019) in luogo di Fabrizio Saccomanni e delle dimissioni di Martha B\u00f6ckenfeld (18 settembre 2019).<\/p>\n<p>Il Presidente Bisoni rimane membro pro tempore del Comitato Corporate Governance, Nomination and Sustainability, affinch\u00e9 egli possa svolgere un ruolo attivo nel processo di selezione di due consiglieri non esecutivi <strong>in luogo di Saccomanni e B\u00f6ckenfeld<\/strong>. Completato il processo, sar\u00e0 nominato un nuovo membro del predetto Comitato in luogo del presidente Bisoni.<\/p>\n<p>Inoltre, il Consiglio di amministrazione di Unicredit ha annunciato la nomina di <strong>Wouter Devriendt<\/strong> to <strong>responsabile della funzione Finanza e Controllo del gruppo<\/strong>. Devriendt \u00e8 attualmente Chief Executive Officer di Dexia (Brussels) e di Dexia Cr\u00e9dit Local (Paris), dove \u00e8 entrato nel 2016. Assumer\u00e0 il suo ruolo in Unicredit all\u2019inizio del 2020 e riporter\u00e0 direttamente al CEO del Gruppo, Jean Pierre Mustier. La nuova funzione Finanza e Controllo \u00e8 stata creata all\u2019inizio del 2019 nell\u2019ambito di una pi\u00f9 ampia riorganizzazione ed \u00e8 stata temporaneamente guidata dal Ceo del Gruppo.<\/p>\n<hr \/>\n<p>Note:<\/p>\n<p><em>Nato a Roma il 6 luglio 1950 \u00e8 figlio del famoso politico italiano <strong>Giulio Andreotti.<\/strong> Studia all\u2019<strong>Universit\u00e0 degli Studi La Sapienza<\/strong> di Roma e si laurea in ingegneria per poi specializzarsi con un master al MIT, <strong>Massachusetts Institute of Technology<\/strong>. Inizia un breve percorso in <strong>Finmeccanica<\/strong>, ma come dichiarato in una successiva intervista, gi\u00e0 da studente si rende conto che i cantieri non fanno per lui. A New York viene richiamato in Italia da\u00a0<strong>Arrigo Recordati,<\/strong> della Recordati industria farmaceutica con la quale Lamberto Andreotti inizia a lavorare. Di quel periodo, in cui si occupava dei prodotti e dello sviluppo dell\u2019azienda, ha raccontato che ha iniziato a studiare sui manuali di farmacologia degli infermieri per prepararsi al percorso che poi lo ha visto seguire direttamente la ricerca farmaceutica pi\u00f9 avanzata.<\/em><\/p>\n<p><em>Da Recordati passa in <strong>Farmitalia-Carlo Erba<\/strong>, di cui diventa Amministratore Delegato fino al 1992, anno in cui il gruppo svedese\u00a0<strong>Pharmacia<\/strong>\u00a0acquista la Carlo Erba. L\u2019operazione \u00e8 stata criticata da Andreotti che ne parl\u00f2 come una svendita attuata da Montedison che aveva un disperato bisogno di fare cassa ed in seguito ribad\u00ec la delusione per il mancato intervento del Governo per salvare un fiore all\u2019occhiello dell\u2019industria italiana farmaceutica. Cos\u00ec nel 1998 si sposta alla <strong>Bristol-Myers Squibb,<\/strong> nel 2009 membro del Board of Directors, nel 2010 Chief Operational Officer. Nel 2015 da Amministratore Delegato mantiene il ruolo presidente esecutivo. Nel 2012 inoltre \u00e8 entrato nel consiglio di Amministrazione di DuPont.<\/em><\/p>\n<p><em>Si \u00e8 ritirato da Bristol-Myers Squibb nel 2015 e ha assunto il ruolo di presidente esecutivo del consiglio di amministrazione della societ\u00e0, succedendo a James M. Cornelius che si ritirava da questo ruolo. \u00c8 stato eletto nel Consiglio di amministrazione di UniCredit SpA Bank nel maggio<span class=\"Apple-converted-space\">\u00a02018.<\/span><\/em><\/p>\n<p><em><span class=\"Apple-converted-space\">Nel 2014 tra retribuzione fissa, stock option e altre voci variabili della retribuzione ha incassato 27 milioni di dollari (24.6 milioni di euro).<\/span><\/em><\/p>\n<p>&nbsp;<\/p>","protected":false},"excerpt":{"rendered":"<p>Unicredit, nomine: Andreotti, figlio di Giulio, vicepresidente A sorpresa il figlio dell\u2019ex premier dc al vertice della banca: la sua carriera era stata tutta nell\u2019industria farmaceutica Usa \u2013 Il consigliere Maria Pierdicchi, ex Borsa Italiana, \u00e8 stato nominato Presidente del Comitato Parti Correlate e il consigliere Francesca Tondi membro del Comitato Controlli Interni &amp; Rischi &hellip;<\/p>","protected":false},"author":4,"featured_media":19299,"comment_status":"closed","ping_status":"closed","sticky":false,"template":"","format":"standard","meta":{"footnotes":""},"categories":[1],"tags":[],"class_list":["post-46254","post","type-post","status-publish","format-standard","has-post-thumbnail","hentry","category-notizie"],"amp_enabled":true,"_links":{"self":[{"href":"https:\/\/www.fedaiisf.it\/en\/wp-json\/wp\/v2\/posts\/46254","targetHints":{"allow":["GET"]}}],"collection":[{"href":"https:\/\/www.fedaiisf.it\/en\/wp-json\/wp\/v2\/posts"}],"about":[{"href":"https:\/\/www.fedaiisf.it\/en\/wp-json\/wp\/v2\/types\/post"}],"author":[{"embeddable":true,"href":"https:\/\/www.fedaiisf.it\/en\/wp-json\/wp\/v2\/users\/4"}],"replies":[{"embeddable":true,"href":"https:\/\/www.fedaiisf.it\/en\/wp-json\/wp\/v2\/comments?post=46254"}],"version-history":[{"count":0,"href":"https:\/\/www.fedaiisf.it\/en\/wp-json\/wp\/v2\/posts\/46254\/revisions"}],"wp:featuredmedia":[{"embeddable":true,"href":"https:\/\/www.fedaiisf.it\/en\/wp-json\/wp\/v2\/media\/19299"}],"wp:attachment":[{"href":"https:\/\/www.fedaiisf.it\/en\/wp-json\/wp\/v2\/media?parent=46254"}],"wp:term":[{"taxonomy":"category","embeddable":true,"href":"https:\/\/www.fedaiisf.it\/en\/wp-json\/wp\/v2\/categories?post=46254"},{"taxonomy":"post_tag","embeddable":true,"href":"https:\/\/www.fedaiisf.it\/en\/wp-json\/wp\/v2\/tags?post=46254"}],"curies":[{"name":"wp","href":"https:\/\/api.w.org\/{rel}","templated":true}]}}