{"id":46447,"date":"2019-10-25T11:51:15","date_gmt":"2019-10-25T09:51:15","guid":{"rendered":"https:\/\/www.fedaiisf.it\/?p=46447"},"modified":"2019-10-25T12:41:35","modified_gmt":"2019-10-25T10:41:35","slug":"dg-aifa-li-bassi-verso-laddio-con-il-nuovo-ministro-cambio-ai-vertici-aifa","status":"publish","type":"post","link":"https:\/\/www.fedaiisf.it\/en\/dg-aifa-li-bassi-verso-laddio-con-il-nuovo-ministro-cambio-ai-vertici-aifa\/","title":{"rendered":"DG AIFA Li Bassi towards farewell. With the new minister, change at the top of AIFA"},"content":{"rendered":"<h1 class=\"post-title entry-title\"><a title=\"Link Permanente: Farmaci: pubblicato avviso per nuovo Dg Aifa, Li Bassi verso addio\" href=\"https:\/\/www.vvox.it\/2019\/10\/25\/farmaci-pubblicato-avviso-per-nuovo-dg-aifa-li-bassi-verso-addio\/\" target=\"_blank\" rel=\"bookmark noopener noreferrer\">Farmaci: pubblicato avviso per nuovo Dg Aifa, Li Bassi verso addio<\/a><\/h1>\n<p>Poco pi\u00f9 di un anno alla guida di Aifa e gi\u00e0 Luca Li Bassi dovr\u00e0 dire addio al suo incarico, in nome dello spoil system. Il direttore generale dell\u2019Agenzia italiana del farmaco scelto dall\u2019ex ministro della Salute <a href=\"https:\/\/www.fedaiisf.it\/wp-content\/uploads\/2018\/09\/luca-libassi-AIFA.jpg\"><img loading=\"lazy\" decoding=\"async\" class=\"wp-image-38035 alignright\" src=\"https:\/\/www.fedaiisf.it\/wp-content\/uploads\/2018\/09\/luca-libassi-AIFA.jpg\" alt=\"\" width=\"184\" height=\"245\" srcset=\"https:\/\/www.fedaiisf.it\/wp-content\/uploads\/2018\/09\/luca-libassi-AIFA.jpg 277w, https:\/\/www.fedaiisf.it\/wp-content\/uploads\/2018\/09\/luca-libassi-AIFA-225x300.jpg 225w\" sizes=\"auto, (max-width: 184px) 100vw, 184px\" \/><\/a>Giulia Grillo a settembre 2018 sar\u00e0, infatti, sostituito da una figura che sar\u00e0 scelta dal nuovo titolare del dicastero di Lungotevere Ripa, Roberto Speranza.<\/p>\n<p>A tale scopo \u00e8 stato pubblicato sul sito istituzionale del ministero un \u2018Avviso pubblico per manifestazione di interesse per l\u2019incarico di direttore generale dell\u2019Agenzia italiana del farmaco \u2013 Aifa\u2019, incarico che si render\u00e0 disponibile a decorrere dal 9 dicembre 2019. (ADN Kronos salute &#8211; <a href=\"https:\/\/www.vvox.it\/2019\/10\/25\/farmaci-pubblicato-avviso-per-nuovo-dg-aifa-li-bassi-verso-addio\/\" target=\"_blank\" rel=\"noopener noreferrer\">Vvox 25 ottobre 2019<\/a>)<\/p>\n<p><em>Con il presente avviso, il Ministero della Salute invita tutti i soggetti che, ai sensi dell\u2019art. 10, del decreto ministeriale del 20\/09\/2004, n. 245, sono in possesso di diploma di laurea specialistica, con qualificata e documentata competenza ed esperienza sia sul piano tecnico-scientifico nel settore dei farmaci, sia in materia gestionale e manageriale, a presentare una manifestazione di interesse a ricoprire l\u2019incarico di Direttore generale dell\u2019Agenzia Italiana del Farmaco \u2013 AIFA; incarico che si render\u00e0 disponibile a decorrere dal 9 dicembre 2019.<\/em><br \/>\n<em>Il Direttore generale dell&#8217;Agenzia Italiana del Farmaco sar\u00e0 nominato con decreto del Ministro della Salute, sentita la Conferenza permanente per i rapporti tra lo Stato, le Regioni e le Province autonome, ai sensi dell&#8217;articolo 48, comma 4, lettera a), del decreto legislativo 30 settembre 2003, n.269. La manifestazione deve essere inviata, tramite posta elettronica certificata, entro le\u00a0<strong>ore 18 del 15 novembre 2019<\/strong> al seguente indirizzo pec: <a href=\"http:\/\/avvisoaifa@postacert.sanita.it\/\" target=\"_blank\" rel=\"noopener noreferrer\">avvisoaifa@postacert.sanita.it<\/a>, corredata da:<\/em><\/p>\n<div>\n<ul>\n<li><em>curriculum vitae del candidato<\/em><\/li>\n<li><em>dichiarazione sulla insussistenza di cause di inconferibilit\u00e0 e incompatibilit\u00e0, da rilasciarsi ai sensi dell&#8217;articolo 20 del decreto legislativo 8 aprile 2013, n. 39<\/em><\/li>\n<li><em>copia di un documento d\u2019identit\u00e0 in corso di validit\u00e0<\/em><\/li>\n<\/ul>\n<p><em>La presentazione della manifestazione di interesse non vincola in alcun modo questa Amministrazione a conferire l&#8217;incarico di Direttore generale al soggetto richiedente.<\/em><\/p>\n<p><em>Il presente avviso \u00e8 da intendersi come procedura pubblica finalizzata all&#8217;acquisizione di manifestazioni di interesse per il conferimento, ai sensi del richiamato articolo 48, dell&#8217;incarico di Direttore generale dell&#8217;Agenzia Italiana del Farmaco.<\/em><\/p>\n<p>Ministero della Salute &#8211;\u00a0<a href=\"http:\/\/www.salute.gov.it\/portale\/documentazione\/p6_2_7_1.jsp?lingua=italiano&amp;id=183\" target=\"_blank\" rel=\"noopener noreferrer\">Avviso pubblico per manifestazione di interesse per l\u2019incarico di Direttore Generale dell\u2019Agenzia Italiana del Farmaco \u2013 AIFA<\/a> &#8211;\u00a0<strong>Pubblicazione: <\/strong>24\u00a0ottobre\u00a02019\u00a0<strong>Data di scadenza: <\/strong>15\u00a0novembre\u00a02019<\/p>\n<p>Related news:<a href=\"http:\/\/www.quotidianosanita.it\/governo-e-parlamento\/articolo.php?articolo_id=78075\" target=\"_blank\" rel=\"noopener noreferrer\"><strong>Hope<\/strong>: \u201cStesso prezzo di rimborso per i farmaci <strong>terapeuticamente<\/strong> equivalenti\u201d<\/a><\/p>\n<\/div>\n<p><a href=\"https:\/\/www.repubblica.it\/salute\/medicina-e-ricerca\/2019\/09\/12\/news\/aifa_tra_immobilismo_e_dirigenti_che_mancano-235765260\/?refresh_ce\" target=\"_blank\" rel=\"noopener noreferrer\"><strong>Aifa: tra immobilismo, promesse mancate e dirigenti che mancano<\/strong><\/a><\/p>\n<p><a href=\"https:\/\/portale.fnomceo.it\/audizione-speranza-dalla-fnomceo-piena-condivisione\/\" target=\"_blank\" rel=\"noopener noreferrer\">FNOMCeO<\/a>:\u00a0\u201cCondividiamo la necessit\u00e0 di rimettere mano al prontuario farmaceutico, anche se vorremmo meglio comprendere le modalit\u00e0 di questa riforma. Riforma che, in ogni caso, non pu\u00f2 essere imposta dall\u2019alto, senza coinvolgere, in tutti i passaggi, i medici, quali professionisti che, della prescrizione, hanno la responsabilit\u00e0\u201d.<\/p>\n<p>&nbsp;<\/p>","protected":false},"excerpt":{"rendered":"<p>Farmaci: pubblicato avviso per nuovo Dg Aifa, Li Bassi verso addio Poco pi\u00f9 di un anno alla guida di Aifa e gi\u00e0 Luca Li Bassi dovr\u00e0 dire addio al suo incarico, in nome dello spoil system. Il direttore generale dell\u2019Agenzia italiana del farmaco scelto dall\u2019ex ministro della Salute Giulia Grillo a settembre 2018 sar\u00e0, infatti, &hellip;<\/p>","protected":false},"author":4,"featured_media":38089,"comment_status":"closed","ping_status":"closed","sticky":false,"template":"","format":"standard","meta":{"footnotes":""},"categories":[1],"tags":[49],"class_list":["post-46447","post","type-post","status-publish","format-standard","has-post-thumbnail","hentry","category-notizie","tag-aifa"],"amp_enabled":true,"_links":{"self":[{"href":"https:\/\/www.fedaiisf.it\/en\/wp-json\/wp\/v2\/posts\/46447","targetHints":{"allow":["GET"]}}],"collection":[{"href":"https:\/\/www.fedaiisf.it\/en\/wp-json\/wp\/v2\/posts"}],"about":[{"href":"https:\/\/www.fedaiisf.it\/en\/wp-json\/wp\/v2\/types\/post"}],"author":[{"embeddable":true,"href":"https:\/\/www.fedaiisf.it\/en\/wp-json\/wp\/v2\/users\/4"}],"replies":[{"embeddable":true,"href":"https:\/\/www.fedaiisf.it\/en\/wp-json\/wp\/v2\/comments?post=46447"}],"version-history":[{"count":0,"href":"https:\/\/www.fedaiisf.it\/en\/wp-json\/wp\/v2\/posts\/46447\/revisions"}],"wp:featuredmedia":[{"embeddable":true,"href":"https:\/\/www.fedaiisf.it\/en\/wp-json\/wp\/v2\/media\/38089"}],"wp:attachment":[{"href":"https:\/\/www.fedaiisf.it\/en\/wp-json\/wp\/v2\/media?parent=46447"}],"wp:term":[{"taxonomy":"category","embeddable":true,"href":"https:\/\/www.fedaiisf.it\/en\/wp-json\/wp\/v2\/categories?post=46447"},{"taxonomy":"post_tag","embeddable":true,"href":"https:\/\/www.fedaiisf.it\/en\/wp-json\/wp\/v2\/tags?post=46447"}],"curies":[{"name":"wp","href":"https:\/\/api.w.org\/{rel}","templated":true}]}}