{"id":46834,"date":"2019-11-22T13:27:18","date_gmt":"2019-11-22T12:27:18","guid":{"rendered":"https:\/\/www.fedaiisf.it\/?p=46834"},"modified":"2019-11-22T17:50:59","modified_gmt":"2019-11-22T16:50:59","slug":"lutto-isf-di-mestre-claudia-vio-stroncata-a-42-anni","status":"publish","type":"post","link":"https:\/\/www.fedaiisf.it\/en\/lutto-isf-di-mestre-claudia-vio-stroncata-a-42-anni\/","title":{"rendered":"Mourning. ISF of Mestre, Claudia Vio, cut short at 42 years old"},"content":{"rendered":"<p>A dicembre aveva perso il pap\u00e0 Oscar. Poi, a marzo, la diagnosi di quella maledetta malattia era arrivata come una bomba. Ma <strong>Claudia Vio<\/strong>, 42 anni, informatrice farmaceutica di Zelarino, non si era abbattuta. Aveva continuato a vivere e sperato fino all&#8217;ultimo di riuscire a superare quel male cos\u00ec aggressivo e violento. Cos\u00ec aggressivo e violento da riuscire ad avere la meglio: la sua battaglia \u00e8 finita tre giorni fa, nel dolore di amici e parenti. Negli ultimi tempi il suo quadro clinico si era aggravato, fino a diventare irreversibile.<\/p>\n<p><a href=\"https:\/\/www.fedaiisf.it\/wp-content\/uploads\/2019\/11\/Chiesa-Madonna-della-Salute-Mestre-Zelarino.jpeg\"><img loading=\"lazy\" decoding=\"async\" class=\"wp-image-46835 alignright\" src=\"https:\/\/www.fedaiisf.it\/wp-content\/uploads\/2019\/11\/Chiesa-Madonna-della-Salute-Mestre-Zelarino.jpeg\" alt=\"\" width=\"309\" height=\"268\" srcset=\"https:\/\/www.fedaiisf.it\/wp-content\/uploads\/2019\/11\/Chiesa-Madonna-della-Salute-Mestre-Zelarino.jpeg 776w, https:\/\/www.fedaiisf.it\/wp-content\/uploads\/2019\/11\/Chiesa-Madonna-della-Salute-Mestre-Zelarino-300x260.jpeg 300w, https:\/\/www.fedaiisf.it\/wp-content\/uploads\/2019\/11\/Chiesa-Madonna-della-Salute-Mestre-Zelarino-768x666.jpeg 768w\" sizes=\"auto, (max-width: 309px) 100vw, 309px\" \/><\/a>La sua bacheca Facebook \u00e8 stata letteralmente invasa da messaggi di saluto e cordoglio: tanto stupore e tanta rabbia per una morte improvvisa e prematura. Su Linkedin faceva parte dei Gruppi &#8220;ISF Informatori Scientifici del Farmaco&#8221; e &#8220;informazione scientifica del farmaco&#8221;.<\/p>\n<p>Il funerale si terr\u00e0 domani alle 11 nella chiesa della Madonna della Salute. Una chiesa con cui aveva un legame particolare, visto che era la parrocchia dei suoi genitori.<\/p>\n<p>Claudia originaria di Santa Barbara, aveva trascorso l&#8217;infanzia alla Gazzera dove aveva studiato e aveva stretto i legami pi\u00f9 solidi. Laureata in Biologia a Padova lavorava per la BioNike, dopo un&#8217;esperienza in IDI. Viveva con la mamma Lucia a Zelarino. Amante dei viaggi e del mare, appena poteva partiva per nuove mete.<\/p>\n<p>Sara, una delle sue migliori amiche, la descrive come una persona solare, sempre disponibile e gentile. &#8220;Era impossibile non volerle bene&#8221;.<\/p>\n<p>Gli amici di Claudia stanno organizzando una raccolta di fondi per il funerale per sostenere l&#8217;AIRC, la fondazione di ricerca sul cancro, &#8220;Siamo sicuri che lei avrebbe voluto cos\u00ec&#8221;<\/p>\n<p><a href=\"https:\/\/www.ilgazzettino.it\/nordest\/venezia\/claudia_vio_morta_zelarino-4879359.html\" target=\"_blank\" rel=\"noopener noreferrer\">il Gazzettino Mestre Venezia &#8211; 22 novembre 2019<\/a><\/p>\n<p>Editor&#039;s note: <em>alla mamma e ai familiari tutti di Claudia giungano le nostre commosse condoglianze.<\/em><\/p>","protected":false},"excerpt":{"rendered":"<p>A dicembre aveva perso il pap\u00e0 Oscar. Poi, a marzo, la diagnosi di quella maledetta malattia era arrivata come una bomba. Ma Claudia Vio, 42 anni, informatrice farmaceutica di Zelarino, non si era abbattuta. Aveva continuato a vivere e sperato fino all&#8217;ultimo di riuscire a superare quel male cos\u00ec aggressivo e violento. Cos\u00ec aggressivo e &hellip;<\/p>","protected":false},"author":4,"featured_media":46836,"comment_status":"closed","ping_status":"closed","sticky":false,"template":"","format":"standard","meta":{"footnotes":""},"categories":[14],"tags":[23],"class_list":["post-46834","post","type-post","status-publish","format-standard","has-post-thumbnail","hentry","category-news-fedaiisf","tag-informatore"],"amp_enabled":true,"_links":{"self":[{"href":"https:\/\/www.fedaiisf.it\/en\/wp-json\/wp\/v2\/posts\/46834","targetHints":{"allow":["GET"]}}],"collection":[{"href":"https:\/\/www.fedaiisf.it\/en\/wp-json\/wp\/v2\/posts"}],"about":[{"href":"https:\/\/www.fedaiisf.it\/en\/wp-json\/wp\/v2\/types\/post"}],"author":[{"embeddable":true,"href":"https:\/\/www.fedaiisf.it\/en\/wp-json\/wp\/v2\/users\/4"}],"replies":[{"embeddable":true,"href":"https:\/\/www.fedaiisf.it\/en\/wp-json\/wp\/v2\/comments?post=46834"}],"version-history":[{"count":0,"href":"https:\/\/www.fedaiisf.it\/en\/wp-json\/wp\/v2\/posts\/46834\/revisions"}],"wp:featuredmedia":[{"embeddable":true,"href":"https:\/\/www.fedaiisf.it\/en\/wp-json\/wp\/v2\/media\/46836"}],"wp:attachment":[{"href":"https:\/\/www.fedaiisf.it\/en\/wp-json\/wp\/v2\/media?parent=46834"}],"wp:term":[{"taxonomy":"category","embeddable":true,"href":"https:\/\/www.fedaiisf.it\/en\/wp-json\/wp\/v2\/categories?post=46834"},{"taxonomy":"post_tag","embeddable":true,"href":"https:\/\/www.fedaiisf.it\/en\/wp-json\/wp\/v2\/tags?post=46834"}],"curies":[{"name":"wp","href":"https:\/\/api.w.org\/{rel}","templated":true}]}}