{"id":4693,"date":"2014-10-30T12:10:55","date_gmt":"2014-10-30T11:10:55","guid":{"rendered":"http:\/\/www.fedaiisf.it\/?p=4693"},"modified":"2014-10-31T13:14:34","modified_gmt":"2014-10-31T12:14:34","slug":"10-rapporto-sanita-in-10-anni-70-farmaci-classe-acquistati-cittadini","status":"publish","type":"post","link":"https:\/\/www.fedaiisf.it\/en\/10-rapporto-sanita-in-10-anni-70-farmaci-classe-acquistati-cittadini\/","title":{"rendered":"10\u00b0 Rapporto Sanit\u00e0. In 10 anni +70% farmaci classe A acquistati da cittadini"},"content":{"rendered":"<p><img loading=\"lazy\" decoding=\"async\" class=\"alignleft\" alt=\"\" src=\"http:\/\/lh5.ggpht.com\/-B3B8-KGazOs\/VFDUZAUUqAI\/AAAAAAABL0g\/wBIXQ7xoUIg\/10%252520Rapporto%252520Sanit%2525C3%2525A0%25255B10%25255D.jpg?imgmax=800\" width=\"224\" height=\"188\" \/>La spesa per l&#8217;acquisto dei farmaci pesa sempre di pi\u00f9 sulle tasche degli italiani. Emblematico<b> <\/b>\u00e8 il caso dei farmaci di classe<b> <\/b>A (medicinali essenziali eleggibili<b> <\/b>al rimborso pubblico):<b> <\/b>in 10 anni (fra il 2003 e il 2013)<b> <\/b>la spesa per i farmaci di classe<b> <\/b>A acquistati direttamente dalle<b> <\/b>famiglie \u00e8 aumentata del 69,4%.<b><\/b><\/p>\n<p>E&#8217; quanto emerge dal 10\u00b0 Rapporto Sanit\u00e0 dell&#8217;Universit\u00e0 Tor Vergata di Roma, elaborato dai ricercatori del Consorzio per la ricerca economica applicata in sanit\u00e0 (Crea), presentato ieri nell&#8217;Aula dei Gruppi parlamentari della Camera dei Deputati.<\/p>\n<p>In assoluto, le compartecipazioni farmaceutiche incidono molto pi\u00f9 nel meridione che nel settentrione (7,7% sulla spesa farmaceutica della Regione Sicilia, contro il 2,2% della Provincia autonoma di Bolzano). &#8220;In campo farmaceutico \u2013 spiegano gli esperti del Consorzio &#8211; le spese dirette &#8216;sgravano&#8217;, ormai in misura rilevante, il sistema pubblico da oneri, aiutando di fatto a mantenerne la sostenibilit\u00e0&#8221;.<\/p>\n<p><b><i><a href=\"http:\/\/streamer.adnkronos.com\/Salute\/Newsletter\/data\/Pk162k14.pdf\" target=\"_blank\" rel=\"noopener\">Federico Finocchi \u2013 30 ottobre 2014 &#8211; PharmaKronos<\/a><\/i><\/b><\/p>\n<p>&nbsp;<\/p>\n<p align=\"center\"><b>Presentazione 10\u00b0 Rapporto Sanit\u00e0<\/b><br \/>\nCREA Sanit\u00e0 \u2013 Tor Vergata<\/p>\n<p>L\u2019evento si \u00e8 tenuto il <b>29 ottobre 201<\/b>4 a Roma presso la Camera dei Deputati, Aula dei \u201cGruppi Parlamentari\u201d, dalle ore 9,00 alle ore 13,00.<\/p>\n<p>&#8211;\u00a0\u00a0\u00a0\u00a0\u00a0\u00a0 <a href=\"http:\/\/www.rapportosanita.it\/sanita\/public\/file\/X-rapporto\/29ott_Progr_Rapporto_PROV_27ott.pdf\" target=\"_blank\" rel=\"noopener\">Il programma<\/a><\/p>\n<p>La struttura del Rapporto prevede prima un\u2019analisi statistica del contesto in cui muove la Sanit\u00e0, seguono i dati di performance (spesa, finanziamento ed equit\u00e0) e quindi gli spaccati per singolo settore assistenziale, chiudendo poi con l\u2019aspetto industriale. Non si \u00e8 per\u00f2 rinunciato all\u2019originalit\u00e0 dei contributi (che ogni anno riguardano aspetti nuovi delle politiche sanitarie) e ad alcune estensioni rispetto alle scorse edizioni, che quest\u2019anno riguardano l\u2019assistenza domiciliare, l\u2019attivit\u00e0 di prevenzione e l\u2019analisi di particolari patologie. In questa edizione, ciascun capitolo viene affiancato da una sintesi in lingua inglese.<\/p>\n<p>La 10a edizione del Rapporto Sanit\u00e0 \u00e8 stata curata dal Consorzio Universitario per la Ricerca Economica Applicata in Sanit\u00e0 (CREA Sanit\u00e0), grazie anche alla partnership con alcune Aziende risultate sensibili a sostenere la ricerca e il dibattito sulle politiche sanitarie. In particolare, quest\u2019anno la pubblicazione e la diffusione del volume presso operatori ed esperti sanitari, nonch\u00e9 l\u2019accesso alle tavole statistiche, sono resi possibili grazie al supporto incondizionato di: 3M Italia, Bayer, Biogen Idec Italia, Boehringer Ingelheim Italia, Daiichi Sankyo Italia, Eli Lilly Italia, Fondazione MSD, GlaxoSmithKline, Janssen Cilag, Novartis Farma, Novo Nordisk, Pfizer Italia, Sanofi Pasteur MSD.<\/p>\n<p><em>Related news<\/em>:<\/p>\n<p><b><a href=\"http:\/\/aboutpharma.mailmta.com\/nl\/l.jsp?02.EUr.ZCZ.h-.Bw.p4wX\" target=\"_blank\" rel=\"noopener\">Rapporto Crea Sanit\u00e0: il deficit \u00e8 in calo e il Sud \u00e8 pi\u00f9 virtuoso del Nord<\/a><\/b><\/p>\n<p><a href=\"http:\/\/aboutpharma.mailmta.com\/nl\/l.jsp?02.EUw.ZCZ.h-.Bw.p4wX\" target=\"_blank\" rel=\"noopener\">\u00a0<\/a><\/p>\n<p>&nbsp;<\/p>\n<p>&nbsp;<\/p>","protected":false},"excerpt":{"rendered":"<p>La spesa per l&#8217;acquisto dei farmaci pesa sempre di pi\u00f9 sulle tasche degli italiani. Emblematico \u00e8 il caso dei farmaci di classe A (medicinali essenziali eleggibili al rimborso pubblico): in 10 anni (fra il 2003 e il 2013) la spesa per i farmaci di classe A acquistati direttamente dalle famiglie \u00e8 aumentata del 69,4%. E&#8217; &hellip;<\/p>","protected":false},"author":4,"featured_media":4696,"comment_status":"closed","ping_status":"closed","sticky":false,"template":"","format":"standard","meta":{"footnotes":""},"categories":[1],"tags":[26],"class_list":["post-4693","post","type-post","status-publish","format-standard","has-post-thumbnail","hentry","category-notizie","tag-spesa-farmaceutica"],"amp_enabled":true,"_links":{"self":[{"href":"https:\/\/www.fedaiisf.it\/en\/wp-json\/wp\/v2\/posts\/4693","targetHints":{"allow":["GET"]}}],"collection":[{"href":"https:\/\/www.fedaiisf.it\/en\/wp-json\/wp\/v2\/posts"}],"about":[{"href":"https:\/\/www.fedaiisf.it\/en\/wp-json\/wp\/v2\/types\/post"}],"author":[{"embeddable":true,"href":"https:\/\/www.fedaiisf.it\/en\/wp-json\/wp\/v2\/users\/4"}],"replies":[{"embeddable":true,"href":"https:\/\/www.fedaiisf.it\/en\/wp-json\/wp\/v2\/comments?post=4693"}],"version-history":[{"count":0,"href":"https:\/\/www.fedaiisf.it\/en\/wp-json\/wp\/v2\/posts\/4693\/revisions"}],"wp:featuredmedia":[{"embeddable":true,"href":"https:\/\/www.fedaiisf.it\/en\/wp-json\/wp\/v2\/media\/4696"}],"wp:attachment":[{"href":"https:\/\/www.fedaiisf.it\/en\/wp-json\/wp\/v2\/media?parent=4693"}],"wp:term":[{"taxonomy":"category","embeddable":true,"href":"https:\/\/www.fedaiisf.it\/en\/wp-json\/wp\/v2\/categories?post=4693"},{"taxonomy":"post_tag","embeddable":true,"href":"https:\/\/www.fedaiisf.it\/en\/wp-json\/wp\/v2\/tags?post=4693"}],"curies":[{"name":"wp","href":"https:\/\/api.w.org\/{rel}","templated":true}]}}