{"id":46943,"date":"2019-12-03T17:57:21","date_gmt":"2019-12-03T16:57:21","guid":{"rendered":"https:\/\/www.fedaiisf.it\/?p=46943"},"modified":"2019-12-03T17:57:21","modified_gmt":"2019-12-03T16:57:21","slug":"ogni-assunzione-di-antibiotici-concorre-a-sviluppare-lantimicrobico-resistenza","status":"publish","type":"post","link":"https:\/\/www.fedaiisf.it\/en\/ogni-assunzione-di-antibiotici-concorre-a-sviluppare-lantimicrobico-resistenza\/","title":{"rendered":"Each intake of antibiotics contributes to the development of antimicrobial resistance"},"content":{"rendered":"<h2 class=\"portlet-title-news\">Antibiotici: dai dati del Rapporto AIFA informazioni utili e proposte per un uso pi\u00f9 appropriato<\/h2>\n<p><i>&#8220;Ogni assunzione di antibiotici concorre a sviluppare l\u2019antimicrobico-resistenza. Pertanto, ut<\/i><i>ilizzare gli antibiotici con consapevolezza e solo quando necessario \u00e8 una condizione essenziale per contrastare il fenomeno sempre pi\u00f9 preoccupante dell\u2019antibiotico-resistenza e fare in modo che questi farmaci possano continuare ad essere efficaci nel tempo. Monitorare i dai dati di consumo e analizzare l\u2019appropriatezza d\u2019uso ci consente di identificare le aree di maggiore criticit\u00e0 su cui agire con strategie mirate per promuovere un uso pi\u00f9 appropriato di questi farmaci&#8221;<\/i>. \u00c8 quanto ha affermato il Direttore Generale di AIFA Luca Li Bassi presentando ieri a Roma il secondo Rapporto sull\u2019uso degli antibiotici in Italia, pubblicato dall\u2019Agenzia nell\u2019ambito delle attivit\u00e0 previste dal Piano Nazionale di Contrasto all\u2019Antimicrobico-resistenza (PNCAR).<\/p>\n<p><a href=\"https:\/\/www.fedaiisf.it\/wp-content\/uploads\/2019\/12\/AIFA-presentazione-Rep-antibiotici.jpg\"><img loading=\"lazy\" decoding=\"async\" class=\" wp-image-46945 alignright\" src=\"https:\/\/www.fedaiisf.it\/wp-content\/uploads\/2019\/12\/AIFA-presentazione-Rep-antibiotici.jpg\" alt=\"\" width=\"378\" height=\"252\" srcset=\"https:\/\/www.fedaiisf.it\/wp-content\/uploads\/2019\/12\/AIFA-presentazione-Rep-antibiotici.jpg 600w, https:\/\/www.fedaiisf.it\/wp-content\/uploads\/2019\/12\/AIFA-presentazione-Rep-antibiotici-300x200.jpg 300w, https:\/\/www.fedaiisf.it\/wp-content\/uploads\/2019\/12\/AIFA-presentazione-Rep-antibiotici-274x183.jpg 274w, https:\/\/www.fedaiisf.it\/wp-content\/uploads\/2019\/12\/AIFA-presentazione-Rep-antibiotici-80x54.jpg 80w, https:\/\/www.fedaiisf.it\/wp-content\/uploads\/2019\/12\/AIFA-presentazione-Rep-antibiotici-130x87.jpg 130w, https:\/\/www.fedaiisf.it\/wp-content\/uploads\/2019\/12\/AIFA-presentazione-Rep-antibiotici-359x240.jpg 359w, https:\/\/www.fedaiisf.it\/wp-content\/uploads\/2019\/12\/AIFA-presentazione-Rep-antibiotici-85x57.jpg 85w, https:\/\/www.fedaiisf.it\/wp-content\/uploads\/2019\/12\/AIFA-presentazione-Rep-antibiotici-546x365.jpg 546w, https:\/\/www.fedaiisf.it\/wp-content\/uploads\/2019\/12\/AIFA-presentazione-Rep-antibiotici-165x109.jpg 165w, https:\/\/www.fedaiisf.it\/wp-content\/uploads\/2019\/12\/AIFA-presentazione-Rep-antibiotici-112x75.jpg 112w, https:\/\/www.fedaiisf.it\/wp-content\/uploads\/2019\/12\/AIFA-presentazione-Rep-antibiotici-179x120.jpg 179w, https:\/\/www.fedaiisf.it\/wp-content\/uploads\/2019\/12\/AIFA-presentazione-Rep-antibiotici-170x113.jpg 170w, https:\/\/www.fedaiisf.it\/wp-content\/uploads\/2019\/12\/AIFA-presentazione-Rep-antibiotici-81x55.jpg 81w, https:\/\/www.fedaiisf.it\/wp-content\/uploads\/2019\/12\/AIFA-presentazione-Rep-antibiotici-765x510.jpg 765w\" sizes=\"auto, (max-width: 378px) 100vw, 378px\" \/><\/a>La scelta di pubblicare il Rapporto nella settimana mondiale OMS dedicata alla consapevolezza sull\u2019uso degli antibiotici \u00e8 significativa dell\u2019impegno che AIFA, le altre istituzioni nazionali e le Regioni, hanno messo in campo per contrastare il fenomeno dell\u2019antimicrobico-resistenza con una strategia comune e obiettivi e indicatori chiari e condivisi.<\/p>\n<p>&#8220;<i>Rispetto allo scorso anno \u2013 spiega Francesco Trotta, dirigente dell\u2019Ufficio Monitoraggio della Spesa e rapporti con le Regioni \u2013 il Rapporto AIFA si arricchisce del contributo dei Medici di Medicina Generale per la parte che riguarda la valutazione degli indicatori di appropriatezza, presenta un\u2019analisi dei consumi in assistenza ospedaliera in rapporto alle giornate di degenza, in coerenza con quanto richiesto dal Piano Nazionale, propone un nuovo indicatore che combina in un\u2019unica misura il consumo di antibiotici e la resistenza ai farmaci, monitora l\u2019andamento nel tempo degli indicatori analizzati (es. indicatori ESAC), e introduce un\u2019analisi sugli acquisti privati di antibiotici&#8221;<\/i>.<\/p>\n<p>Nel corso delle sessioni in cui si \u00e8 ascoltato il punto di vista dei vari attori coinvolti nella prescrizione, dispensazione e uso degli antibiotici sono emersi molti spunti di riflessione e soprattutto possibili indicazioni per integrare il lavoro futuro, sia del Rapporto OsMed sia del PNCAR.<\/p>\n<p>I rappresentanti delle Regioni hanno evidenziato l\u2019importanza di includere nella raccolta dei dati di consumo e spesa anche le strutture private convenzionate, le residenze socio-assistenziali, i penitenziari per avere una fotografia ancora pi\u00f9 completa dell\u2019utilizzo degli antibiotici.<\/p>\n<p>Medici e pediatri hanno inoltre riportato esperienze dirette di buone pratiche di applicazione di stewardship a livello locale e di auto-valutazione nella corretta prescrizione degli antibiotici. In particolare, hanno ribadito l\u2019imprescindibilit\u00e0 della corretta formazione di tutti gli operatori sanitari e il valore aggiunto del confronto fra pari, fra gruppi di colleghi, come possibile modalit\u00e0 di sensibilizzazione ad una prescrizione appropriata. Dalla discussione \u00e8 emerso come medici di medicina generale e pediatri di libera scelta, che sono il punto focale della prescrizione di antibiotici, giochino un ruolo chiave per trasferire a pazienti e genitori i messaggi e l\u2019informazione adeguata per un\u2019educazione all\u2019uso prudente degli antibiotici.<\/p>\n<p>Stesso ruolo che anche i farmacisti svolgono quotidianamente, come punto di contatto con i cittadini, con i quali possono intervenire per rettificare o evitare errori di terapia; e come raccordo con i medici e gli specialisti ai quali segnalare eventuali criticit\u00e0.<\/p>\n<p>Non da ultimo \u00e8 fondamentale quanto il cittadino pu\u00f2 fare per acquisire sempre pi\u00f9 consapevolezza nell\u2019impiego corretto degli antibiotici che iniziative di comunicazione e sensibilizzazione, come la World Antibiotic Awareness week appena conclusa, possono favorire.<\/p>\n<p><i>Sono intervenuti: Claudia Santini, Agnese Cangini e Filomena Fortinguerra (AIFA), Roberto Da Cas (ISS), Carlo Gagliotti (Agenzia Sanitaria e Sociale Regionale Emilia Romagna), Laura Reali (Associazione culturale pediatri), Maximin Liebl, (FOFI), Anna Baldini (Cittadinanzattiva), Ugo Trama (Regione Campania), Simona Di Mario (Regione Emilia Romagna), Simone Lanini (INMI Spallanzani).<\/i><\/p>\n<p><a href=\"https:\/\/www.aifa.gov.it\/web\/guest\/-\/antibiotici-dai-dati-del-rapporto-aifa-informazioni-utili-e-proposte-per-un-uso-piu-appropriato\" target=\"_blank\" rel=\"noopener noreferrer\">AIFA\u00a0<small>Pubblicato il: 26 novembre 2019<\/small><\/a><\/p>\n<div class=\"Grid-cell u-md-size1of1 u-lg-size1of1 u-padding-r-left u-padding-r-bottom\">\n<div class=\"u-color-grey-30 u-border-top-xxs u-padding-right-xxl u-padding-r-top\">\n<p class=\"link-download u-color-50 u-textWeight-700 u-text-r-xs u-padding-r-top\">PDF <a class=\"u-color-black\" href=\"https:\/\/www.aifa.gov.it\/documents\/20142\/1074882\/Scheda_Rapporto_Antibiotici_2018.pdf\/b443c936-0dde-c122-4fe4-bab1b9a1a2f2\" target=\"_blank\" rel=\"noopener noreferrer\">Scheda sintetica &#8211; L\u2019uso degli antibiotici in Italia &#8211; Rapporto Nazionale 2018 [0.18 Mb] &gt;<\/a><\/p>\n<\/div>\n<\/div>\n<div class=\"Grid-cell u-md-size1of1 u-lg-size1of1 u-padding-r-left u-padding-r-bottom\">\n<div class=\"u-color-grey-30 u-border-top-xxs u-padding-right-xxl u-padding-r-top\"><i class=\"far fa-file-pdf icon-download-file u-color-blu\"><\/i><\/p>\n<p class=\"link-download u-color-50 u-textWeight-700 u-text-r-xs u-padding-r-top\">PDF <a class=\"u-color-black\" href=\"https:\/\/www.aifa.gov.it\/documents\/20142\/1075959\/2019-11-25_Trotta_rapporto_antibiotici_2018.pdf\/72c3576a-dd04-a559-32f8-df0c53028a87\" target=\"_blank\" rel=\"noopener noreferrer\">Presentazione F. Trotta &#8211; Presentazione della giornata [2.41 Mb] &gt;<\/a><\/p>\n<\/div>\n<\/div>\n<div class=\"Grid-cell u-md-size1of1 u-lg-size1of1 u-padding-r-left u-padding-r-bottom\">\n<div class=\"u-color-grey-30 u-border-top-xxs u-padding-right-xxl u-padding-r-top\"><i class=\"far fa-file-pdf icon-download-file u-color-blu\"><\/i><\/p>\n<p class=\"link-download u-color-50 u-textWeight-700 u-text-r-xs u-padding-r-top\">PDF <a class=\"u-color-black\" href=\"https:\/\/www.aifa.gov.it\/documents\/20142\/1075959\/2019-11-25_Cangini_rapporto_antibiotici_2018.pdf\/dc539f59-2995-6adb-0901-0b7e89d91ff1\" target=\"_blank\" rel=\"noopener noreferrer\">Presentazione A. Cangini &#8211; Inquadramento generale [1.06 Mb] &gt;<\/a><\/p>\n<\/div>\n<\/div>\n<div class=\"Grid-cell u-md-size1of1 u-lg-size1of1 u-padding-r-left u-padding-r-bottom\">\n<div class=\"u-color-grey-30 u-border-top-xxs u-padding-right-xxl u-padding-r-top\"><i class=\"far fa-file-pdf icon-download-file u-color-blu\"><\/i><\/p>\n<p class=\"link-download u-color-50 u-textWeight-700 u-text-r-xs u-padding-r-top\">PDF <a class=\"u-color-black\" href=\"https:\/\/www.aifa.gov.it\/documents\/20142\/1075959\/2019-11-25_Fortinguerra_rapporto_antibiotici_2018.pdf\/1f502a5a-ec11-4395-6d72-b6d3a2dcf8be\" target=\"_blank\" rel=\"noopener noreferrer\">Presentazione F. Fortinguerra &#8211; Esposizione in sottogruppi di popolazione [1.77 Mb] &gt;<\/a><\/p>\n<\/div>\n<\/div>\n<div class=\"Grid-cell u-md-size1of1 u-lg-size1of1 u-padding-r-left u-padding-r-bottom\">\n<div class=\"u-color-grey-30 u-border-top-xxs u-padding-right-xxl u-padding-r-top\"><i class=\"far fa-file-pdf icon-download-file u-color-blu\"><\/i><\/p>\n<p class=\"link-download u-color-50 u-textWeight-700 u-text-r-xs u-padding-r-top\">PDF <a class=\"u-color-black\" href=\"https:\/\/www.aifa.gov.it\/documents\/20142\/1075959\/2019-11-25_Da-Cas_ISS_rapporto_antibiotivi_2018.pdf\/6595a9bd-1643-84de-7133-79eba917a6cf\" target=\"_blank\" rel=\"noopener noreferrer\">Presentazione R. Da Cas (ISS) &#8211; Dati regionali [2.03 Mb] &gt;<\/a><\/p>\n<\/div>\n<\/div>\n<p>&nbsp;<\/p>\n","protected":false},"excerpt":{"rendered":"<p>Antibiotici: dai dati del Rapporto AIFA informazioni utili e proposte per un uso pi\u00f9 appropriato &#8220;Ogni assunzione di antibiotici concorre a sviluppare l\u2019antimicrobico-resistenza. Pertanto, utilizzare gli antibiotici con consapevolezza e solo quando necessario \u00e8 una condizione essenziale per contrastare il fenomeno sempre pi\u00f9 preoccupante dell\u2019antibiotico-resistenza e fare in modo che questi farmaci possano continuare ad &hellip;<\/p>","protected":false},"author":4,"featured_media":6308,"comment_status":"closed","ping_status":"closed","sticky":false,"template":"","format":"standard","meta":{"footnotes":""},"categories":[1],"tags":[],"class_list":["post-46943","post","type-post","status-publish","format-standard","has-post-thumbnail","hentry","category-notizie"],"amp_enabled":true,"_links":{"self":[{"href":"https:\/\/www.fedaiisf.it\/en\/wp-json\/wp\/v2\/posts\/46943","targetHints":{"allow":["GET"]}}],"collection":[{"href":"https:\/\/www.fedaiisf.it\/en\/wp-json\/wp\/v2\/posts"}],"about":[{"href":"https:\/\/www.fedaiisf.it\/en\/wp-json\/wp\/v2\/types\/post"}],"author":[{"embeddable":true,"href":"https:\/\/www.fedaiisf.it\/en\/wp-json\/wp\/v2\/users\/4"}],"replies":[{"embeddable":true,"href":"https:\/\/www.fedaiisf.it\/en\/wp-json\/wp\/v2\/comments?post=46943"}],"version-history":[{"count":0,"href":"https:\/\/www.fedaiisf.it\/en\/wp-json\/wp\/v2\/posts\/46943\/revisions"}],"wp:featuredmedia":[{"embeddable":true,"href":"https:\/\/www.fedaiisf.it\/en\/wp-json\/wp\/v2\/media\/6308"}],"wp:attachment":[{"href":"https:\/\/www.fedaiisf.it\/en\/wp-json\/wp\/v2\/media?parent=46943"}],"wp:term":[{"taxonomy":"category","embeddable":true,"href":"https:\/\/www.fedaiisf.it\/en\/wp-json\/wp\/v2\/categories?post=46943"},{"taxonomy":"post_tag","embeddable":true,"href":"https:\/\/www.fedaiisf.it\/en\/wp-json\/wp\/v2\/tags?post=46943"}],"curies":[{"name":"wp","href":"https:\/\/api.w.org\/{rel}","templated":true}]}}