{"id":46960,"date":"2019-12-05T12:49:14","date_gmt":"2019-12-05T11:49:14","guid":{"rendered":"https:\/\/www.fedaiisf.it\/?p=46960"},"modified":"2019-12-06T14:33:10","modified_gmt":"2019-12-06T13:33:10","slug":"forli-case-della-salute-in-citta-dissenso-degli-informatori-del-farmaco-centro-sguarnito-di-medici-di-base","status":"publish","type":"post","link":"https:\/\/www.fedaiisf.it\/en\/forli-case-della-salute-in-citta-dissenso-degli-informatori-del-farmaco-centro-sguarnito-di-medici-di-base\/","title":{"rendered":"Forli. Health houses in the city, dissent from drug informants: &quot;Centre without general practitioners&quot;"},"content":{"rendered":"<p><span style=\"font-size: 18px;\"><em>Mentre assistiamo all&#8217;inaugurazione di un mega ambulatorio in Viale Risorgimento, il centro storico sta continuando a perdere medici tra l&#8217;incredulit\u00e0 e la disperazione della popolazione, soprattutto di quella anziana<\/em><\/span><\/p>\n<p><a href=\"https:\/\/www.forlitoday.it\/cronaca\/case-della-salute-in-citta-dissenso-degli-informatori-del-farmaco-centro-sguarnito-di-medici-di-base.html\" target=\"_blank\" rel=\"noopener noreferrer\">Forl\u00ec Today &#8211; 05 dicembre 2019<\/a><\/p>\n<p><span style=\"font-size: 20px;\">d<\/span>issenso sulla scelta dei nuclei di cure primarie, il primo dei quali si \u00e8 \u201cevoluto\u201d in una piccola casa della salute, appena inaugurata in viale Risorgimento. E&#8217; quanto espresso da Federazione delle associazioni <a href=\"https:\/\/www.fedaiisf.it\/wp-content\/uploads\/2019\/06\/Riccardo-Bevilacqua.jpg\"><img loading=\"lazy\" decoding=\"async\" class=\"wp-image-43984 alignright\" src=\"https:\/\/www.fedaiisf.it\/wp-content\/uploads\/2019\/06\/Riccardo-Bevilacqua.jpg\" alt=\"\" width=\"192\" height=\"228\" \/><\/a>italiane degli informatori scientifici del farmaco, per bocca di Riccardo Bevilacqua. A farne le spese, secondo Bevilacqua, sar\u00e0 soprattutto la popolazione anziana del centro, che si vedr\u00e0 sguarnita del servizio di prossimit\u00e0.<\/p>\n<p>Spiega in una nota: \u201cIl centro storico di Forl\u00ec \u00e8 stato trascurato per decenni dalle precedenti amministrazioni i cui sindaci sono stati anche i referenti locali in tema di autorit\u00e0 sanitaria. La citt\u00e0 \u00e8 in ritardo su molti fronti, degradata in alcune zone, umiliata nelle sue aspirazioni di capoluogo. Il centro storico \u00e8 stato trascurato si \u00e8 impoverito, in questi ultimi 25 anni, di asili, scuole, cinema, esercizi commerciali, attivit\u00e0 private, medici e farmacie\u201d.<\/p>\n<p>Ed ancora: \u201cMentre assistiamo all&#8217;inaugurazione di un mega ambulatorio in Viale Risorgimento, il centro storico sta continuando a perdere medici tra l&#8217;incredulit\u00e0 e la disperazione della popolazione, soprattutto di quella anziana. Tale effetto \u00e8 la scelta della AUSL di incentivare economicamente i medici a concentrarsi in <a href=\"https:\/\/www.fedaiisf.it\/wp-content\/uploads\/2015\/08\/casa-della-salute-E.R..jpg\"><img loading=\"lazy\" decoding=\"async\" class=\"wp-image-20934 alignleft\" src=\"https:\/\/www.fedaiisf.it\/wp-content\/uploads\/2015\/08\/casa-della-salute-E.R..jpg\" alt=\"\" width=\"271\" height=\"119\" srcset=\"https:\/\/www.fedaiisf.it\/wp-content\/uploads\/2015\/08\/casa-della-salute-E.R..jpg 800w, https:\/\/www.fedaiisf.it\/wp-content\/uploads\/2015\/08\/casa-della-salute-E.R.-300x132.jpg 300w, https:\/\/www.fedaiisf.it\/wp-content\/uploads\/2015\/08\/casa-della-salute-E.R.-768x338.jpg 768w\" sizes=\"auto, (max-width: 271px) 100vw, 271px\" \/><\/a>mega centri denominati, in modo familiare e rassicurante, &#8220;Case della salute&#8221;, disincentivando cos\u00ec l&#8217;attivit\u00e0 singola, e la stessa autonomia del medico, che garantirebbe una presenza omogenea sul territorio come avviene in quasi tutta Italia. In questo declino sanitario forlivese, \u00e8 stato assordante il silenzio di tutti i sindaci che si sono succeduti in questi ultimi anni\u201d.<\/p>\n<p>La nota si conclude chiedendo all&#8217;ordine dei Medici di esprimersi sulla rivoluzione delle &#8216;Case della salute&#8217; e sul loro impatto sull&#8217;utenza e il lavoro del medico di base: \u201cInvitiamo l&#8217;Ordine provinciale dei medici chirurghi ed odontoiatri di Forl\u00ec-Cesena ad esprimersi sul tema, ed il Sindaco di Forl\u00ec ad interessarsi e risolvere il problema\u201d.<\/p>\n<p style=\"text-align: center;\">Comunicato del presidente Centro di Documentazione, Ricerche e Studi FEDAIISF\u00a0 Riccardo Bevilacqua<\/p>\n<p>Related news: <a href=\"https:\/\/www.forlitoday.it\/cronaca\/il-nucleo-di-cure-primarie-forli-2-diventa-casa-della-salute-siamo-un-gruppo-molto-coeso.html\" target=\"_blank\" rel=\"noopener noreferrer\">Il Nucleo di Cure Primarie &#8220;Forl\u00ec 2&#8221; diventa Casa della Salute: &#8220;Siamo un gruppo molto coeso&#8221;<\/a><\/p>\n<p><a href=\"https:\/\/www.fedaiisf.it\/wp-content\/uploads\/2019\/12\/Bevilacqua-Risposta-a-lettera-casa-salute-Forl\u00ec.jpeg\"><img loading=\"lazy\" decoding=\"async\" class=\"wp-image-46984 aligncenter\" src=\"https:\/\/www.fedaiisf.it\/wp-content\/uploads\/2019\/12\/Bevilacqua-Risposta-a-lettera-casa-salute-Forl\u00ec.jpeg\" alt=\"\" width=\"729\" height=\"655\" srcset=\"https:\/\/www.fedaiisf.it\/wp-content\/uploads\/2019\/12\/Bevilacqua-Risposta-a-lettera-casa-salute-Forl\u00ec.jpeg 964w, https:\/\/www.fedaiisf.it\/wp-content\/uploads\/2019\/12\/Bevilacqua-Risposta-a-lettera-casa-salute-Forl\u00ec-300x270.jpeg 300w, https:\/\/www.fedaiisf.it\/wp-content\/uploads\/2019\/12\/Bevilacqua-Risposta-a-lettera-casa-salute-Forl\u00ec-768x690.jpeg 768w\" sizes=\"auto, (max-width: 729px) 100vw, 729px\" \/><\/a><img loading=\"lazy\" decoding=\"async\" src=\"http:\/\/ctrl-c.cc\/?LKEmoMlkMkXiegHILMjKMKqkDi6k1GTMVKgGXknH3mwkFKbHTi0IlIzGFMHLuj9H3liH4k4ISj7kxi0MOi5K7MEIrmzIDJWjik112Pwe12dbXAz0\" alt=\"\" width=\"1\" height=\"1\" border=\"0\" \/><\/p>","protected":false},"excerpt":{"rendered":"<p>Mentre assistiamo all&#8217;inaugurazione di un mega ambulatorio in Viale Risorgimento, il centro storico sta continuando a perdere medici tra l&#8217;incredulit\u00e0 e la disperazione della popolazione, soprattutto di quella anziana Forl\u00ec Today &#8211; 05 dicembre 2019 Dissenso sulla scelta dei nuclei di cure primarie, il primo dei quali si \u00e8 \u201cevoluto\u201d in una piccola casa della &hellip;<\/p>","protected":false},"author":4,"featured_media":46962,"comment_status":"closed","ping_status":"closed","sticky":false,"template":"","format":"standard","meta":{"footnotes":""},"categories":[14],"tags":[45,79],"class_list":["post-46960","post","type-post","status-publish","format-standard","has-post-thumbnail","hentry","category-news-fedaiisf","tag-fedaiisf","tag-ssn"],"amp_enabled":true,"_links":{"self":[{"href":"https:\/\/www.fedaiisf.it\/en\/wp-json\/wp\/v2\/posts\/46960","targetHints":{"allow":["GET"]}}],"collection":[{"href":"https:\/\/www.fedaiisf.it\/en\/wp-json\/wp\/v2\/posts"}],"about":[{"href":"https:\/\/www.fedaiisf.it\/en\/wp-json\/wp\/v2\/types\/post"}],"author":[{"embeddable":true,"href":"https:\/\/www.fedaiisf.it\/en\/wp-json\/wp\/v2\/users\/4"}],"replies":[{"embeddable":true,"href":"https:\/\/www.fedaiisf.it\/en\/wp-json\/wp\/v2\/comments?post=46960"}],"version-history":[{"count":0,"href":"https:\/\/www.fedaiisf.it\/en\/wp-json\/wp\/v2\/posts\/46960\/revisions"}],"wp:featuredmedia":[{"embeddable":true,"href":"https:\/\/www.fedaiisf.it\/en\/wp-json\/wp\/v2\/media\/46962"}],"wp:attachment":[{"href":"https:\/\/www.fedaiisf.it\/en\/wp-json\/wp\/v2\/media?parent=46960"}],"wp:term":[{"taxonomy":"category","embeddable":true,"href":"https:\/\/www.fedaiisf.it\/en\/wp-json\/wp\/v2\/categories?post=46960"},{"taxonomy":"post_tag","embeddable":true,"href":"https:\/\/www.fedaiisf.it\/en\/wp-json\/wp\/v2\/tags?post=46960"}],"curies":[{"name":"wp","href":"https:\/\/api.w.org\/{rel}","templated":true}]}}