{"id":47034,"date":"2019-12-10T13:34:19","date_gmt":"2019-12-10T12:34:19","guid":{"rendered":"https:\/\/www.fedaiisf.it\/?p=47034"},"modified":"2019-12-10T13:34:19","modified_gmt":"2019-12-10T12:34:19","slug":"regolamento-europeo-sui-dispositivi-possibile-rinvio-dellentrata-in-vigore","status":"publish","type":"post","link":"https:\/\/www.fedaiisf.it\/en\/regolamento-europeo-sui-dispositivi-possibile-rinvio-dellentrata-in-vigore\/","title":{"rendered":"Regolamento europeo sui dispositivi: possibile rinvio dell\u2019entrata in vigore"},"content":{"rendered":"<h2 class=\"Title\"><span style=\"color: #003300;\">Regolamento UE sui medical device: possibile rinvio dell\u2019entrata in vigore<\/span><\/h2>\n<p><a href=\"https:\/\/www.federfarma.it\/Edicola\/Filodiretto\/VediNotizia.aspx?id=20619\" target=\"_blank\" rel=\"noopener noreferrer\">Federfarma &#8211; 10 dicembre 2019<\/a><\/p>\n<p>La Commissione Europea ha stabilito di ritardare l\u2019operativit\u00e0 di EUDAMED, la banca dati dei dispositivi <a href=\"https:\/\/www.fedaiisf.it\/wp-content\/uploads\/2019\/12\/UE-commissione.jpg\"><img loading=\"lazy\" decoding=\"async\" class=\"wp-image-47036 alignright\" src=\"https:\/\/www.fedaiisf.it\/wp-content\/uploads\/2019\/12\/UE-commissione-1024x468.jpg\" alt=\"\" width=\"482\" height=\"220\" srcset=\"https:\/\/www.fedaiisf.it\/wp-content\/uploads\/2019\/12\/UE-commissione-1024x468.jpg 1024w, https:\/\/www.fedaiisf.it\/wp-content\/uploads\/2019\/12\/UE-commissione-300x137.jpg 300w, https:\/\/www.fedaiisf.it\/wp-content\/uploads\/2019\/12\/UE-commissione-768x351.jpg 768w, https:\/\/www.fedaiisf.it\/wp-content\/uploads\/2019\/12\/UE-commissione.jpg 1280w\" sizes=\"auto, (max-width: 482px) 100vw, 482px\" \/><\/a>medici.\u00a0 Eudamed non sar\u00e0 pi\u00f9 operativa da maggio 2020 bens\u00ec da maggio 2022.\u00a0 Anche le restanti norme che dovrebbero entrare in vigore il prossimo mese di maggio potrebbero, molto probabilmente, subire un rinvio in considerazione della notevole complessit\u00e0 della nuova normativa. Lo rende noto una circolare di Federfarma che sottolinea come l\u2019obiettivo sia migliorare la trasparenza generale grazie ad un miglior accesso alle informazioni dirette al pubblico e agli operatori sanitari, nonch\u00e9 garantire la tracciabilit\u00e0 dei prodotti.<\/p>\n<p>Il rinvio dell\u2019operativit\u00e0 EUDAMED \u00e8 da leggere assieme alle anticipazioni della stampa europea (Politico.eu) sull\u2019approvazione a breve di una bozza di corrigendum del Regolamento UE, che dovrebbe ritardare di due anni l\u2019entrata in vigore delle nuove norme UE sui medical device, rispetto all\u2019originaria scadenza del 26 maggio 2020.\u00a0 Sul punto Federfarma segnala che non risulta vi sia all\u2019orizzonte alcuna <a href=\"https:\/\/www.fedaiisf.it\/wp-content\/uploads\/2019\/12\/UE-Commissario-salute-.jpeg\"><img loading=\"lazy\" decoding=\"async\" class=\"size-full wp-image-47037 alignleft\" src=\"https:\/\/www.fedaiisf.it\/wp-content\/uploads\/2019\/12\/UE-Commissario-salute-.jpeg\" alt=\"\" width=\"279\" height=\"93\" \/><\/a>attivit\u00e0 normativa primaria da parte dell\u2019attuale Governo italiano che porti alla definizione delle sanzioni &#8211; cos\u00ec come prevede il Regolamento UE fissando il termine del 25 febbraio 2020 &#8211; per gli operatori economici che non si conformino al dettato normativo comunitario.<br \/>\nLe richiamate dilazioni temporali sono da imputarsi alla particolare complessit\u00e0 della materia, ai ritardi nell\u2019accreditamento dei nuovi enti certificatori (attualmente soltanto uno nel\u00a0 nostro Paese), al recente spostamento delle competenze sui medical device dalla DG Crescita alla DG Salute della Commissione UE e agli effetti negativi legati alla Brexit.<\/p>\n<p>Federfarma nella circolare passa in rassegna le obbligazioni che riguarderanno le farmacie in considerazione del fatto che la nuova normativa europea cambier\u00e0 totalmente l\u2019approccio attraverso il quale la Pubblica Amministrazione regoler\u00e0 tale settore economico.\u00a0 Viene chiesto, infatti, a tutti gli operatori economici e alle Istituzioni sanitarie di cooperare in maniera stringente per creare un ambiente di riferimento che migliorer\u00e0 la sicurezza clinica dei dispositivi medici, sicch\u00e9 le farmacie saranno pienamente integrate in tali attivit\u00e0.<br \/>\nFederfarma ha gi\u00e0 incontrato i referenti del Ministero della salute al fine di comprendere come concretamente implementare la serie di obblighi nella maniera pi\u00f9 efficace e meno impattante per il lavoro quotidiano delle farmacie, nonch\u00e9 per aver contezza del \u201ccalendario operativo\u201d di questa importante novit\u00e0 normativa.<\/p>\n<p>Related news:\u00a0<a href=\"https:\/\/ec.europa.eu\/growth\/sectors\/medical-devices\/new-regulations\/eudamed_en\" target=\"_blank\" rel=\"noopener noreferrer\">European database on medical devices (EUDAMED)<\/a><\/p>\n<p>&nbsp;<\/p>","protected":false},"excerpt":{"rendered":"<p>Regolamento UE sui medical device: possibile rinvio dell\u2019entrata in vigore Federfarma &#8211; 10 dicembre 2019 La Commissione Europea ha stabilito di ritardare l\u2019operativit\u00e0 di EUDAMED, la banca dati dei dispositivi medici.\u00a0 Eudamed non sar\u00e0 pi\u00f9 operativa da maggio 2020 bens\u00ec da maggio 2022.\u00a0 Anche le restanti norme che dovrebbero entrare in vigore il prossimo mese &hellip;<\/p>","protected":false},"author":4,"featured_media":1044,"comment_status":"closed","ping_status":"closed","sticky":false,"template":"","format":"standard","meta":{"footnotes":""},"categories":[1],"tags":[41],"class_list":["post-47034","post","type-post","status-publish","format-standard","has-post-thumbnail","hentry","category-notizie","tag-leggisentenze"],"amp_enabled":true,"_links":{"self":[{"href":"https:\/\/www.fedaiisf.it\/en\/wp-json\/wp\/v2\/posts\/47034","targetHints":{"allow":["GET"]}}],"collection":[{"href":"https:\/\/www.fedaiisf.it\/en\/wp-json\/wp\/v2\/posts"}],"about":[{"href":"https:\/\/www.fedaiisf.it\/en\/wp-json\/wp\/v2\/types\/post"}],"author":[{"embeddable":true,"href":"https:\/\/www.fedaiisf.it\/en\/wp-json\/wp\/v2\/users\/4"}],"replies":[{"embeddable":true,"href":"https:\/\/www.fedaiisf.it\/en\/wp-json\/wp\/v2\/comments?post=47034"}],"version-history":[{"count":0,"href":"https:\/\/www.fedaiisf.it\/en\/wp-json\/wp\/v2\/posts\/47034\/revisions"}],"wp:featuredmedia":[{"embeddable":true,"href":"https:\/\/www.fedaiisf.it\/en\/wp-json\/wp\/v2\/media\/1044"}],"wp:attachment":[{"href":"https:\/\/www.fedaiisf.it\/en\/wp-json\/wp\/v2\/media?parent=47034"}],"wp:term":[{"taxonomy":"category","embeddable":true,"href":"https:\/\/www.fedaiisf.it\/en\/wp-json\/wp\/v2\/categories?post=47034"},{"taxonomy":"post_tag","embeddable":true,"href":"https:\/\/www.fedaiisf.it\/en\/wp-json\/wp\/v2\/tags?post=47034"}],"curies":[{"name":"wp","href":"https:\/\/api.w.org\/{rel}","templated":true}]}}