{"id":47101,"date":"2019-12-15T18:27:08","date_gmt":"2019-12-15T17:27:08","guid":{"rendered":"https:\/\/www.fedaiisf.it\/?p=47101"},"modified":"2019-12-15T18:39:42","modified_gmt":"2019-12-15T17:39:42","slug":"sez-fedaiisf-lecce-stand-a-favore-di-telethon-racconto-di-crudele-burocrazia","status":"publish","type":"post","link":"https:\/\/www.fedaiisf.it\/en\/sez-fedaiisf-lecce-stand-a-favore-di-telethon-racconto-di-crudele-burocrazia\/","title":{"rendered":"Section Fedaisf Lecce. Stand in favor of Telethon. Tale of cruel bureaucracy"},"content":{"rendered":"<p>Oggi 15 dicembre 2019 siamo stati in Piazza Sant&#8217;Oronzo a Lecce alleati di Telethon e raccogliere fondi per la ricerca.<\/p>\n<p>Insieme ai cari colleghi Lavinia Margarito, Claudio Leggieri, Achille Ciuffoletti, Gabriele Cannazza abbiamo accolto chiunque si avvicinava allo stand con gioia e simpatia raccogliendo e tranquillizzando le perplessit\u00e0 e <a href=\"https:\/\/www.fedaiisf.it\/wp-content\/uploads\/2019\/12\/Fedaiisf-Lecce-Telethon-151219.jpeg\"><img loading=\"lazy\" decoding=\"async\" class=\"wp-image-47103 alignright\" src=\"https:\/\/www.fedaiisf.it\/wp-content\/uploads\/2019\/12\/Fedaiisf-Lecce-Telethon-151219.jpeg\" alt=\"\" width=\"472\" height=\"344\" srcset=\"https:\/\/www.fedaiisf.it\/wp-content\/uploads\/2019\/12\/Fedaiisf-Lecce-Telethon-151219.jpeg 840w, https:\/\/www.fedaiisf.it\/wp-content\/uploads\/2019\/12\/Fedaiisf-Lecce-Telethon-151219-300x219.jpeg 300w, https:\/\/www.fedaiisf.it\/wp-content\/uploads\/2019\/12\/Fedaiisf-Lecce-Telethon-151219-768x560.jpeg 768w\" sizes=\"auto, (max-width: 472px) 100vw, 472px\" \/><\/a>i dubbi sulla destinazione dei fondi. Se gli ISF hanno scelto tale fondazione e perch\u00e9 ritenuta seria e affidabile.<\/p>\n<p>Tante le testimonianze di affetto e in un paio d&#8217;ore avevamo terminato tutto il materiale a disposizione e raccolta una cifra riguardevole&#8230; e per chi ci seguir\u00e0 anche nel pomeriggio un&#8217;ulteriore vendita di 17 confezioni di cuori che non abbiamo potuto soddisfare.<\/p>\n<p>Ma voglio condividere una storia: due giovanissimi genitori si sono avvicinati con una stupenda biondina di 2 anni e due occhioni splendidi e vivacissimi&#8230; unica anomalia una mascherina sulla bocca. Una parola tira l&#8217;altra e la mamma confessa la malattia della piccola&#8230; Sindrome Kartagener.<\/p>\n<p>Destrocardia, trisomia 22, immunodeficienza, insufficienza respiratoria&#8230; dopo la nascita \u00e8 stata a Roma circa 3 mesi per intervento di cardiochirurgia pediatrica&#8230; \u00e8 arrivata a 2 anni quando a Lecce volevano fare abortire la madre.<\/p>\n<p>Una sindrome rara non riconosciuta dalla Regione Puglia e la mamma combatte ogni giorno con una burocrazia assurda e con degli impiegati superficiali e privi di compassione&#8230;.. dovendo pagare le medicine le hanno risposto tanto la piccola prende la pensione e le pu\u00f2 comprare.<\/p>\n<p>Mi sono sentito un verme e schifato di questi atteggiamenti consigliando a loro di denunciare il tutto, amaramente mi hanno risposto che non lo fanno per il bene della piccola.<br \/>\nDove sono le strutture a che servono a difendere i malati rari?<\/p>\n<p>Pasquale Malinconico &#8211; Pres. Sez. Fedaiisf Lecce<\/p>\n<p>Related news: <a href=\"https:\/\/www.imalatiinvisibili.it\/2017\/06\/25\/sindrome-di-kartagener\/\" target=\"_blank\" rel=\"noopener noreferrer\">Sindrome Kartagener<\/a><\/p>\n<p><a href=\"https:\/\/www.fedaiisf.it\/en\/il-piemonte-mi-nega-la-cura-che-mi-salverebbe-la-vita-lappello-di-un-malato-di-tumore\/\" target=\"_blank\" rel=\"noopener noreferrer\"><strong>&quot;Piedmont denies me the treatment that would save my life&quot;: the appeal of a cancer patient<\/strong><\/a><\/p>\n<hr \/>\n<p><strong>Note<\/strong>: <em>La Sindrome di Kartagener \u00e8 riconosciuta dal SSN come malattia rara col codice di esenzione RNG110. Nelle malattie rare non \u00e8 presente un elenco delle prestazioni esenti perch\u00e9\u00a0possono manifestarsi con quadri clinici molto diversi tra loro e, quindi, avere necessit\u00e0 assistenziali molto varie e complesse. Il medico dovr\u00e0 scegliere, tra le prestazioni incluse nei livelli di assistenza, quelle pi\u00f9 appropriate alla specifica situazione clinica e utili al monitoraggio della malattia e delle sue complicanze ed efficaci per la prevenzione degli ulteriori aggravamenti (<a href=\"http:\/\/www.trovanorme.salute.gov.it\/norme\/dettaglioAtto?id=20228&amp;completo=true\" target=\"_blank\" rel=\"noopener noreferrer\">d.lgs. 124\/98<\/a>).<\/em><\/p>\n<p><em>Alcune Regioni hanno autonomamente disposto l\u2019erogazione gratuita di farmaci per malattia rara o di altri prodotti, anche non classificati come farmaci, utilizzando fondi propri in quanto si tratta di ulteriori livelli di assistenza.<\/em><\/p>\n<p><em>Per conoscere il dettaglio di questi provvedimenti \u00e8 bene rivolgersi direttamente alla propria ASL o alla Regione di residenza.<\/em><\/p>\n<p><a href=\"http:\/\/www.salute.gov.it\/portale\/esenzioni\/dettaglioFaqEsenzioni.jsp?lingua=italiano&amp;id=205\" target=\"_blank\" rel=\"noopener noreferrer\">Ministero della Salute. Esenzioni per malattie rare<\/a><\/p>","protected":false},"excerpt":{"rendered":"<p>Oggi 15 dicembre 2019 siamo stati in Piazza Sant&#8217;Oronzo a Lecce alleati di Telethon e raccogliere fondi per la ricerca. Insieme ai cari colleghi Lavinia Margarito, Claudio Leggieri, Achille Ciuffoletti, Gabriele Cannazza abbiamo accolto chiunque si avvicinava allo stand con gioia e simpatia raccogliendo e tranquillizzando le perplessit\u00e0 e i dubbi sulla destinazione dei fondi. &hellip;<\/p>","protected":false},"author":4,"featured_media":47102,"comment_status":"closed","ping_status":"closed","sticky":false,"template":"","format":"standard","meta":{"footnotes":""},"categories":[14],"tags":[45],"class_list":["post-47101","post","type-post","status-publish","format-standard","has-post-thumbnail","hentry","category-news-fedaiisf","tag-fedaiisf"],"amp_enabled":true,"_links":{"self":[{"href":"https:\/\/www.fedaiisf.it\/en\/wp-json\/wp\/v2\/posts\/47101","targetHints":{"allow":["GET"]}}],"collection":[{"href":"https:\/\/www.fedaiisf.it\/en\/wp-json\/wp\/v2\/posts"}],"about":[{"href":"https:\/\/www.fedaiisf.it\/en\/wp-json\/wp\/v2\/types\/post"}],"author":[{"embeddable":true,"href":"https:\/\/www.fedaiisf.it\/en\/wp-json\/wp\/v2\/users\/4"}],"replies":[{"embeddable":true,"href":"https:\/\/www.fedaiisf.it\/en\/wp-json\/wp\/v2\/comments?post=47101"}],"version-history":[{"count":0,"href":"https:\/\/www.fedaiisf.it\/en\/wp-json\/wp\/v2\/posts\/47101\/revisions"}],"wp:featuredmedia":[{"embeddable":true,"href":"https:\/\/www.fedaiisf.it\/en\/wp-json\/wp\/v2\/media\/47102"}],"wp:attachment":[{"href":"https:\/\/www.fedaiisf.it\/en\/wp-json\/wp\/v2\/media?parent=47101"}],"wp:term":[{"taxonomy":"category","embeddable":true,"href":"https:\/\/www.fedaiisf.it\/en\/wp-json\/wp\/v2\/categories?post=47101"},{"taxonomy":"post_tag","embeddable":true,"href":"https:\/\/www.fedaiisf.it\/en\/wp-json\/wp\/v2\/tags?post=47101"}],"curies":[{"name":"wp","href":"https:\/\/api.w.org\/{rel}","templated":true}]}}