{"id":47115,"date":"2019-12-16T19:08:53","date_gmt":"2019-12-16T18:08:53","guid":{"rendered":"https:\/\/www.fedaiisf.it\/?p=47115"},"modified":"2019-12-16T19:08:53","modified_gmt":"2019-12-16T18:08:53","slug":"francia-dal-2022-in-vendita-confezioni-farmaci-monouso-farmacisti-problemi-sulla-tracciabilita-e-sicurezza-pero-se-ci-aumentano-la-remunerazione","status":"publish","type":"post","link":"https:\/\/www.fedaiisf.it\/en\/francia-dal-2022-in-vendita-confezioni-farmaci-monouso-farmacisti-problemi-sulla-tracciabilita-e-sicurezza-pero-se-ci-aumentano-la-remunerazione\/","title":{"rendered":"France. From 2022 on sale disposable drug packs. Pharmacists: problems with traceability and safety, but if we increase our remuneration ..."},"content":{"rendered":"<h1 class=\"entry-title\">Francia, passa la norma antisprechi, alcuni farmaci dal 2022 in confezione monodose<\/h1>\n<p><a href=\"https:\/\/www.rifday.it\/2019\/12\/16\/francia-passa-la-norma-antisprechi-alcuni-farmaci-dal-2022-in-confezione-monodose\/\" target=\"_blank\" rel=\"noopener noreferrer\">RIFday &#8211; dicembre 16, 2019<\/a><\/p>\n<p>Roma, 16 dicembre\u00a0 \u2013 Alla fine, il Parlamento francese ha detto s\u00ec: diventa legge la dispensazione dei farmaci in confezione monodose, prevista da un emendamento alla legge anti-sprechi approvata dall\u2019Assemblea nazionale il 13 dicembre, presentato dalla deputata del dipartimento della Loira <strong>Nathalie Sarles<\/strong> <em>(in the picture)<\/em>,\u00a0 e altri membri di La Republique en Marche, il partito di Macron.<\/p>\n<p><span lang=\"it\" tabindex=\"0\">Proprio un impegno assunto personalmente dal presidente della Repubblica durante la campagna presidenziale, del resto, \u00e8 all\u2019origine della misura. macron aveva infatti evidenziato come organismi e istituti qualificati stimassero che un francese spreca 1,5 kg all\u2019anno di farmaci all\u2019anno, relegandone uno su due circa nel fondo degli armadietti medicinali.<\/span><\/p>\n<p><a href=\"https:\/\/www.fedaiisf.it\/wp-content\/uploads\/2016\/02\/farmacia-pharmacie-france-734x490.jpg\"><img loading=\"lazy\" decoding=\"async\" class=\"wp-image-24209 alignright\" src=\"https:\/\/www.fedaiisf.it\/wp-content\/uploads\/2016\/02\/farmacia-pharmacie-france-734x490.jpg\" alt=\"\" width=\"327\" height=\"178\" srcset=\"https:\/\/www.fedaiisf.it\/wp-content\/uploads\/2016\/02\/farmacia-pharmacie-france-734x490.jpg 734w, https:\/\/www.fedaiisf.it\/wp-content\/uploads\/2016\/02\/farmacia-pharmacie-france-734x490-300x163.jpg 300w\" sizes=\"auto, (max-width: 327px) 100vw, 327px\" \/><\/a>Al provvedimento, come <a href=\"https:\/\/www.rifday.it\/2019\/12\/12\/francia-verso-dispensazione-antispreco-per-unita-posologiche-farmacisti-in-rivolta\/\" target=\"_blank\" rel=\"noopener noreferrer\">g<strong>i\u00e0 riferito nei giorni scorsi da RIFday<\/strong><\/a><strong>,<\/strong> si erano fortemente opposte le sigle delle farmacie, che non sono riuscite a impedirne l\u2019approvazione:\u00a0 <span lang=\"it\" tabindex=\"0\">tutti gli emendamenti al riguardo, ben 17,\u00a0 frutto anche delle pressioni di altri soggetti interessati, sono stati infatti respinti o abbandonati. <\/span><\/p>\n<p>La norma<em> \u201cantigaspi\u201d<\/em> entrer\u00e0 in vigore il 1\u00b0 gennaio 2022, lasciando dunque una finestra di tempo abbastanza ampia (due anni) per la stesura dei relativi decreti attuativi, che dovr\u00e0 essere<span lang=\"it\" tabindex=\"0\"> condotta previa consultazione di tutte le parti interessate, a partire dagli operatori sanitari, farmacisti in testa, tra i primi a esprimere preoccupazione per la misura<\/span>. Il ricorso alle confezioni unitarie sar\u00e0 in ogni\u00a0 limitato ai soli farmaci la cui forma farmaceutica consente di effettuarlo agevolmente.<\/p>\n<p><span lang=\"it\" tabindex=\"0\">A preoccupare i farmacisti sono gli aspetti connessi alla tracciabilit\u00e0 dei farmaci e la sicurezza dei pazienti. <a href=\"https:\/\/www.fedaiisf.it\/wp-content\/uploads\/2014\/11\/farmaci_monodose.gif\"><img loading=\"lazy\" decoding=\"async\" class=\"wp-image-5680 alignleft\" src=\"https:\/\/www.fedaiisf.it\/wp-content\/uploads\/2014\/11\/farmaci_monodose.gif\" alt=\"\" width=\"280\" height=\"162\" \/><\/a>Particolarmente agguerrito uno dei sindacati delle farmacie d\u2019Oltralpe, l\u2019Uspo, deciso a non lasciare niente di intentato <em>\u201cper limitare il pi\u00f9 possibile l\u2019attuazione del provvedimento\u201d, <\/em>ritenuto peraltro inutile, a fronte della previsione di inserire nella prossima convenzione tra farmacie e assicurazioni malattia l\u2019istituto della <em>dispensation adapt\u00e9e<\/em>, ovvero la possibilit\u00e0 di sconfezionare i farmaci per adattare il numero di dosi alle effettive esigenze dei pazienti, rispondendo cos\u00ec alla necessit\u00e0 di favorire l\u2019appropriatezza e l\u2019aderenza e di ridurre gli sprechi.<br \/>\n<\/span><\/p>\n<p><span lang=\"it\" tabindex=\"0\">Pi\u00f9 pragmatica la posizione della Fspf,\u00a0 la Federazione dei sindacati farmaceutici di Francia, che esce dalla logica del muro contro muro e prende atto della decisione dell\u2019Assemblea nazionale di limitare la norma relativa ai farmaci a pochi trattamenti. Ma, rileva la Fspf, dispensare i farmaci \u201csconfezionandoli\u201d e approntando la consegna al paziente nel numero di dosi prescritte dal medico \u00e8 un\u2019attivit\u00e0 professionale che non pu\u00f2 essere attuata senza il supporto di un corrispettivo economico. \u201c<\/span><\/p>\n<p><span lang=\"it\" tabindex=\"0\"><em>\u201cAd oggi, non \u00e8 prevista alcuna remunerazione per il farmacista\u201d\u00a0 <\/em>dichiara al riguardo il presidente dell\u2019Fspf <strong>Philippe Besset.<\/strong><em> \u201cTuttavia, nessun farmacista pu\u00f2 impegnarsi nell\u2019erogazione presso l\u2019unit\u00e0 senza un compenso\u201d.<\/em><\/span><\/p>\n<p>&nbsp;<\/p>","protected":false},"excerpt":{"rendered":"<p>Francia, passa la norma antisprechi, alcuni farmaci dal 2022 in confezione monodose RIFday &#8211; dicembre 16, 2019 Roma, 16 dicembre\u00a0 \u2013 Alla fine, il Parlamento francese ha detto s\u00ec: diventa legge la dispensazione dei farmaci in confezione monodose, prevista da un emendamento alla legge anti-sprechi approvata dall\u2019Assemblea nazionale il 13 dicembre, presentato dalla deputata del &hellip;<\/p>","protected":false},"author":4,"featured_media":47116,"comment_status":"closed","ping_status":"closed","sticky":false,"template":"","format":"standard","meta":{"footnotes":""},"categories":[1],"tags":[],"class_list":["post-47115","post","type-post","status-publish","format-standard","has-post-thumbnail","hentry","category-notizie"],"amp_enabled":true,"_links":{"self":[{"href":"https:\/\/www.fedaiisf.it\/en\/wp-json\/wp\/v2\/posts\/47115","targetHints":{"allow":["GET"]}}],"collection":[{"href":"https:\/\/www.fedaiisf.it\/en\/wp-json\/wp\/v2\/posts"}],"about":[{"href":"https:\/\/www.fedaiisf.it\/en\/wp-json\/wp\/v2\/types\/post"}],"author":[{"embeddable":true,"href":"https:\/\/www.fedaiisf.it\/en\/wp-json\/wp\/v2\/users\/4"}],"replies":[{"embeddable":true,"href":"https:\/\/www.fedaiisf.it\/en\/wp-json\/wp\/v2\/comments?post=47115"}],"version-history":[{"count":0,"href":"https:\/\/www.fedaiisf.it\/en\/wp-json\/wp\/v2\/posts\/47115\/revisions"}],"wp:featuredmedia":[{"embeddable":true,"href":"https:\/\/www.fedaiisf.it\/en\/wp-json\/wp\/v2\/media\/47116"}],"wp:attachment":[{"href":"https:\/\/www.fedaiisf.it\/en\/wp-json\/wp\/v2\/media?parent=47115"}],"wp:term":[{"taxonomy":"category","embeddable":true,"href":"https:\/\/www.fedaiisf.it\/en\/wp-json\/wp\/v2\/categories?post=47115"},{"taxonomy":"post_tag","embeddable":true,"href":"https:\/\/www.fedaiisf.it\/en\/wp-json\/wp\/v2\/tags?post=47115"}],"curies":[{"name":"wp","href":"https:\/\/api.w.org\/{rel}","templated":true}]}}