{"id":47206,"date":"2019-12-30T19:28:01","date_gmt":"2019-12-30T18:28:01","guid":{"rendered":"https:\/\/www.fedaiisf.it\/?p=47206"},"modified":"2019-12-30T19:34:44","modified_gmt":"2019-12-30T18:34:44","slug":"che-il-2020-per-gli-isf-non-sia-solo-di-speranze-ma-di-conquiste-buon-anno","status":"publish","type":"post","link":"https:\/\/www.fedaiisf.it\/en\/che-il-2020-per-gli-isf-non-sia-solo-di-speranze-ma-di-conquiste-buon-anno\/","title":{"rendered":"That 2020 for the ISF is not only one of hopes, but of achievements. Happy New Year!"},"content":{"rendered":"<p><span style=\"font-family: 'times new roman', times; font-size: 17px;\">Carissimi colleghi e amici,<\/span><\/p>\n<p><span style=\"font-family: 'times new roman', times; font-size: 17px;\">finisce un anno molto importante per la nostra Associazione e per la comunit\u00e0 tutta degli ISF.<\/span><\/p>\n<p><span style=\"font-family: 'times new roman', times; font-size: 17px;\">Dalla nostra fondazione \u00e8 passato pi\u00f9 di mezzo secolo ed in questi anni tre principi ci hanno sempre guidato:<\/span><\/p>\n<ul>\n<li><span style=\"font-family: 'times new roman', times; font-size: 17px;\"><a href=\"https:\/\/www.fedaiisf.it\/wp-content\/uploads\/2019\/12\/FEDAIISF-logo.jpg\"><img loading=\"lazy\" decoding=\"async\" class=\"wp-image-47213 alignright\" src=\"https:\/\/www.fedaiisf.it\/wp-content\/uploads\/2019\/12\/FEDAIISF-logo-975x1024.jpg\" alt=\"\" width=\"234\" height=\"246\" srcset=\"https:\/\/www.fedaiisf.it\/wp-content\/uploads\/2019\/12\/FEDAIISF-logo-975x1024.jpg 975w, https:\/\/www.fedaiisf.it\/wp-content\/uploads\/2019\/12\/FEDAIISF-logo-286x300.jpg 286w, https:\/\/www.fedaiisf.it\/wp-content\/uploads\/2019\/12\/FEDAIISF-logo-768x806.jpg 768w, https:\/\/www.fedaiisf.it\/wp-content\/uploads\/2019\/12\/FEDAIISF-logo.jpg 1098w\" sizes=\"auto, (max-width: 234px) 100vw, 234px\" \/><\/a>Garantire dignit\u00e0 e rispetto al lavoro degli ISF e per gli ISF;<\/span><\/li>\n<li><span style=\"font-family: 'times new roman', times; font-size: 17px;\">Perseguire il riconoscimento giuridico della professione di ISF con un apposito Albo o Ordine che garantisca il rispetto della legge a garanzia dei cittadini;<\/span><\/li>\n<li><span style=\"font-family: 'times new roman', times; font-size: 17px;\">T<\/span><span style=\"font-family: 'times new roman', times; font-size: 17px;\">utelare in tutte le sedi gli interessi, culturali e tecnici, degli associati.<\/span><\/li>\n<\/ul>\n<p><span style=\"font-family: 'times new roman', times; font-size: 17px;\">Credo che molto sia stato fatto in questi anni, soprattutto nell\u2019anno che si chiude, ma sicuramente ancora moltissimo ci resta da fare. Questo \u201cmoltissimo\u201d che ci aspetta non pu\u00f2 che darci forza, motivazione, responsabilit\u00e0 ed impegno per il nostro futuro.<\/span><\/p>\n<p><span style=\"font-family: 'times new roman',times;\"><span style=\"font-size: large;\">Se cinquantacinque anni fa, quando siamo partiti, gli ideali che ci guidano erano un barlume che veniva incontro dal futuro, oggi sono temi esistenziali, viventi non pi\u00f9 nella coscienza di pochi precursori, ma ormai urlanti se vogliamo un futuro per questa professione e per le giovani generazioni che vorranno intraprenderla.<\/span><\/span><\/p>\n<p><span style=\"font-family: 'times new roman', times; font-size: 17px;\">Convinti che solo un\u2019Associazione di ISF, di uomini liberi, coscienti e responsabili possono operare per un risanamento al contempo sociale ed economico della professionalit\u00e0.<\/span><\/p>\n<p>Fedaiisf \u00e8 una bellissima\u00a0organizzazione di uomini e donne che hanno scelto in modo libero di associarsi collettivamente per tentare di tutelare meglio i propri diritti, la propria professionalit\u00e0, la propria dignit\u00e0 di persone e di lavoratori. \u00c8 una scelta molto importante perch\u00e9 non \u00e8 possibile risolvere tutti i problemi da soli. Nessuno si salva da solo e nessuno, da solo, salva qualcun altro. Ci\u00a0salviamo e miglioriamo la nostra condizione esclusivamente se proviamo a farlo\u00a0insieme e pi\u00f9 siamo pi\u00f9 possibilit\u00e0 ci sono per poterlo fare.<\/p>\n<p><span style=\"font-family: 'times new roman', times; font-size: 17px;\">Con questo ringraziamo tutte le persone che hanno dato, danno e daranno, il loro contribuito a questo progetto, augurando a nome di Fedaiisf tutta di cogliere i segni di quel \u201cAdventum\u201d necessario per acquisire il ruolo che ci spetta e che richiede tutta la nostra forza, il nostro impegno e la nostra motivazione.<\/span><\/p>\n<p>Auguri a tutti gli ISF. Auguri in particolare ai giovani: a quelli che pieni di speranze possano confermare le loro aspettative. A tutti coloro che sono in difficolt\u00e0, che stanno nell\u2019inferno della precariet\u00e0; che vorrebbero continuare la loro attivit\u00e0 e che non possono, per contratti capestro che permettono il loro sfruttamento per negligenza di chi dovrebbe controllare. Auguri a tutti i nostri anziani, che continuano a essere iscritti all\u2019Associazione e che continuano a credere che la nostra Professione sia finalmente riconosciuta. Auguri a tutti. Che il 2020 sia un anno di svolta.<\/p>\n<p><span style=\"font-family: 'times new roman', times; font-size: 17px;\">Il 2019 per Fedaiisf \u00e8 stato un anno di semina, ci auguriamo e auguriamo a tutti gli ISF che il 2020 sia un anno di raccolta.<\/span><\/p>\n<p><span style=\"font-family: 'times new roman', times; font-size: 17px;\">Auguri dalla Redazione<\/span><\/p>\n<hr \/>\n<blockquote>\n<h3>Nessun uomo \u00e8 un\u2019isola<\/h3>\n<h3>completo in se stesso;<\/h3>\n<h3>ogni uomo \u00e8 un pezzo del continente,<\/h3>\n<h3>una parte del tutto.<\/h3>\n<h3>Se anche solo una nuvola<\/h3>\n<h3>venisse lavata via dal mare,<\/h3>\n<h3>l\u2019Europa ne sarebbe diminuita,<\/h3>\n<h3>come se le mancasse un promontorio,<\/h3>\n<h3>come se venisse a mancare<\/h3>\n<h3>una dimora di amici tuoi,<\/h3>\n<h3>o la tua stessa casa.<\/h3>\n<h3>La morte di qualsiasi uomo mi sminuisce,<\/h3>\n<h3>perch\u00e9 io sono parte dell\u2019umanit\u00e0.<\/h3>\n<h3>E dunque non chiedere mai<\/h3>\n<h3>per chi suona la campana:<\/h3>\n<h3>essa suona per te.<\/h3>\n<h3><span style=\"font-size: 14px;\"><em>John Donne, Meditazione XVII: \u201cNessun uomo \u00e8 un\u2019isola&#8221;<\/em><\/span><\/h3>\n<\/blockquote>\n<p>&nbsp;<\/p>","protected":false},"excerpt":{"rendered":"<p>Carissimi colleghi e amici, finisce un anno molto importante per la nostra Associazione e per la comunit\u00e0 tutta degli ISF. Dalla nostra fondazione \u00e8 passato pi\u00f9 di mezzo secolo ed in questi anni tre principi ci hanno sempre guidato: Garantire dignit\u00e0 e rispetto al lavoro degli ISF e per gli ISF; Perseguire il riconoscimento giuridico &hellip;<\/p>","protected":false},"author":4,"featured_media":47207,"comment_status":"closed","ping_status":"closed","sticky":false,"template":"","format":"standard","meta":{"footnotes":""},"categories":[1],"tags":[],"class_list":["post-47206","post","type-post","status-publish","format-standard","has-post-thumbnail","hentry","category-notizie"],"amp_enabled":true,"_links":{"self":[{"href":"https:\/\/www.fedaiisf.it\/en\/wp-json\/wp\/v2\/posts\/47206","targetHints":{"allow":["GET"]}}],"collection":[{"href":"https:\/\/www.fedaiisf.it\/en\/wp-json\/wp\/v2\/posts"}],"about":[{"href":"https:\/\/www.fedaiisf.it\/en\/wp-json\/wp\/v2\/types\/post"}],"author":[{"embeddable":true,"href":"https:\/\/www.fedaiisf.it\/en\/wp-json\/wp\/v2\/users\/4"}],"replies":[{"embeddable":true,"href":"https:\/\/www.fedaiisf.it\/en\/wp-json\/wp\/v2\/comments?post=47206"}],"version-history":[{"count":0,"href":"https:\/\/www.fedaiisf.it\/en\/wp-json\/wp\/v2\/posts\/47206\/revisions"}],"wp:featuredmedia":[{"embeddable":true,"href":"https:\/\/www.fedaiisf.it\/en\/wp-json\/wp\/v2\/media\/47207"}],"wp:attachment":[{"href":"https:\/\/www.fedaiisf.it\/en\/wp-json\/wp\/v2\/media?parent=47206"}],"wp:term":[{"taxonomy":"category","embeddable":true,"href":"https:\/\/www.fedaiisf.it\/en\/wp-json\/wp\/v2\/categories?post=47206"},{"taxonomy":"post_tag","embeddable":true,"href":"https:\/\/www.fedaiisf.it\/en\/wp-json\/wp\/v2\/tags?post=47206"}],"curies":[{"name":"wp","href":"https:\/\/api.w.org\/{rel}","templated":true}]}}