{"id":47248,"date":"2020-01-03T12:49:58","date_gmt":"2020-01-03T11:49:58","guid":{"rendered":"https:\/\/www.fedaiisf.it\/?p=47248"},"modified":"2020-02-22T13:16:13","modified_gmt":"2020-02-22T12:16:13","slug":"il-25-degli-autonomi-vive-sotto-la-soglia-della-poverta","status":"publish","type":"post","link":"https:\/\/www.fedaiisf.it\/en\/il-25-degli-autonomi-vive-sotto-la-soglia-della-poverta\/","title":{"rendered":"The 25% of the self-employed live below the poverty line"},"content":{"rendered":"<p>N.d.R.: <em>Riportiamo la sottostante nota di Federcontribuenti sulla drammatica situazione lavorativa di almeno il 25% delle Partite IVA. Fra queste Partite IVA ci sono anche molti ISF (false P.IVA) che sono sfruttati con contratti precari (agenti, consulenti, tempo determinato, ecc.) da approfittatori che godono della totale impunit\u00e0 per l&#8217;assenza di controlli da parte di AIFA e la tacita ignoranza del sindacat<\/em>o.<em> E fra gli approfittatori non bisogna dimenticare INPS, INAIL e Enasarco (che per gli ISF non \u00e8 dovuta) che incassano contributi di lavoratori che non riusciranno ad arrivare all&#8217;et\u00e0 pensionabile con almeno 20 anni di versamenti che diventeranno cos\u00ec a fondo perduto.<\/em><\/p>\n<hr \/>\n<h1 class=\"post-tile entry-title\"><span style=\"color: #3366ff;\">In 3 anni sono morte 3 mln di Partite IVA. Il 25% degli autonomi vive sotto la soglia della povert\u00e0<\/span><\/h1>\n<h2 class=\"post-tile entry-title\">Le <b>Partite Iva,<\/b> chiamate anche <b>donatori di imposta<\/b>, non vanno odiate, ma <b>salvate<\/b>.<\/h2>\n<p><a href=\"https:\/\/www.federcontribuenti.it\/in-3-anni-sono-morte-3-mln-di-partite-iva-il-25-degli-autonomi-vive-sotto-la-soglia-della-poverta\/\" target=\"_blank\" rel=\"noopener noreferrer\">Federcontribuenti &#8211; 28 dicembre 2019<\/a><\/p>\n<p><b>Federcontribuenti<\/b>: \u201dcon un fatturato di <b>45 <\/b>mila euro, <b>pagando tutte le imposte<\/b>, resta un guadagno netto di<b>17 mila euro<\/b>, con quale coraggio parlano di carico fiscale ridotto? Nel<b> 2020<\/b> non avremo alcuna crescita economica, saremo ancora <b>ultimi<\/b> tra tutti i Paesi Ocse e questo perch\u00e9 resta la tendenza ad <b>assassinare fiscalmente<\/b> chi produce denaro ed occupazione\u201d. Senza permessi o ferie pagate, senza il <a href=\"https:\/\/www.fedaiisf.it\/wp-content\/uploads\/2020\/01\/Tasse-Regime-forfettario-1024x723-1.jpg\"><img loading=\"lazy\" decoding=\"async\" class=\"wp-image-47251 alignright\" src=\"https:\/\/www.fedaiisf.it\/wp-content\/uploads\/2020\/01\/Tasse-Regime-forfettario-1024x723-1.jpg\" alt=\"\" width=\"338\" height=\"239\" srcset=\"https:\/\/www.fedaiisf.it\/wp-content\/uploads\/2020\/01\/Tasse-Regime-forfettario-1024x723-1.jpg 1024w, https:\/\/www.fedaiisf.it\/wp-content\/uploads\/2020\/01\/Tasse-Regime-forfettario-1024x723-1-300x212.jpg 300w, https:\/\/www.fedaiisf.it\/wp-content\/uploads\/2020\/01\/Tasse-Regime-forfettario-1024x723-1-768x542.jpg 768w\" sizes=\"auto, (max-width: 338px) 100vw, 338px\" \/><\/a>diritto ad ammalarsi e solo il <b>25% <\/b>riesce a tenere aperta la P. Iva fino all\u2019<b>et\u00e0 pensionabile <\/b>\u201dperdendo tutti i contributi <b>Inps e Inail <\/b>ed <b>ENASARCO<\/b>\u201d. Il reddito medio di una P.Iva \u00e8 <b>calato di 7 mila <\/b>euro negli ultimi 10 anni. Un dipendente senza persone a carico costa al datore di lavoro il <b>47,88%<\/b> in pi\u00f9 rispetto al netto che percepisce. \u201dNon c\u2019\u00e8 lavoro, mi apro una Partita Iva per creare lavoro e occupazione e cosa fa lo Stato? Mi giudica evasore fiscale sul nascere e mi taglieggia senza sosta e logica\u201d.<\/p>\n<p>Perch\u00e9 le P. Iva sono cos\u00ec mal viste da tutti? \u201dUna leggenda creata ad arte dai politici per giustificare i continui aumenti di imposte o altre forme di <b>tortura fiscale<\/b>. Per i governi le P. Iva sono solo bancomat al pari dei pensionati\u201d. Gli autonomi sono 5,3 milioni, il 23,2% degli occupati e sono in forte calo rispetto al 2016 quando contavamo una armata di <b>8,6 milioni <\/b>di P. Iva. Cio\u00e8 meno 3,3 milioni di lavoratori in circa 3 anni e molti meno sopravviveranno al 2020\u201d.<\/p>\n<p>Il <b>71% sono persone fisiche<\/b> e negli ultimi 10 anni hanno chiuso pi\u00f9 di <b>257 mila imprese attive<\/b>:<\/p>\n<p>\u201d il <b>25,8% degli autonomi<\/b> vive al di sotto della <b>soglia di povert\u00e0<\/b> calcolata dall\u2019Istat\u201d.<\/p>\n<p><b>I controlli fiscali dietro la favola della lotta all\u2019evasione fiscale.<\/b><\/p>\n<p>\u201dTutti gli autonomi in questi giorni aprono la pec tremando. Ogni fine anno arrivano sanzioni da parte di Inps con<b> ricalcoli misteriosi <\/b>basati su vecchie <b>dichiarazioni dei redditi<\/b> anche di 6, 7 anni prima con <b>intimazioni a pagare<\/b> entro 5 giorni. Il <b>98% delle Partite Iva<\/b> ha in corso <b>rateizzazioni per debiti o mancati pagamenti<\/b>che si accumulano alle scadenze fiscali insomma, \u00e8 come rincorrere continuamente una meta che di anno in anno si sposta 10 km in avanti\u201d.<\/p>\n<p>Lo Stato in sintesi attua una <b>pressione fiscale differenziata e oppressiva<\/b> dietro quella leggenda che vede gli autonomi come<b> evasori fiscali per antonomasia<\/b>. \u201dPerch\u00e9 un piccolo imprenditore non deve avere diritto ad ammalarsi? Perch\u00e9 non deve aver diritto a delle ferie pur oppresso da mille adempimenti fiscali? <b>Per cosa versa tutte le tasse?<\/b><\/p>\n<p><b>Pagare una tassa su soldi che non sono stati ancora guadagnati.<\/b><\/p>\n<p>\u201dSi chiama imposta sul valore aggiunto laddove un autonomo deve anticipare soldi allo Stato su un <b>ipotetico guadagno<\/b>. Proporremo una serie di iniziative legislative contro tutti questi adempimenti fiscali che rischiano di decapitare quei lavoratori che rappresentano il motore economico del Paese. La pace fiscale ha fallito, occorre<b> tagliare del 60%<\/b> tutti gli adempimenti fiscali e burocratici, snellire le procedure e prevedere una maggiore elasticit\u00e0 nelle scadenze per evitare continui ricalcoli e cartelle esattoriali che mettono a rischio attivit\u00e0 lavorative sane\u201d.<\/p>\n<p><b><a href=\"https:\/\/www.fedaiisf.it\/wp-content\/uploads\/2020\/01\/partita-iva-costi.jpg\"><img loading=\"lazy\" decoding=\"async\" class=\"wp-image-47252 alignleft\" src=\"https:\/\/www.fedaiisf.it\/wp-content\/uploads\/2020\/01\/partita-iva-costi.jpg\" alt=\"\" width=\"331\" height=\"186\" srcset=\"https:\/\/www.fedaiisf.it\/wp-content\/uploads\/2020\/01\/partita-iva-costi.jpg 712w, https:\/\/www.fedaiisf.it\/wp-content\/uploads\/2020\/01\/partita-iva-costi-300x169.jpg 300w, https:\/\/www.fedaiisf.it\/wp-content\/uploads\/2020\/01\/partita-iva-costi-390x220.jpg 390w\" sizes=\"auto, (max-width: 331px) 100vw, 331px\" \/><\/a>La vita di una Partita Iva.<\/b><\/p>\n<p>\u201dOgni anno subiscono 100 controlli da 15 diversi Enti; un controllo ogni 3 giorni e il 25% di questi controlli si tramutano in un verbale \u2013 prima paghi e poi contesti e se non paghi arriver\u00e0 una bella cartella esattoriale. Il <b>90% <\/b>delle Partite Iva viene<b> oppresso da fidi bancari <\/b>con tassi altissimi e per garanzia devi dare tutto quel che possiedi \u2013 perch\u00e9 una Partita Iva si deve sempre maltrattare tanto non esiste sindacato di categoria, nessuno che li tuteli.<\/p>\n<p>Devono poi pagare il consulente del lavoro e il commercialista e avere sempre sul libro paga un <b>avvocato tributarista<\/b>. Poi deve stare al passo con i tempi, con le tecnologie e vai con il costo delle licenze dei software. Poi ci sono gli <b>F24<\/b>; la dichiarazione del modello unico, l\u2019Irpef, l\u2019Irap, spesometro e vecchi studi di settore e per alcuni la cassa edile e poi la camera di commercio e ancora pregare ogni volta scade il <b>DURC<\/b> [Documento Unico di Regolarit\u00e0 Contributiva].<\/p>\n<p>E i corsi di formazione o per la sicurezza dei luoghi di lavoro? E il Sistri e il registro dei rifiuti? E i dipendenti da pagare?<b> Terrorismo psicologico<\/b>, ecco cosa subisce un lavoratore autonomo che passa le notti in bianco nel vano tentativo di far quadrare i conti e magari anche mantenersi una famiglia.<\/p>\n<p>In Italia il <b>95% sono micro imprese <\/b>e, tranne qualche rara eccezione, sono <b>tutte indebitate con il fisco<\/b> e vogliono lasciarvi credere che sono indebitate perch\u00e9 evasori. Questa \u00e8 una menzogna, una gogna vera e propria. La verit\u00e0 \u00e8 che queste Partite Iva pagano e sostengono le vostre pensioni e i vostri stipendi pubblici; e mantengono anche il reddito di cittadinanza\u201d.<\/p>\n<p>Notizie correlate: <a href=\"https:\/\/www.ilcommercialistaonline.it\/false-partita-iva-cosa-sono-e-quali-le-sanzioni\/\" target=\"_blank\" rel=\"noopener noreferrer\">False partite IVA: cosa sono e quali sanzioni<\/a><\/p>\n<p>&nbsp;<\/p>\n","protected":false},"excerpt":{"rendered":"<p>N.d.R.: Riportiamo la sottostante nota di Federcontribuenti sulla drammatica situazione lavorativa di almeno il 25% delle Partite IVA. Fra queste Partite IVA ci sono anche molti ISF (false P.IVA) che sono sfruttati con contratti precari (agenti, consulenti, tempo determinato, ecc.) da approfittatori che godono della totale impunit\u00e0 per l&#8217;assenza di controlli da parte di AIFA &hellip;<\/p>","protected":false},"author":4,"featured_media":47253,"comment_status":"closed","ping_status":"closed","sticky":false,"template":"","format":"standard","meta":{"footnotes":""},"categories":[16],"tags":[],"class_list":["post-47248","post","type-post","status-publish","format-standard","has-post-thumbnail","hentry","category-primo-piano"],"amp_enabled":true,"_links":{"self":[{"href":"https:\/\/www.fedaiisf.it\/en\/wp-json\/wp\/v2\/posts\/47248","targetHints":{"allow":["GET"]}}],"collection":[{"href":"https:\/\/www.fedaiisf.it\/en\/wp-json\/wp\/v2\/posts"}],"about":[{"href":"https:\/\/www.fedaiisf.it\/en\/wp-json\/wp\/v2\/types\/post"}],"author":[{"embeddable":true,"href":"https:\/\/www.fedaiisf.it\/en\/wp-json\/wp\/v2\/users\/4"}],"replies":[{"embeddable":true,"href":"https:\/\/www.fedaiisf.it\/en\/wp-json\/wp\/v2\/comments?post=47248"}],"version-history":[{"count":0,"href":"https:\/\/www.fedaiisf.it\/en\/wp-json\/wp\/v2\/posts\/47248\/revisions"}],"wp:featuredmedia":[{"embeddable":true,"href":"https:\/\/www.fedaiisf.it\/en\/wp-json\/wp\/v2\/media\/47253"}],"wp:attachment":[{"href":"https:\/\/www.fedaiisf.it\/en\/wp-json\/wp\/v2\/media?parent=47248"}],"wp:term":[{"taxonomy":"category","embeddable":true,"href":"https:\/\/www.fedaiisf.it\/en\/wp-json\/wp\/v2\/categories?post=47248"},{"taxonomy":"post_tag","embeddable":true,"href":"https:\/\/www.fedaiisf.it\/en\/wp-json\/wp\/v2\/tags?post=47248"}],"curies":[{"name":"wp","href":"https:\/\/api.w.org\/{rel}","templated":true}]}}