{"id":47419,"date":"2020-01-20T13:21:47","date_gmt":"2020-01-20T12:21:47","guid":{"rendered":"https:\/\/www.fedaiisf.it\/?p=47419"},"modified":"2020-01-23T19:48:16","modified_gmt":"2020-01-23T18:48:16","slug":"sez-fadaiisf-bat-ba-agente-isf-in-gravidanza-licenziata-storie-di-ordinario-sfruttamento","status":"publish","type":"post","link":"https:\/\/www.fedaiisf.it\/en\/sez-fadaiisf-bat-ba-agente-isf-in-gravidanza-licenziata-storie-di-ordinario-sfruttamento\/","title":{"rendered":"Section Fadaiisf BAT-BA. ISF agent in pregnancy. Fired! Stories of ordinary exploitation"},"content":{"rendered":"<p>Dalla Sezione interprovinciale Fedaiisf BAT-BA ci viene segnalato un gravissimo fatto che ha coinvolto una ISF con contratto di agenzia. Ci scrivono:\u00a0&#8220;<em>Una nostra collega \u00e8 stata licenziata dall\u2019azienda per cui lavorava da anni, a\u00a0nostro avviso, vittima di una grandissima ingiustizia e discriminazione.\u00a0La nostra collega, con contratto di agenzia, \u00e8 stata licenziata senza alcun preavviso all\u2019ottavo mese di gravidanza. La collega ci ha mandato la mail di licenziamento e ha deciso di rendere pubblica questa situazione. Noi della Sezione ci siamo resi disponibile nell\u2019aiutare economicamente la collega per un consulto con un avvocato. \u00c8 una situazione inaccettabile. Dimenticavo, la collega non percepisce il suo compenso da ottobre 2019. Aiutiamola<\/em>&#8220;.<\/p>\n<div class=\"page\" title=\"Page 7\">\n<div class=\"layoutArea\">\n<div class=\"column\">\n<p><a href=\"https:\/\/www.fedaiisf.it\/wp-content\/uploads\/2020\/01\/Licenziamento-in-gravidanza.jpeg\"><img loading=\"lazy\" decoding=\"async\" class=\"wp-image-47431 alignleft\" src=\"https:\/\/www.fedaiisf.it\/wp-content\/uploads\/2020\/01\/Licenziamento-in-gravidanza.jpeg\" alt=\"\" width=\"471\" height=\"194\" srcset=\"https:\/\/www.fedaiisf.it\/wp-content\/uploads\/2020\/01\/Licenziamento-in-gravidanza.jpeg 763w, https:\/\/www.fedaiisf.it\/wp-content\/uploads\/2020\/01\/Licenziamento-in-gravidanza-300x123.jpeg 300w\" sizes=\"auto, (max-width: 471px) 100vw, 471px\" \/><\/a>Anche se la maternit\u00e0 \u00e8 tutelata dall&#8217;art. 31 della Costituzione, purtroppo la disciplina che la tutela \u00e8 tuttora non soddisfacente dal punto di vista dell&#8217;effettivit\u00e0 e\/o dell&#8217;efficacia.<\/p>\n<p>Nulla toglie alla gravit\u00e0 di un tale atto. Ad aziende di questo tipo, soprattutto farmaceutiche o di integratori, dove la pirateria e lo sfruttamento dei lavoratori \u00e8 la &#8220;norma&#8221;, andrebbe vietato di operare. il rispetto per le persone e della maternit\u00e0 in particolare dovrebbe essere l&#8217;indice di una societ\u00e0 che vuole definirsi civile.<\/p>\n<p>Nel loro sito, questa azienda dice: &#8220;<em>I nostri collaboratori hanno l\u2019opportunit\u00e0 di accrescere il proprio know-how sin dal primo giorno, grazie ad un ambiente di lavoro che <strong>valorizza le persone<\/strong> e ne promuove lo sviluppo professionale<\/em>&#8220;. E prosegue: &#8220;<em>Per potenziare la propria rete commerciale, &#8230; <\/em>omissis<em>&#8230; Pharma cerca Informatori Scientifici del Farmaco su tutto il territorio nazionale. I candidati promuoveranno l\u2019informazione scientifica, nonch\u00e9 la vendita di una specifica linea di prodotti rivolta a Medici di Medicina Generale e Specialisti coinvolti nei settori terapeutici di interesse<\/em>&#8220;.<\/p>\n<p>A parte il ridicolo evidente dell&#8217;affermazione &#8220;<em>un ambiente di lavoro che valorizza le persone&#8221; <\/em>contraddetto dai fatti, se un&#8217;azienda del genere cerca <strong>Informatori Scientifici del Farmaco<\/strong> dovrebbe sottostare al D.Lgs. 219\/06 per cui un contratto d&#8217;agenzia su base provvigionale sulle vendite \u00e8 illegale ed \u00e8 illegale l&#8217;attivit\u00e0 di vendita.<\/p>\n<p>Alla collega va tutta la nostra solidariet\u00e0 e garantiamo il nostro totale appoggio.<\/p>\n<p>Notizie correlate:\u00a0<a href=\"https:\/\/iltirreno.gelocal.it\/regione\/toscana\/2020\/01\/22\/news\/la-dipendente-precaria-rimane-incinta-il-titolare-la-premia-con-il-posto-fisso-1.38366645?refresh_ce\" target=\"_blank\" rel=\"noopener noreferrer\"><strong>La dipendente precaria rimane incinta, il titolare la premia con il posto fisso<\/strong><\/a><\/p>\n<hr \/>\n<p><em>Riportiamo alcune norme di legge<\/em>.<\/p>\n<p>\u00c8 vietata qualsiasi discriminazione per ragioni connesse al sesso, secondo quanto previsto dal decreto legislativo 11 aprile 2006, n. 198, con particolare riguardo ad ogni trattamento meno favorevole in ragione dello stato di gravidanza, nonch\u00e9 di maternit\u00e0 o paternit\u00e0, anche adottive, ovvero in ragione della titolarit\u00e0 e dell&#8217;esercizio dei relativi diritti<\/p>\n<\/div>\n<\/div>\n<\/div>\n<h2>INOPERATIVITA` DEL DIVIETO DI RECESSO NEI CONFRONTI DELLE LAVORATRICI MADRI NELL`AMBITO DEL CONTRATTO DI AGENZIA A TEMPO INDETERMINATO. CASS., SEZ. LAV., 26 MAGGIO 2004, N. 10179<\/h2>\n<p>In materia di tutela della maternit\u00e0, \u00e8 esclusa l&#8217;estensione in favore delle lavoratrici autonome (in ispecie, delle agenti) del divieto legislativo di risoluzione del rapporto di lavoro operante per le lavoratrici subordinate, senza che tale esclusione possa sollevare dubbi di illegittimit\u00e0 costituzionale.<\/p>\n<p align=\"justify\">La disciplina normativa della risoluzione del rapporto di agenzia esclude, come correttamente affermato dalla Corte di Cassazione con la sentenza esaminata, l&#8217;applicabilit\u00e0 nei confronti delle agenti del divieto di licenziamento di cui all&#8217;art. 54 del decreto legislativo n. 151\/2001.<\/p>\n<p align=\"justify\">A riguardo, si rileva che la normativa predetta deve essere integrata con quella specificamente dettata in materia di gravidanza e puerperio dall&#8217;art. 13 [<em>che riportiamo sotto, con l&#8217;aggiornamento evidenziato<\/em>] dell&#8217;<a href=\"http:\/\/www.enasarco.it\/allegati\/4c7d69e7-706b-4f60-b930-d7543573d70f.olts\" target=\"_blank\" rel=\"noopener noreferrer\">Accordo Economico Collettivo 20 marzo 2002<\/a>, recante la disciplina dei rapporti di agenzia e rappresentanza commerciale nei settori industriali e della cooperazione.<\/p>\n<p align=\"justify\"><a href=\"https:\/\/www.fedaiisf.it\/wp-content\/uploads\/2020\/01\/ISF-Gravidanza-in-contratto-dagenzia.jpeg\"><img loading=\"lazy\" decoding=\"async\" class=\"wp-image-47422 alignright\" src=\"https:\/\/www.fedaiisf.it\/wp-content\/uploads\/2020\/01\/ISF-Gravidanza-in-contratto-dagenzia-1024x542.jpeg\" alt=\"\" width=\"512\" height=\"271\" srcset=\"https:\/\/www.fedaiisf.it\/wp-content\/uploads\/2020\/01\/ISF-Gravidanza-in-contratto-dagenzia-1024x542.jpeg 1024w, https:\/\/www.fedaiisf.it\/wp-content\/uploads\/2020\/01\/ISF-Gravidanza-in-contratto-dagenzia-300x159.jpeg 300w, https:\/\/www.fedaiisf.it\/wp-content\/uploads\/2020\/01\/ISF-Gravidanza-in-contratto-dagenzia-768x407.jpeg 768w, https:\/\/www.fedaiisf.it\/wp-content\/uploads\/2020\/01\/ISF-Gravidanza-in-contratto-dagenzia.jpeg 1052w\" sizes=\"auto, (max-width: 512px) 100vw, 512px\" \/><\/a>Ai sensi della norma citata, in particolare, in caso di gravidanza e puerperio dell&#8217;agente o rappresentante:<\/p>\n<ul>\n<li>\n<div align=\"justify\"><span class=\"Normale-AIB\">il rapporto rester\u00e0 sospeso ad ogni effetto, <u>su richiesta<\/u> dell&#8217;agente o rappresentante medesima, per un periodo di otto mesi, all&#8217;interno dei quali deve collocarsi la data del parto, intendendosi che in tale periodo la ditta si <a href=\"https:\/\/www.fedaiisf.it\/wp-content\/uploads\/2020\/01\/Aggiornamento-2013-tutela-gravidanza.jpeg\"><img loading=\"lazy\" decoding=\"async\" class=\"wp-image-47427 alignright\" src=\"https:\/\/www.fedaiisf.it\/wp-content\/uploads\/2020\/01\/Aggiornamento-2013-tutela-gravidanza-1024x178.jpeg\" alt=\"\" width=\"505\" height=\"88\" srcset=\"https:\/\/www.fedaiisf.it\/wp-content\/uploads\/2020\/01\/Aggiornamento-2013-tutela-gravidanza-1024x178.jpeg 1024w, https:\/\/www.fedaiisf.it\/wp-content\/uploads\/2020\/01\/Aggiornamento-2013-tutela-gravidanza-300x52.jpeg 300w, https:\/\/www.fedaiisf.it\/wp-content\/uploads\/2020\/01\/Aggiornamento-2013-tutela-gravidanza-768x134.jpeg 768w, https:\/\/www.fedaiisf.it\/wp-content\/uploads\/2020\/01\/Aggiornamento-2013-tutela-gravidanza.jpeg 1045w\" sizes=\"auto, (max-width: 505px) 100vw, 505px\" \/><\/a>asterr\u00e0 dal procedere alla risoluzione del rapporto;<\/span><\/div>\n<\/li>\n<li>\n<div align=\"justify\"><span class=\"Normale-AIB\">alla ditta preponente \u00e8 riconosciuta la facolt\u00e0 di provvedere direttamente per il periodo predetto ad assicurare l&#8217;esercizio del mandato di agenzia o rappresentanza o a dare ad altri l&#8217;incarico di esercitarlo;<\/span><\/div>\n<\/li>\n<li>\n<div align=\"justify\"><span class=\"Normale-AIB\">la titolare del mandato di agenzia o rappresentanza deve consentire, nel corso di predetto periodo, che la ditta, o chi da questa ha ricevuto l&#8217;incarico di sostituirla provvisoriamente, si avvalga della organizzazione dell&#8217;agenzia senza che a questa derivino oneri. Non ha inoltre diritto a compensi sui proventi degli affari che siano stati promossi e portati a conclusione direttamente dall&#8217;azienda o dal sostituto nel periodo stesso, fermo restando il diritto alla provvigione per quegli ordini pervenuti durante il periodo di astensione per effetto dell&#8217;attivit\u00e0 in precedenza svolta dall&#8217;agente o rappresentante.<\/span><\/div>\n<\/li>\n<\/ul>\n<p>Qualora la casa mandante venisse a conoscenza di un periodo di gravidanza\/puerperio\/interruzione senza che l\u2019agente chieda la sospensione del rapporto, la circostanza dovr\u00e0 essere oggetto di specifica valutazione.<\/p>\n<p>Le lavoratrici autonome non hanno gli stessi diritti delle lavoratrici subordinato. Ci\u00f2, tuttavia, non deve sorprendere nella misura in cui il contratto abbia natura genuinamente autonoma.<\/p>\n<p>Ma \u00e8 proprio questo il punto critico: la genuinit\u00e0 o meno della natura autonoma del rapporto.<\/p>\n<p>Nella \u00abzona grigia\u00bb che si colloca attorno al lavoro subordinato finiscono infatti per ricadere anche rapporti sostanzialmente assimilabili al lavoro subordinato, il che rappresenta ovviamente la patologia, e non la fisiologia, del mercato del lavoro.<\/p>\n<p>E\u2019 proprio per questo motivo che la riforma del lavoro recentemente approvata prevede, accanto alle note novit\u00e0 in tema di \u00abflessibilit\u00e0 in uscita\u00bb, nuovi strumenti volti ad allargare l\u2019ambito dei lavoratori e delle lavoratrici assistiti dalle tutele tipiche del lavoro subordinato.<\/p>\n<p>Le <u>cosiddette \u00abpartite IVA\u00bb<\/u> verranno considerate contratti di collaborazione coordinata e continuativa \u2013 con le conseguenze relative \u2013 qualora ricorrano <strong>due<\/strong> delle seguenti circostanze: la collaborazione ha una durata complessivamente superiore a otto mesi nell\u2019arco dell\u2019anno; il corrispettivo \u00e8 superiore all\u201980% dei compensi complessivamente percepiti nell\u2019anno; il collaboratore ha una postazione fissa di lavoro presso il committente. Anche per queste ipotesi la legge prevede tuttavia eccezioni (elevate competenze teoriche; reddito da lavoro autonomo superiore agli Euro 18.000; attivit\u00e0 professionale con iscrizione all\u2019albo).<\/p>\n<p>&nbsp;<\/p>\n<p>&nbsp;<\/p>\n","protected":false},"excerpt":{"rendered":"<p>Dalla Sezione interprovinciale Fedaiisf BAT-BA ci viene segnalato un gravissimo fatto che ha coinvolto una ISF con contratto di agenzia. Ci scrivono:\u00a0&#8220;Una nostra collega \u00e8 stata licenziata dall\u2019azienda per cui lavorava da anni, a\u00a0nostro avviso, vittima di una grandissima ingiustizia e discriminazione.\u00a0La nostra collega, con contratto di agenzia, \u00e8 stata licenziata senza alcun preavviso all\u2019ottavo &hellip;<\/p>","protected":false},"author":4,"featured_media":47429,"comment_status":"closed","ping_status":"closed","sticky":false,"template":"","format":"standard","meta":{"footnotes":""},"categories":[1],"tags":[],"class_list":["post-47419","post","type-post","status-publish","format-standard","has-post-thumbnail","hentry","category-notizie"],"amp_enabled":true,"_links":{"self":[{"href":"https:\/\/www.fedaiisf.it\/en\/wp-json\/wp\/v2\/posts\/47419","targetHints":{"allow":["GET"]}}],"collection":[{"href":"https:\/\/www.fedaiisf.it\/en\/wp-json\/wp\/v2\/posts"}],"about":[{"href":"https:\/\/www.fedaiisf.it\/en\/wp-json\/wp\/v2\/types\/post"}],"author":[{"embeddable":true,"href":"https:\/\/www.fedaiisf.it\/en\/wp-json\/wp\/v2\/users\/4"}],"replies":[{"embeddable":true,"href":"https:\/\/www.fedaiisf.it\/en\/wp-json\/wp\/v2\/comments?post=47419"}],"version-history":[{"count":0,"href":"https:\/\/www.fedaiisf.it\/en\/wp-json\/wp\/v2\/posts\/47419\/revisions"}],"wp:featuredmedia":[{"embeddable":true,"href":"https:\/\/www.fedaiisf.it\/en\/wp-json\/wp\/v2\/media\/47429"}],"wp:attachment":[{"href":"https:\/\/www.fedaiisf.it\/en\/wp-json\/wp\/v2\/media?parent=47419"}],"wp:term":[{"taxonomy":"category","embeddable":true,"href":"https:\/\/www.fedaiisf.it\/en\/wp-json\/wp\/v2\/categories?post=47419"},{"taxonomy":"post_tag","embeddable":true,"href":"https:\/\/www.fedaiisf.it\/en\/wp-json\/wp\/v2\/tags?post=47419"}],"curies":[{"name":"wp","href":"https:\/\/api.w.org\/{rel}","templated":true}]}}