{"id":47436,"date":"2020-01-21T12:37:40","date_gmt":"2020-01-21T11:37:40","guid":{"rendered":"https:\/\/www.fedaiisf.it\/?p=47436"},"modified":"2020-01-21T12:45:10","modified_gmt":"2020-01-21T11:45:10","slug":"regione-emilia-romagna-firmato-laccordo-su-regolamento-informazione-scientifica-mercoledi-22-a-modena-verra-illustrato-agli-isf","status":"publish","type":"post","link":"https:\/\/www.fedaiisf.it\/en\/regione-emilia-romagna-firmato-laccordo-su-regolamento-informazione-scientifica-mercoledi-22-a-modena-verra-illustrato-agli-isf\/","title":{"rendered":"Emilia Romagna region. Signed the agreement on Scientific Information Regulation. On Wednesday 22nd in Modena it will be illustrated to the ISF"},"content":{"rendered":"<p>Ieri in regione Emilia-Romagna \u00e8 stato firmato, dal gruppo di lavoro (<em>nella foto sopra, dopo la firma<\/em>), il documento regionale su \u201cinformazione scientifica\u201c. Il documento verr\u00e0 illustrato e spiegato agli ISF della Regione mercoled\u00ec 22 a Modena e in questa <a href=\"https:\/\/www.fedaiisf.it\/wp-content\/uploads\/2020\/01\/Centro-Fam.-Nazaret.jpeg\"><img loading=\"lazy\" decoding=\"async\" class=\"wp-image-47387 alignright\" src=\"https:\/\/www.fedaiisf.it\/wp-content\/uploads\/2020\/01\/Centro-Fam.-Nazaret.jpeg\" alt=\"\" width=\"388\" height=\"244\" srcset=\"https:\/\/www.fedaiisf.it\/wp-content\/uploads\/2020\/01\/Centro-Fam.-Nazaret.jpeg 731w, https:\/\/www.fedaiisf.it\/wp-content\/uploads\/2020\/01\/Centro-Fam.-Nazaret-300x188.jpeg 300w\" sizes=\"auto, (max-width: 388px) 100vw, 388px\" \/><\/a>occasione sar\u00e0 possibile chiarire i dubbi e fare le osservazioni che potrebbero nascere.<\/p>\n<p>Oltre ai relatori dott. Boschini, dott.ssa Solfrini gi\u00e0 comunicati si aggiungeranno, con piacere, il dott. Paolo Trande (medico e capogruppo al Consiglio Regionale) ed il dott. Massimo Brunetti (UO prevenzione corruzione e trasparenza).<\/p>\n<p>Tutti gli ISF della Regione Emilia Romagna sono invitati alla riunione \u00a0<span style=\"color: #ff0000; font-size: 17px;\"><strong>mercoled\u00ec 22\/01\/2020 ore 20,15 c\/o centro famiglia di Nazareth Strada Formigina 319<\/strong><\/span><\/p>\n<p>Vista la presenza di importanti figure regionali si raccomanda la massima adesione e puntualit\u00e0<\/p>\n<p><a href=\"https:\/\/www.fedaiisf.it\/wp-content\/uploads\/2020\/01\/Modena-Str.-Formigina-319.jpeg\"><br \/>\n<img loading=\"lazy\" decoding=\"async\" class=\"wp-image-47386 aligncenter\" src=\"https:\/\/www.fedaiisf.it\/wp-content\/uploads\/2020\/01\/Modena-Str.-Formigina-319.jpeg\" alt=\"\" width=\"685\" height=\"540\" srcset=\"https:\/\/www.fedaiisf.it\/wp-content\/uploads\/2020\/01\/Modena-Str.-Formigina-319.jpeg 765w, https:\/\/www.fedaiisf.it\/wp-content\/uploads\/2020\/01\/Modena-Str.-Formigina-319-300x236.jpeg 300w\" sizes=\"auto, (max-width: 685px) 100vw, 685px\" \/><\/a><\/p>\n<p><a href=\"https:\/\/www.fedaiisf.it\/wp-content\/uploads\/2020\/01\/anticorruzione-aree-di-rischio-Dr.-Brunetti.jpg\"><img loading=\"lazy\" decoding=\"async\" class=\"wp-image-47442 alignright\" src=\"https:\/\/www.fedaiisf.it\/wp-content\/uploads\/2020\/01\/anticorruzione-aree-di-rischio-Dr.-Brunetti.jpg\" alt=\"\" width=\"627\" height=\"352\" srcset=\"https:\/\/www.fedaiisf.it\/wp-content\/uploads\/2020\/01\/anticorruzione-aree-di-rischio-Dr.-Brunetti.jpg 1024w, https:\/\/www.fedaiisf.it\/wp-content\/uploads\/2020\/01\/anticorruzione-aree-di-rischio-Dr.-Brunetti-300x169.jpg 300w, https:\/\/www.fedaiisf.it\/wp-content\/uploads\/2020\/01\/anticorruzione-aree-di-rischio-Dr.-Brunetti-768x432.jpg 768w, https:\/\/www.fedaiisf.it\/wp-content\/uploads\/2020\/01\/anticorruzione-aree-di-rischio-Dr.-Brunetti-390x220.jpg 390w\" sizes=\"auto, (max-width: 627px) 100vw, 627px\" \/><\/a>Related news: <a href=\"https:\/\/www.slideshare.net\/massimobrunetti\/anticorruzione-sintesi-piano-nazionale-2019\" target=\"_blank\" rel=\"noopener noreferrer\">Dr. Brunetti.\u00a0<span class=\"j-title-breadcrumb\">Anticorruzione &#8211; Sintesi Piano Nazionale 2019<\/span><\/a><\/p>","protected":false},"excerpt":{"rendered":"<p>Ieri in regione Emilia-Romagna \u00e8 stato firmato, dal gruppo di lavoro (nella foto sopra, dopo la firma), il documento regionale su \u201cinformazione scientifica\u201c. Il documento verr\u00e0 illustrato e spiegato agli ISF della Regione mercoled\u00ec 22 a Modena e in questa occasione sar\u00e0 possibile chiarire i dubbi e fare le osservazioni che potrebbero nascere. Oltre ai &hellip;<\/p>","protected":false},"author":4,"featured_media":47438,"comment_status":"closed","ping_status":"closed","sticky":false,"template":"","format":"standard","meta":{"footnotes":""},"categories":[1],"tags":[],"class_list":["post-47436","post","type-post","status-publish","format-standard","has-post-thumbnail","hentry","category-notizie"],"amp_enabled":true,"_links":{"self":[{"href":"https:\/\/www.fedaiisf.it\/en\/wp-json\/wp\/v2\/posts\/47436","targetHints":{"allow":["GET"]}}],"collection":[{"href":"https:\/\/www.fedaiisf.it\/en\/wp-json\/wp\/v2\/posts"}],"about":[{"href":"https:\/\/www.fedaiisf.it\/en\/wp-json\/wp\/v2\/types\/post"}],"author":[{"embeddable":true,"href":"https:\/\/www.fedaiisf.it\/en\/wp-json\/wp\/v2\/users\/4"}],"replies":[{"embeddable":true,"href":"https:\/\/www.fedaiisf.it\/en\/wp-json\/wp\/v2\/comments?post=47436"}],"version-history":[{"count":0,"href":"https:\/\/www.fedaiisf.it\/en\/wp-json\/wp\/v2\/posts\/47436\/revisions"}],"wp:featuredmedia":[{"embeddable":true,"href":"https:\/\/www.fedaiisf.it\/en\/wp-json\/wp\/v2\/media\/47438"}],"wp:attachment":[{"href":"https:\/\/www.fedaiisf.it\/en\/wp-json\/wp\/v2\/media?parent=47436"}],"wp:term":[{"taxonomy":"category","embeddable":true,"href":"https:\/\/www.fedaiisf.it\/en\/wp-json\/wp\/v2\/categories?post=47436"},{"taxonomy":"post_tag","embeddable":true,"href":"https:\/\/www.fedaiisf.it\/en\/wp-json\/wp\/v2\/tags?post=47436"}],"curies":[{"name":"wp","href":"https:\/\/api.w.org\/{rel}","templated":true}]}}