{"id":47600,"date":"2020-01-30T13:20:24","date_gmt":"2020-01-30T12:20:24","guid":{"rendered":"https:\/\/www.fedaiisf.it\/?p=47600"},"modified":"2020-01-30T13:20:24","modified_gmt":"2020-01-30T12:20:24","slug":"regolamento-ue-sui-dispositivi-medici-delega-al-governo-per-riordino-normativo","status":"publish","type":"post","link":"https:\/\/www.fedaiisf.it\/en\/regolamento-ue-sui-dispositivi-medici-delega-al-governo-per-riordino-normativo\/","title":{"rendered":"EU regulation on medical devices. Delegation to the Government for regulatory reorganization"},"content":{"rendered":"<p>La nuova normativa europea sui dispositivi medici subir\u00e0 un rinvio dell\u2019entrata in vigore.\u00a0 Il Governo ha infatti stabilito di chiedere una delega al Parlamento per l\u2019approvazione di un decreto che riordini l\u2019intera normativa e la coordini con il nuovo Regolamento UE.\u00a0 Solo con la definitiva approvazione di tale decreto, prevista per il 2021, partiranno gli adempimenti a carico delle farmacie.<\/p>\n<p><a href=\"https:\/\/www.fedaiisf.it\/wp-content\/uploads\/2019\/06\/industria-dispositivi-medici-italia.jpg\"><img loading=\"lazy\" decoding=\"async\" class=\"wp-image-44398 alignright\" src=\"https:\/\/www.fedaiisf.it\/wp-content\/uploads\/2019\/06\/industria-dispositivi-medici-italia.jpg\" alt=\"\" width=\"534\" height=\"379\" srcset=\"https:\/\/www.fedaiisf.it\/wp-content\/uploads\/2019\/06\/industria-dispositivi-medici-italia.jpg 1000w, https:\/\/www.fedaiisf.it\/wp-content\/uploads\/2019\/06\/industria-dispositivi-medici-italia-300x213.jpg 300w, https:\/\/www.fedaiisf.it\/wp-content\/uploads\/2019\/06\/industria-dispositivi-medici-italia-768x545.jpg 768w\" sizes=\"auto, (max-width: 534px) 100vw, 534px\" \/><\/a>Tale rinvio comporta la conseguenza di spostare in avanti di 4 anni l\u2019entrata in vigore di gran parte della nuova normativa sui dispositivi medici, in quanto solo ai medical device che hanno deciso, a partire dal maggio 2017, di intraprendere la strada della certificazione ex Regolamento 2017\/745, verranno applicate le nuove disposizioni in vigore dal 26 maggio 2020.\u00a0\u00a0 Tali dispositivi\u00a0 dovrebbero essere ben pochi in considerazione del fatto che sono pochissimi in Europa (in Italia al momento soltanto uno ndr) gli organismi notificatori certificati secondo le nuove specifiche del Reg. 2017\/745.<\/p>\n<p>Queste le novit\u00e0 per quanto riguarda le questioni propriamente regolatorie, ovvero il d\u00e9calage di almeno 4 anni, dalla data del 26 maggio 2020, dell\u2019effettiva applicazione della normativa alla quasi totalit\u00e0 dei dispositivi medici in commercio.<\/p>\n<p>Vi \u00e8 anche, per\u00f2, una seconda novit\u00e0 in merito a questioni pi\u00f9 strettamente amministrative, ovvero, nello specifico, il coordinamento tra le nuove disposizioni direttamente applicabili del Regolamento UE ed il Decreto legislativo attualmente in vigore (n. 46\/97).\u00a0 Simmetricamente, la medesima operazione verr\u00e0 svolta per i dispostivi medici in vitro normati dal Regolamento europeo gemello n.2017\/746.<br \/>\nDi interesse anche la definizione di un sistema sanzionatorio che dovr\u00e0 essere efficace, dissuasivo e proporzionato alla gravit\u00e0 delle violazioni.<\/p>\n<p>Ugualmente di interesse, l\u2019individuazione delle \u201cmodalit\u00e0 di tracciabilit\u00e0 dei dispositivi medici attraverso il riordino delle banche dati esistenti in conformit\u00e0 al Sistema unico di identificazione del dispositivo (sistema UDI) previsto dai regolamenti (UE) 2017\/745 e 2017\/746\u201d.<\/p>\n<p>Il fatto che il nostro Paese abbia potuto godere di una deroga, fino al 9 febbraio 2025, per l\u2019effettiva implementazione della tracciabilit\u00e0 del farmaco etico ad uso umano potrebbe, tuttavia, creare un problema alle farmacie in merito all\u2019effettiva implementazione della normativa sulla tracciabilit\u00e0 dei dispositivi medici.<\/p>\n<p><a href=\"https:\/\/www.fedaiisf.it\/wp-content\/uploads\/2019\/01\/Aggregati-beni-sanitari-farmaci-dispositivi.png\"><img loading=\"lazy\" decoding=\"async\" class=\"wp-image-40650 alignleft\" src=\"https:\/\/www.fedaiisf.it\/wp-content\/uploads\/2019\/01\/Aggregati-beni-sanitari-farmaci-dispositivi.png\" alt=\"\" width=\"501\" height=\"282\" srcset=\"https:\/\/www.fedaiisf.it\/wp-content\/uploads\/2019\/01\/Aggregati-beni-sanitari-farmaci-dispositivi.png 748w, https:\/\/www.fedaiisf.it\/wp-content\/uploads\/2019\/01\/Aggregati-beni-sanitari-farmaci-dispositivi-300x169.png 300w, https:\/\/www.fedaiisf.it\/wp-content\/uploads\/2019\/01\/Aggregati-beni-sanitari-farmaci-dispositivi-390x220.png 390w\" sizes=\"auto, (max-width: 501px) 100vw, 501px\" \/><\/a>Infine, le norme che il Governo dovr\u00e0 approvare nel suddetto Decreto Legislativo riguarderanno anche questioni di governance economica della spesa pubblica relativa ai medical device.\u00a0 Il Governo avr\u00e0 a disposizione 12 mesi di tempo per adottare i suddetti Decreti legislativi.\u00a0 In considerazione del fatto che il Disegno di legge di delegazione europea impiega, in media, 7 mesi (dalla sua definitiva approvazione in Consiglio dei Ministri) per essere pubblicato in Gazzetta Ufficiale, \u00e8 ipotizzabile che le nuove norme nazionali sui dispositivi medici difficilmente vedranno la luce prima dell\u2019estate del 2021.<\/p>\n<p>Infine, la questione di alcuni software utilizzati dalle farmacie che dovranno ora essere registrati, per la prima volta, come dispositivi medici (ad esempio i servizi di telemedicina o quelli che permettano alla farmacia di fornire il servizio di aderenza alla terapia ai propri pazienti).<\/p>\n<p>Federfarma ha inviato, a riguardo, specifico quesito al Ministero della salute per poter avere dei chiarimenti sulle modalit\u00e0 da seguire al fine di ottenere la certificazione per tali prodotti.\u00a0 Inoltre, abbiamo ribadito, nella medesima lettera, la nostra disponibilit\u00e0 ad essere convocati per poter fornire il contributo della categoria in vista della definizione dei decreti legislativi in parola.<\/p>\n<p><a href=\"https:\/\/www.federfarma.it\/Edicola\/Filodiretto\/VediNotizia.aspx?id=20827\" target=\"_blank\" rel=\"noopener noreferrer\">Federfarma &#8211; 30 gennaio 2020<\/a><\/p>\n<p>Related news: <a href=\"https:\/\/www.camera.it\/parlam\/leggi\/deleghe\/97046dl.htm\" target=\"_blank\" rel=\"noopener noreferrer\">Legislative Decree 46\/97<\/a><\/p>","protected":false},"excerpt":{"rendered":"<p>La nuova normativa europea sui dispositivi medici subir\u00e0 un rinvio dell\u2019entrata in vigore.\u00a0 Il Governo ha infatti stabilito di chiedere una delega al Parlamento per l\u2019approvazione di un decreto che riordini l\u2019intera normativa e la coordini con il nuovo Regolamento UE.\u00a0 Solo con la definitiva approvazione di tale decreto, prevista per il 2021, partiranno gli &hellip;<\/p>","protected":false},"author":4,"featured_media":1044,"comment_status":"closed","ping_status":"closed","sticky":false,"template":"","format":"standard","meta":{"footnotes":""},"categories":[1],"tags":[],"class_list":["post-47600","post","type-post","status-publish","format-standard","has-post-thumbnail","hentry","category-notizie"],"amp_enabled":true,"_links":{"self":[{"href":"https:\/\/www.fedaiisf.it\/en\/wp-json\/wp\/v2\/posts\/47600","targetHints":{"allow":["GET"]}}],"collection":[{"href":"https:\/\/www.fedaiisf.it\/en\/wp-json\/wp\/v2\/posts"}],"about":[{"href":"https:\/\/www.fedaiisf.it\/en\/wp-json\/wp\/v2\/types\/post"}],"author":[{"embeddable":true,"href":"https:\/\/www.fedaiisf.it\/en\/wp-json\/wp\/v2\/users\/4"}],"replies":[{"embeddable":true,"href":"https:\/\/www.fedaiisf.it\/en\/wp-json\/wp\/v2\/comments?post=47600"}],"version-history":[{"count":0,"href":"https:\/\/www.fedaiisf.it\/en\/wp-json\/wp\/v2\/posts\/47600\/revisions"}],"wp:featuredmedia":[{"embeddable":true,"href":"https:\/\/www.fedaiisf.it\/en\/wp-json\/wp\/v2\/media\/1044"}],"wp:attachment":[{"href":"https:\/\/www.fedaiisf.it\/en\/wp-json\/wp\/v2\/media?parent=47600"}],"wp:term":[{"taxonomy":"category","embeddable":true,"href":"https:\/\/www.fedaiisf.it\/en\/wp-json\/wp\/v2\/categories?post=47600"},{"taxonomy":"post_tag","embeddable":true,"href":"https:\/\/www.fedaiisf.it\/en\/wp-json\/wp\/v2\/tags?post=47600"}],"curies":[{"name":"wp","href":"https:\/\/api.w.org\/{rel}","templated":true}]}}