{"id":47795,"date":"2020-02-12T13:06:02","date_gmt":"2020-02-12T12:06:02","guid":{"rendered":"https:\/\/www.fedaiisf.it\/?p=47795"},"modified":"2020-02-12T13:18:11","modified_gmt":"2020-02-12T12:18:11","slug":"recanati-prosciolto-ex-primario-e-rappresentanti-azienda-farmaceutica-era-accusato-di-aver-preso-soldi-per-prescrivere-farmaci","status":"publish","type":"post","link":"https:\/\/www.fedaiisf.it\/en\/recanati-prosciolto-ex-primario-e-rappresentanti-azienda-farmaceutica-era-accusato-di-aver-preso-soldi-per-prescrivere-farmaci\/","title":{"rendered":"Recanati. Former head physician and pharmaceutical company representatives acquitted. He was accused of asking for money to prescribe drugs"},"content":{"rendered":"<p>Il medico, Edoardo Bartotta, era sotto accusa al tribunale di Macerata. Oggi \u00e8 stato assolto perch\u00e9 il reato contestato, la corruzione per induzione, non era in vigore all&#8217;epoca dei fatti. Cos\u00ec riferisce il quotidiano <a href=\"https:\/\/www.fedaiisf.it\/wp-content\/uploads\/2020\/02\/Macerata-tribunale2-640x361-1.jpg\"><img loading=\"lazy\" decoding=\"async\" class=\"wp-image-47796 alignright\" src=\"https:\/\/www.fedaiisf.it\/wp-content\/uploads\/2020\/02\/Macerata-tribunale2-640x361-1.jpg\" alt=\"\" width=\"362\" height=\"204\" srcset=\"https:\/\/www.fedaiisf.it\/wp-content\/uploads\/2020\/02\/Macerata-tribunale2-640x361-1.jpg 580w, https:\/\/www.fedaiisf.it\/wp-content\/uploads\/2020\/02\/Macerata-tribunale2-640x361-1-300x169.jpg 300w, https:\/\/www.fedaiisf.it\/wp-content\/uploads\/2020\/02\/Macerata-tribunale2-640x361-1-390x220.jpg 390w\" sizes=\"auto, (max-width: 362px) 100vw, 362px\" \/><\/a>&#8220;<a href=\"https:\/\/www.cronachemaceratesi.it\/2020\/02\/11\/denaro-per-somministrare-farmaci-prosciolto-ex-primario\/1363691\/\" target=\"_blank\" rel=\"noopener noreferrer\">Cronache maceratesi<\/a>&#8220;.<\/p>\n<p>Secondo l&#8217;accusa l&#8217;ex primario di pediatria, Bartolotta, ora in pensione, avrebbe indotto tre dipendenti dell&#8217;azienda farmaceutica &#8220;Ipsen S.p.A.&#8221; (si parla di un direttore vendite, di un area manager e di un <span style=\"color: #000000;\">Pharma company sale representative<\/span>) a dare o promettere indebitamente delle somme di denaro che Bartolotta avrebbe utilizzato per fare dei viaggi. I fatti si riferiscono al 2007 e al 2008.<\/p>\n<p>i testimoni della Ipsen al processo avevano esclusa l&#8217;ipotesi accusatoria poich\u00e9 nessuna somma di denaro sarebbe stata data al Dr. Bartolotta se non per organizzare convegni e iniziative scientifiche.<\/p>\n<p>Il Tribunale ha assolto l&#8217;ex primario e i rappresentanti dell&#8217;azienda farmaceutica in quanto solo nel 2010 \u00e8 stato introdotto il reato di corruzione per induzione per cui non \u00e8 possibile applicarlo retroattivamente.<\/p>\n<hr \/>\n<p>Note<\/p>\n<p><em><strong>Il legislatore ha riformato il reato di concussione, sdoppiandolo in due fattispecie distinte: l\u2019art. 317 c.p. novellato e il nuovo art. 319-quater c.p.<\/strong><\/em><br \/>\n<em>Se il precedente reato di concussione (art. 317 c.p.) puniva \u201cil pubblico ufficiale o l\u2019incaricato di pubblico servizio che, abusando della sua qualit\u00e0 o dei suoi poteri, costringe o induce taluno a dare o promettere indebitamente a lui o a un terzo denaro o altra utilit\u00e0\u201d, <strong>l\u2019attuale norma, invece, punisce \u201cil pubblico ufficiale che, abusando della sua qualit\u00e0 o dei suoi poteri, costringe taluno a dare o a promettere indebitamente, a lui o a un terzo denaro o altra utilit\u00e0<\/strong>\u201d, tra l\u2019altro, con un carico sanzionatorio pi\u00f9 leggero (oggi da sei a dodici anni di reclusione, ieri da quattro a dodici). Il neointrodotto articolo 319-quater, primo comma, c. p.\u00a0 rubricato \u201cinduzione indebita a dare o promettere utilit\u00e0\u201d punisce il pubblico ufficiale o l\u2019incaricato di pubblico servizio che, abusando della sua qualit\u00e0 o dei suoi poteri, induce taluno a dare o a promettere indebitamente, a lui o a un terzo denaro o altra utilit\u00e0.<\/em><\/p>\n<p>&nbsp;<\/p>","protected":false},"excerpt":{"rendered":"<p>Il medico, Edoardo Bartotta, era sotto accusa al tribunale di Macerata. Oggi \u00e8 stato assolto perch\u00e9 il reato contestato, la corruzione per induzione, non era in vigore all&#8217;epoca dei fatti. Cos\u00ec riferisce il quotidiano &#8220;Cronache maceratesi&#8220;. Secondo l&#8217;accusa l&#8217;ex primario di pediatria, Bartolotta, ora in pensione, avrebbe indotto tre dipendenti dell&#8217;azienda farmaceutica &#8220;Ipsen S.p.A.&#8221; (si &hellip;<\/p>","protected":false},"author":4,"featured_media":47797,"comment_status":"closed","ping_status":"closed","sticky":false,"template":"","format":"standard","meta":{"footnotes":""},"categories":[1],"tags":[41,22],"class_list":["post-47795","post","type-post","status-publish","format-standard","has-post-thumbnail","hentry","category-notizie","tag-leggisentenze","tag-truffa-farmaci"],"amp_enabled":true,"_links":{"self":[{"href":"https:\/\/www.fedaiisf.it\/en\/wp-json\/wp\/v2\/posts\/47795","targetHints":{"allow":["GET"]}}],"collection":[{"href":"https:\/\/www.fedaiisf.it\/en\/wp-json\/wp\/v2\/posts"}],"about":[{"href":"https:\/\/www.fedaiisf.it\/en\/wp-json\/wp\/v2\/types\/post"}],"author":[{"embeddable":true,"href":"https:\/\/www.fedaiisf.it\/en\/wp-json\/wp\/v2\/users\/4"}],"replies":[{"embeddable":true,"href":"https:\/\/www.fedaiisf.it\/en\/wp-json\/wp\/v2\/comments?post=47795"}],"version-history":[{"count":0,"href":"https:\/\/www.fedaiisf.it\/en\/wp-json\/wp\/v2\/posts\/47795\/revisions"}],"wp:featuredmedia":[{"embeddable":true,"href":"https:\/\/www.fedaiisf.it\/en\/wp-json\/wp\/v2\/media\/47797"}],"wp:attachment":[{"href":"https:\/\/www.fedaiisf.it\/en\/wp-json\/wp\/v2\/media?parent=47795"}],"wp:term":[{"taxonomy":"category","embeddable":true,"href":"https:\/\/www.fedaiisf.it\/en\/wp-json\/wp\/v2\/categories?post=47795"},{"taxonomy":"post_tag","embeddable":true,"href":"https:\/\/www.fedaiisf.it\/en\/wp-json\/wp\/v2\/tags?post=47795"}],"curies":[{"name":"wp","href":"https:\/\/api.w.org\/{rel}","templated":true}]}}