{"id":47968,"date":"2020-02-21T18:45:34","date_gmt":"2020-02-21T17:45:34","guid":{"rendered":"https:\/\/www.fedaiisf.it\/?p=47968"},"modified":"2020-02-21T19:39:23","modified_gmt":"2020-02-21T18:39:23","slug":"sicilia-san-cataldo-cl-regolamento-isf-alla-regina-pacis-saranno-ricevuti-su-prenotazione-in-numero-limitato-al-di-fuori-degli-orari-assistenziali","status":"publish","type":"post","link":"https:\/\/www.fedaiisf.it\/en\/sicilia-san-cataldo-cl-regolamento-isf-alla-regina-pacis-saranno-ricevuti-su-prenotazione-in-numero-limitato-al-di-fuori-degli-orari-assistenziali\/","title":{"rendered":"Sicily San Cataldo (CL). ISF Regulation at the &quot;Regina Pacis&quot;: they will be received upon reservation, in limited numbers outside of the assistance hours"},"content":{"rendered":"<h1 class=\"titolo-single\">San Cataldo. Alla \u201cRegina Pacis\u201d informatori scientifici con orari diversi dall\u2019utenza<\/h1>\n<p><a href=\"https:\/\/www.ilfattonisseno.it\/2020\/02\/san-cataldo-alla-regina-pacis-informatori-scientifici-con-orari-diversi-dallutenza\/\" target=\"_blank\" rel=\"noopener noreferrer\">Il Fatto Nisseno &#8211; 21 febbraio 2020<\/a><\/p>\n<p>SAN CATALDO. Stop agli informatori farmaceutici, per loro orari diversi dall\u2019utenza. E\u2019 quanto ha reso noto l\u2019Ufficio di relazioni con il pubblico della Casa di Cura Regina Pacis. In particolare, \u00e8 stato rilevato che da oggi gli utenti non dovranno attendere l\u2019ingresso dell\u2019informatore medico scientifico tra una visita e l\u2019altra.<\/p>\n<p><a href=\"https:\/\/www.fedaiisf.it\/wp-content\/uploads\/2020\/02\/Casa-di-cura-Regina-Pacis-san-Cataldo-Caltanissetta.jpeg\"><img loading=\"lazy\" decoding=\"async\" class=\"wp-image-47970 alignright\" src=\"https:\/\/www.fedaiisf.it\/wp-content\/uploads\/2020\/02\/Casa-di-cura-Regina-Pacis-san-Cataldo-Caltanissetta.jpeg\" alt=\"\" width=\"453\" height=\"83\" srcset=\"https:\/\/www.fedaiisf.it\/wp-content\/uploads\/2020\/02\/Casa-di-cura-Regina-Pacis-san-Cataldo-Caltanissetta.jpeg 633w, https:\/\/www.fedaiisf.it\/wp-content\/uploads\/2020\/02\/Casa-di-cura-Regina-Pacis-san-Cataldo-Caltanissetta-300x55.jpeg 300w\" sizes=\"auto, (max-width: 453px) 100vw, 453px\" \/><\/a>\u201cDa oggi \u2013 si legge in una nota della Casa di Cura sancataldese \u2013 l\u2019attivit\u00e0 dell\u2019informatore scientifico-farmaceutico non si sovrapporr\u00e0 mai pi\u00f9 n\u00e9 come orari n\u00e9 come luoghi all\u2019attivit\u00e0 assistenziale propria dei medici dipendenti o convenzionati con la CdC \u201cRegina Pacis\u201d. E non si tratta \u2013 come \u00e8 stato precisato \u2013 dell\u2019unico vincolo fissato dalla Direzione Sanitaria.<\/p>\n<p>\u00c8 stato stabilito, infatti, di \u201cstabilire limiti quantitativi alle visite che gli informatori farmaceutici possono effettuare ai medici dipendenti o convenzionati\u201d.<\/p>\n<p>L\u2019informatore farmaceutico dovr\u00e0 essere munito di un tesserino di riconoscimento personale mentre gli orari di ricevimento riservati agli operatori inviati dalle case farmaceutiche dovranno essere autorizzati 7 giorni prima previa richiesta ufficiale inviata via mail a:<\/p>\n<p><span style=\"color: #000000;\">Urp@casadicurareginapacis.com.<\/span><\/p>\n<hr \/>\n<p>Note:<\/p>\n<p><strong><a href=\"http:\/\/www.en.ugal.ro\/\" target=\"_blank\" rel=\"noopener noreferrer\"><em>Universit\u00e0 \u201cDunarea de Jos\u201d<\/em><\/a><\/strong><\/p>\n<p>L\u2019Universit\u00e0 privata \u201cDunarea de Jos\u201d di Galati (Romania) ha stretto una convenzione con la Casa di Cura \u201cRegina Pacis\u201d per il tirocinio per gli studenti del primo e secondo anno sia di Medicina che di altre professioni sanitarie.<\/p>\n<p>La scommessa italiana dello studio di medicina in lingua romena nel cuore della Sicilia avviata dal\u00a0<a href=\"http:\/\/fondoproserpina.com\/\" target=\"_blank\" rel=\"noopener noreferrer\">Fondo Proserpina Srl<\/a>\u00a0(che cura la logistica dei corsi) di cui amministratore unico \u00e8 Mirello Crisafulli, tre anni fa, diventa una realt\u00e0 sempre pi\u00f9 accreditata a livello siciliano ed una risorsa per il territorio stesso.<\/p>\n<p>Related news:<\/p>\n<h3><a href=\"https:\/\/www.fedaiisf.it\/en\/enna-universita-di-medicina-e-area-sanitaria-a-gestione-rumena\/\" target=\"_blank\" rel=\"noopener noreferrer\"><strong>Enna. Romanian-managed University of Medicine and Health Area<\/strong><\/a><\/h3>","protected":false},"excerpt":{"rendered":"<p>San Cataldo. Alla \u201cRegina Pacis\u201d informatori scientifici con orari diversi dall\u2019utenza Il Fatto Nisseno &#8211; 21 febbraio 2020 SAN CATALDO. Stop agli informatori farmaceutici, per loro orari diversi dall\u2019utenza. E\u2019 quanto ha reso noto l\u2019Ufficio di relazioni con il pubblico della Casa di Cura Regina Pacis. In particolare, \u00e8 stato rilevato che da oggi gli &hellip;<\/p>","protected":false},"author":4,"featured_media":47971,"comment_status":"closed","ping_status":"closed","sticky":false,"template":"","format":"standard","meta":{"footnotes":""},"categories":[1],"tags":[],"class_list":["post-47968","post","type-post","status-publish","format-standard","has-post-thumbnail","hentry","category-notizie"],"amp_enabled":true,"_links":{"self":[{"href":"https:\/\/www.fedaiisf.it\/en\/wp-json\/wp\/v2\/posts\/47968","targetHints":{"allow":["GET"]}}],"collection":[{"href":"https:\/\/www.fedaiisf.it\/en\/wp-json\/wp\/v2\/posts"}],"about":[{"href":"https:\/\/www.fedaiisf.it\/en\/wp-json\/wp\/v2\/types\/post"}],"author":[{"embeddable":true,"href":"https:\/\/www.fedaiisf.it\/en\/wp-json\/wp\/v2\/users\/4"}],"replies":[{"embeddable":true,"href":"https:\/\/www.fedaiisf.it\/en\/wp-json\/wp\/v2\/comments?post=47968"}],"version-history":[{"count":0,"href":"https:\/\/www.fedaiisf.it\/en\/wp-json\/wp\/v2\/posts\/47968\/revisions"}],"wp:featuredmedia":[{"embeddable":true,"href":"https:\/\/www.fedaiisf.it\/en\/wp-json\/wp\/v2\/media\/47971"}],"wp:attachment":[{"href":"https:\/\/www.fedaiisf.it\/en\/wp-json\/wp\/v2\/media?parent=47968"}],"wp:term":[{"taxonomy":"category","embeddable":true,"href":"https:\/\/www.fedaiisf.it\/en\/wp-json\/wp\/v2\/categories?post=47968"},{"taxonomy":"post_tag","embeddable":true,"href":"https:\/\/www.fedaiisf.it\/en\/wp-json\/wp\/v2\/tags?post=47968"}],"curies":[{"name":"wp","href":"https:\/\/api.w.org\/{rel}","templated":true}]}}