{"id":48012,"date":"2020-02-23T19:09:09","date_gmt":"2020-02-23T18:09:09","guid":{"rendered":"https:\/\/www.fedaiisf.it\/?p=48012"},"modified":"2020-03-19T17:22:51","modified_gmt":"2020-03-19T16:22:51","slug":"coronavirus-ordinanza-emilia-romagna-chiuse-scuole-universita-proibiti-manifestazioni-ed-eventi-limitazioni-daccesso-negli-ospedali-alcune-aziende-sospendono-attivita-isf-in-lombardia-veneto","status":"publish","type":"post","link":"https:\/\/www.fedaiisf.it\/en\/coronavirus-ordinanza-emilia-romagna-chiuse-scuole-universita-proibiti-manifestazioni-ed-eventi-limitazioni-daccesso-negli-ospedali-alcune-aziende-sospendono-attivita-isf-in-lombardia-veneto\/","title":{"rendered":"Coronavirus. Emilia Romagna ordinance: schools, universities closed, demonstrations and events prohibited. Restrictions on access to hospitals. Some companies suspend ISF activities in Lombardy, Veneto, Emilia Romagna"},"content":{"rendered":"<h2 class=\"documentFirstHeading\">Aggiornamento Coronavirus: da domani, e fino al 1^ marzo, in Emilia-Romagna sospensione dell&#8217;attivit\u00e0 di tutte le scuole di ogni ordine e grado, asili nido, Universit\u00e0, musei, manifestazioni ed eventi, procedure concorsuali. Ordinanza del presidente Bonaccini e del ministro Speranza<\/h2>\n<p id=\"titolo\">Bologna \u2013 <strong>Sospensione delle attivit\u00e0<\/strong> delle <strong>scuole di<\/strong> <strong>ogni ordine e grado<\/strong>, <strong>asili nido<\/strong>, <strong>University<\/strong>, Of<strong> manifestazioni ed eventi e di ogni forma di aggregazione in luogo pubblico o privato<\/strong><strong>, from the <a href=\"https:\/\/www.fedaiisf.it\/wp-content\/uploads\/2020\/02\/Bonaccini-Emilia-Romagna.jpg\"><img loading=\"lazy\" decoding=\"async\" class=\"wp-image-48005 alignright\" src=\"https:\/\/www.fedaiisf.it\/wp-content\/uploads\/2020\/02\/Bonaccini-Emilia-Romagna.jpg\" alt=\"\" width=\"374\" height=\"249\" srcset=\"https:\/\/www.fedaiisf.it\/wp-content\/uploads\/2020\/02\/Bonaccini-Emilia-Romagna.jpg 600w, https:\/\/www.fedaiisf.it\/wp-content\/uploads\/2020\/02\/Bonaccini-Emilia-Romagna-300x200.jpg 300w, https:\/\/www.fedaiisf.it\/wp-content\/uploads\/2020\/02\/Bonaccini-Emilia-Romagna-274x183.jpg 274w, https:\/\/www.fedaiisf.it\/wp-content\/uploads\/2020\/02\/Bonaccini-Emilia-Romagna-80x54.jpg 80w, https:\/\/www.fedaiisf.it\/wp-content\/uploads\/2020\/02\/Bonaccini-Emilia-Romagna-130x87.jpg 130w, https:\/\/www.fedaiisf.it\/wp-content\/uploads\/2020\/02\/Bonaccini-Emilia-Romagna-359x240.jpg 359w, https:\/\/www.fedaiisf.it\/wp-content\/uploads\/2020\/02\/Bonaccini-Emilia-Romagna-85x57.jpg 85w, https:\/\/www.fedaiisf.it\/wp-content\/uploads\/2020\/02\/Bonaccini-Emilia-Romagna-546x365.jpg 546w, https:\/\/www.fedaiisf.it\/wp-content\/uploads\/2020\/02\/Bonaccini-Emilia-Romagna-165x109.jpg 165w, https:\/\/www.fedaiisf.it\/wp-content\/uploads\/2020\/02\/Bonaccini-Emilia-Romagna-112x75.jpg 112w, https:\/\/www.fedaiisf.it\/wp-content\/uploads\/2020\/02\/Bonaccini-Emilia-Romagna-179x120.jpg 179w, https:\/\/www.fedaiisf.it\/wp-content\/uploads\/2020\/02\/Bonaccini-Emilia-Romagna-170x113.jpg 170w, https:\/\/www.fedaiisf.it\/wp-content\/uploads\/2020\/02\/Bonaccini-Emilia-Romagna-81x55.jpg 81w, https:\/\/www.fedaiisf.it\/wp-content\/uploads\/2020\/02\/Bonaccini-Emilia-Romagna-765x510.jpg 765w\" sizes=\"auto, (max-width: 374px) 100vw, 374px\" \/><\/a><\/strong><strong>gite<\/strong><strong> di istruzione e dei <\/strong><strong>concorsi<\/strong><strong>.<\/strong><\/p>\n<p><strong>Sono le misure che vengono adottate in Emilia-Romagna per contrastare la diffusione del Coronaviruse che saranno valide fino al prossimo 1 marzo compreso.<\/strong><\/p>\n<div>\n<div id=\"testo\">\n<p>Sono previste nell\u2019ordinanza che viene firmata dal presidente della Regione, <strong>Stefano Bonaccini<\/strong>, e dal ministro della Salute, <strong>Robert Hope<\/strong>.<\/p>\n<p>\u201cAbbiamo decisodi mettere in campo una serie di provvedimenti per far s\u00ec che si possa fronteggiare la diffusione del virus offrendo le migliori condizioni possibili di sicurezza e tutela ai cittadini- afferma il presidente <strong>Bonaccini<\/strong>-. E voglio davvero ringraziare tutti i professionisti della sanit\u00e0, e parlo di medici, biologi, tecnici, infermieri e quanti sono al lavoro da giorni, per quanto stanno facendo, che \u00e8 davvero straordinario\u201d.<\/p>\n<p>Bonaccini ha costantemente riunito il Comitato di coordinamento regionale, gli assessori competenti e anche i componenti della nuova Giunta, informati della situazione e delle misure adottate.<\/p>\n<p>Si stanno valutando misure ulteriori per <strong>Piacenza<\/strong> and the <strong>territorio piacentino<\/strong>, d\u2019intesa con le istituzioni locali.<\/p>\n<h3><strong>I contenuti dell\u2019ordinanza<\/strong><\/h3>\n<h3>In primo luogo, si prevede la \u201c<strong>Sospensione di<\/strong> <strong>manifestazioni<\/strong> o iniziative di qualsiasi natura, di eventi e di ogni forma di aggregazione in luogo pubblico o privato, anche di natura culturale, ludico, sportiva ecc, svolti sia in luoghi chiusi che aperti al pubblico\u201d.<\/h3>\n<p>Prevista poi la \u201c<strong>Sospensione dei servizi educativi<\/strong> dell\u2019infanzia e delle <strong>schools<\/strong> di ogni ordine e grado nonch\u00e9 della frequenza delle attivit\u00e0 scolastiche e di formazione superiore, corsi professionali, master, corsi per le professioni sanitarie e universit\u00e0 per anziani ad esclusione dei medici in formazione specialistica e tirocinanti delle professioni sanitarie, salvo le attivit\u00e0 formative svolte a distanza\u201d<\/p>\n<p>Inoltre, l\u2019Ordinanza prevede la \u201c<strong>Sospensione dei servizi<\/strong> di apertura al pubblico dei <strong>musei<\/strong> e degli altri istituti e luoghi della cultura di cui all\u2019articolo 101 dei codici dei beni culturali e del paesaggio di cui al D.L. 42\/2004, nonch\u00e9 dell\u2019efficacia delle disposizioni regolamentari sull\u2019accesso libero o gratuito a tali istituti o luoghi\u201d.<\/p>\n<p>Sospeso anche \u201cogni <strong>viaggio di istruzione<\/strong> sia sul territorio nazionale che estero\u201d.<\/p>\n<p>C\u2019\u00e8, inoltre, la \u201cPrevisione <strong>dell\u2019obbligo da parte di individui che hanno fatto ingresso in Emilia-Romagna<\/strong> da zone a rischio epidemiologico come identificate dall\u2019Organizzazione Mondiale della Sanit\u00e0 di comunicare tale circostanza al Dipartimento di Prevenzione dell\u2019Azienda sanitaria competente per territorio <a href=\"https:\/\/www.fedaiisf.it\/wp-content\/uploads\/2020\/02\/ospedale-piacenza-coronavirus-1.jpg\"><img loading=\"lazy\" decoding=\"async\" class=\"wp-image-48006 alignleft\" src=\"https:\/\/www.fedaiisf.it\/wp-content\/uploads\/2020\/02\/ospedale-piacenza-coronavirus-1-1024x594.jpg\" alt=\"\" width=\"407\" height=\"236\" srcset=\"https:\/\/www.fedaiisf.it\/wp-content\/uploads\/2020\/02\/ospedale-piacenza-coronavirus-1-1024x594.jpg 1024w, https:\/\/www.fedaiisf.it\/wp-content\/uploads\/2020\/02\/ospedale-piacenza-coronavirus-1-300x174.jpg 300w, https:\/\/www.fedaiisf.it\/wp-content\/uploads\/2020\/02\/ospedale-piacenza-coronavirus-1-768x445.jpg 768w, https:\/\/www.fedaiisf.it\/wp-content\/uploads\/2020\/02\/ospedale-piacenza-coronavirus-1.jpg 1438w\" sizes=\"auto, (max-width: 407px) 100vw, 407px\" \/><\/a>per l\u2019adozione della misura di permanenza domiciliare fiduciaria con sorveglianza attiva\u201d.<\/p>\n<h3>Le Direzioni sanitarie ospedaliere \u201cdevono predisporre la <strong>limitazione dell\u2019accesso<\/strong> dei semplici visitatori alle aree di degenza, preferibilmente una persona per paziente al giorno\u201d. Anche le RSA per non autosufficienti \u201cdovranno limitare l\u2019accesso dei visitatori agli ospiti\u201d.<\/h3>\n<p>L\u2019Ordinanza \u201craccomanda fortemente che il personale sanitario si attenga alle misure di prevenzione per la diffusione delle infezioni per via respiratoria nonch\u00e8 alla rigorosa applicazione delle indicazioni per la <a href=\"https:\/\/www.fedaiisf.it\/wp-content\/uploads\/2020\/02\/Decalogo-coronavirus-Min.-Salute.jpeg\"><img loading=\"lazy\" decoding=\"async\" class=\"wp-image-47977 alignright\" src=\"https:\/\/www.fedaiisf.it\/wp-content\/uploads\/2020\/02\/Decalogo-coronavirus-Min.-Salute-844x1024.jpeg\" alt=\"\" width=\"347\" height=\"421\" srcset=\"https:\/\/www.fedaiisf.it\/wp-content\/uploads\/2020\/02\/Decalogo-coronavirus-Min.-Salute-844x1024.jpeg 844w, https:\/\/www.fedaiisf.it\/wp-content\/uploads\/2020\/02\/Decalogo-coronavirus-Min.-Salute-247x300.jpeg 247w, https:\/\/www.fedaiisf.it\/wp-content\/uploads\/2020\/02\/Decalogo-coronavirus-Min.-Salute-768x932.jpeg 768w, https:\/\/www.fedaiisf.it\/wp-content\/uploads\/2020\/02\/Decalogo-coronavirus-Min.-Salute.jpeg 850w\" sizes=\"auto, (max-width: 347px) 100vw, 347px\" \/><\/a><strong>sanificazione e disinfezione<\/strong> degli ambienti previste dalle circolari ministeriali\u201d.<\/p>\n<p>Per quanto riguarda il <strong>trasporto pubblico<\/strong>, \u201cdeve essere predisposta dagli organismi competenti la disinfezione giornaliera dei treni regionali e di tutto il trasporto pubblico locale via terra, via aere e via acqua.<\/p>\n<p>Prevista, infine, la \u201csospensione delle <strong>procedure concorsuali<\/strong> ad esclusione dei concorsi per personale sanitario\u201d.<\/p>\n<h4><strong>L\u2019ordinanza ricorda poi le misure igieniche che le persone sono chiamate a rispettare<\/strong><\/h4>\n<ol>\n<li>Lavarsi spesso le mani, a tal proposito si raccomanda di mettere a disposizione in tutti i locali pubblici, palestre, supermercati, farmacie, e altri luoghi di aggregazione soluzioni idroalcoliche per il lavaggio delle mani.<\/li>\n<li>Evitare il contatto ravvicinato con persone che soffrono di infezioni respiratorie acute<\/li>\n<li>Non toccarsi occhi, naso e bocca con le mani<\/li>\n<li>Coprirsi bocca e naso se si starnutisce o tossisce<\/li>\n<li>Non prendere farmaci antivirali n\u00e9 antibiotici, a meno che siano prescritti dal medico<\/li>\n<li>Pulire le superfici con disinfettanti a base di cloro o alcol<\/li>\n<li>Usare la mascherina solo si sospetta di essere malato o si assiste persone malate<\/li>\n<li>I prodotti Made in China e i pacchi ricevuti dalla Cina non sono pericolosi<\/li>\n<li>Contattare il Numero Verde regionale <a href=\"tel:800462340\">800462340<\/a> se hai febbre o tosse e sei tornato dalla Cina da meno di 14 giorni<\/li>\n<li>10.Gli animali da compagnia non diffondono il nuovo coronavirus<\/li>\n<\/ol>\n<\/div>\n<\/div>\n<p><a href=\"http:\/\/salute.regione.emilia-romagna.it\/notizie\/il-fatto\/aggiornamento-coronavirus-da-domani-e-fino-al-1-marzo-in-emilia-romagna-sospensione-dellattivita-di-tutte-le-scuole-di-ogni-ordine-e-grado-asili-nido-universita-musei-manifestazioni-ed-eventi-procedure-concorsuali-ordinanza-del-presidente-bonaccini-e-del\" target=\"_blank\" rel=\"noopener noreferrer\">Giunta Regionale \u2013 Agenzia di informazione e comunicazione\u00a0Prot. N. 66\/2020\u00a0Data 23\/02\/2020<\/a><\/p>\n<p>Il testo. <a href=\"https:\/\/www.regione.emilia-romagna.it\/notizie\/primo-piano\/sospesa-attivita-scuole-nidi-e-manifestazioni-tutte-le-misure-adottate-contro-il-coronavirus\/ordinanza-n-1-2020-covid-19.pdf\" target=\"_blank\" rel=\"noopener noreferrer\">Misure urgenti in materia di contenimento e di gestione dell&#8217;emergenza epidemiologica da COVID-19<\/a><\/p>\n<hr \/>\n<blockquote>\n<h3>Note: <span style=\"color: #ff0000;\">ci comunicano che alcune aziende farmaceutiche hanno sospeso l&#8217;attivit\u00e0 degli Informatori Scientifici del Farmaco in Lombardia, Veneto e Emilia Romagna per tutta la settimana<\/span><\/h3>\n<\/blockquote>\n<p>&nbsp;<\/p>","protected":false},"excerpt":{"rendered":"<p>Aggiornamento Coronavirus: da domani, e fino al 1^ marzo, in Emilia-Romagna sospensione dell&#8217;attivit\u00e0 di tutte le scuole di ogni ordine e grado, asili nido, Universit\u00e0, musei, manifestazioni ed eventi, procedure concorsuali. Ordinanza del presidente Bonaccini e del ministro Speranza Bologna \u2013 Sospensione delle attivit\u00e0 delle scuole di ogni ordine e grado, asili nido, Universit\u00e0, di &hellip;<\/p>","protected":false},"author":4,"featured_media":48004,"comment_status":"closed","ping_status":"closed","sticky":false,"template":"","format":"standard","meta":{"footnotes":""},"categories":[16],"tags":[],"class_list":["post-48012","post","type-post","status-publish","format-standard","has-post-thumbnail","hentry","category-primo-piano"],"amp_enabled":true,"_links":{"self":[{"href":"https:\/\/www.fedaiisf.it\/en\/wp-json\/wp\/v2\/posts\/48012","targetHints":{"allow":["GET"]}}],"collection":[{"href":"https:\/\/www.fedaiisf.it\/en\/wp-json\/wp\/v2\/posts"}],"about":[{"href":"https:\/\/www.fedaiisf.it\/en\/wp-json\/wp\/v2\/types\/post"}],"author":[{"embeddable":true,"href":"https:\/\/www.fedaiisf.it\/en\/wp-json\/wp\/v2\/users\/4"}],"replies":[{"embeddable":true,"href":"https:\/\/www.fedaiisf.it\/en\/wp-json\/wp\/v2\/comments?post=48012"}],"version-history":[{"count":0,"href":"https:\/\/www.fedaiisf.it\/en\/wp-json\/wp\/v2\/posts\/48012\/revisions"}],"wp:featuredmedia":[{"embeddable":true,"href":"https:\/\/www.fedaiisf.it\/en\/wp-json\/wp\/v2\/media\/48004"}],"wp:attachment":[{"href":"https:\/\/www.fedaiisf.it\/en\/wp-json\/wp\/v2\/media?parent=48012"}],"wp:term":[{"taxonomy":"category","embeddable":true,"href":"https:\/\/www.fedaiisf.it\/en\/wp-json\/wp\/v2\/categories?post=48012"},{"taxonomy":"post_tag","embeddable":true,"href":"https:\/\/www.fedaiisf.it\/en\/wp-json\/wp\/v2\/tags?post=48012"}],"curies":[{"name":"wp","href":"https:\/\/api.w.org\/{rel}","templated":true}]}}