{"id":48041,"date":"2020-02-24T15:37:14","date_gmt":"2020-02-24T14:37:14","guid":{"rendered":"https:\/\/www.fedaiisf.it\/?p=48041"},"modified":"2020-02-24T15:56:57","modified_gmt":"2020-02-24T14:56:57","slug":"da-fonti-accreditate-la-regione-emilia-romagna-chiede-a-farmindustria-di-sospendere-lattivita-isf","status":"publish","type":"post","link":"https:\/\/www.fedaiisf.it\/en\/da-fonti-accreditate-la-regione-emilia-romagna-chiede-a-farmindustria-di-sospendere-lattivita-isf\/","title":{"rendered":"Coronavirus. Da fonti accreditate. La Regione Emilia Romagna chiede a Farmindustria di sospendere l&#8217;attivit\u00e0 ISF"},"content":{"rendered":"<p><span style=\"color: #000000;\">Fonti accreditate ci riferiscono che la Regione Emilia Romagna, Servizio Assistenza Territoriale, ha chiesto a Farmindustria collaborazione per valutare l&#8217;<strong>opportunit\u00e0 di limitare l&#8217;attivit\u00e0 di informazione <a href=\"https:\/\/www.fedaiisf.it\/wp-content\/uploads\/2020\/02\/Bonaccini-Emilia-Romagna.jpg\"><img loading=\"lazy\" decoding=\"async\" class=\"wp-image-48005 alignright\" src=\"https:\/\/www.fedaiisf.it\/wp-content\/uploads\/2020\/02\/Bonaccini-Emilia-Romagna.jpg\" alt=\"\" width=\"219\" height=\"146\" srcset=\"https:\/\/www.fedaiisf.it\/wp-content\/uploads\/2020\/02\/Bonaccini-Emilia-Romagna.jpg 600w, https:\/\/www.fedaiisf.it\/wp-content\/uploads\/2020\/02\/Bonaccini-Emilia-Romagna-300x200.jpg 300w, https:\/\/www.fedaiisf.it\/wp-content\/uploads\/2020\/02\/Bonaccini-Emilia-Romagna-274x183.jpg 274w, https:\/\/www.fedaiisf.it\/wp-content\/uploads\/2020\/02\/Bonaccini-Emilia-Romagna-364x245.jpg 364w, https:\/\/www.fedaiisf.it\/wp-content\/uploads\/2020\/02\/Bonaccini-Emilia-Romagna-80x54.jpg 80w, https:\/\/www.fedaiisf.it\/wp-content\/uploads\/2020\/02\/Bonaccini-Emilia-Romagna-130x87.jpg 130w, https:\/\/www.fedaiisf.it\/wp-content\/uploads\/2020\/02\/Bonaccini-Emilia-Romagna-359x240.jpg 359w, https:\/\/www.fedaiisf.it\/wp-content\/uploads\/2020\/02\/Bonaccini-Emilia-Romagna-85x57.jpg 85w, https:\/\/www.fedaiisf.it\/wp-content\/uploads\/2020\/02\/Bonaccini-Emilia-Romagna-546x365.jpg 546w, https:\/\/www.fedaiisf.it\/wp-content\/uploads\/2020\/02\/Bonaccini-Emilia-Romagna-266x179.jpg 266w, https:\/\/www.fedaiisf.it\/wp-content\/uploads\/2020\/02\/Bonaccini-Emilia-Romagna-165x109.jpg 165w, https:\/\/www.fedaiisf.it\/wp-content\/uploads\/2020\/02\/Bonaccini-Emilia-Romagna-347x233.jpg 347w, https:\/\/www.fedaiisf.it\/wp-content\/uploads\/2020\/02\/Bonaccini-Emilia-Romagna-112x75.jpg 112w, https:\/\/www.fedaiisf.it\/wp-content\/uploads\/2020\/02\/Bonaccini-Emilia-Romagna-179x120.jpg 179w, https:\/\/www.fedaiisf.it\/wp-content\/uploads\/2020\/02\/Bonaccini-Emilia-Romagna-170x113.jpg 170w, https:\/\/www.fedaiisf.it\/wp-content\/uploads\/2020\/02\/Bonaccini-Emilia-Romagna-81x55.jpg 81w, https:\/\/www.fedaiisf.it\/wp-content\/uploads\/2020\/02\/Bonaccini-Emilia-Romagna-765x510.jpg 765w\" sizes=\"auto, (max-width: 219px) 100vw, 219px\" \/><\/a>scientifica che non rivestono carattere<\/strong> d&#8217;urgenza presso le strutture del Servizio Sanitario Regionale e presso gli ambulatori di medicina generale e gli ambulatori dei pediatri di libera scelta.<\/span><\/p>\n<p><span style=\"color: #000000;\">La motivazione, oltre a quella prevista dall&#8217;Ordinanza che limita l&#8217;accesso nelle aree di assistenza, \u00e8 in relazione al prevedibile ed inevitabile aumento delle attivit\u00e0 di cura e informazione cui saranno sottoposti tutti i professionisti sanitari del SSR e che ha gi\u00e0 portato alla sospensione di tutte le principali attivit\u00e0 di formazione interne ed esterne.<\/span><\/p>\n<p><span style=\"color: #000000;\">Ci giunge anche il comunicato dei sindacati in cui osservano\u00a0che <strong>l&#8217;attivit\u00e0 degli informatori scientifici del farmaco presso le strutture ospedaliere e negli studi medici si presenta oltremodo <a href=\"https:\/\/www.fedaiisf.it\/wp-content\/uploads\/2014\/09\/sindacati.jpg\"><img loading=\"lazy\" decoding=\"async\" class=\"wp-image-3542 alignleft\" src=\"https:\/\/www.fedaiisf.it\/wp-content\/uploads\/2014\/09\/sindacati.jpg\" alt=\"\" width=\"290\" height=\"105\" srcset=\"https:\/\/www.fedaiisf.it\/wp-content\/uploads\/2014\/09\/sindacati.jpg 559w, https:\/\/www.fedaiisf.it\/wp-content\/uploads\/2014\/09\/sindacati-300x108.jpg 300w\" sizes=\"auto, (max-width: 290px) 100vw, 290px\" \/><\/a>difficile se non a tratti impossibili, su tutto il territorio nazionale.<\/strong><\/span><\/p>\n<p><span style=\"color: #000000;\">Pertanto, prendendo atto che diverse aziende farmaceutiche in queste ore hanno diffuso indicazioni ai propri dipendenti rispetto allo svolgimento della loro attivit\u00e0, le Segreterie nazionali di FILCTEM \u2013 CGIL, FEMCA \u2013 CISL e UILTEC &#8211; UIL chiedono che ci possa essere un <strong>orientamento univoco ed omogeneo a tutte le societ\u00e0 del settore, con l&#8217;attenzione dovuta all&#8217;evolversi della situazione<\/strong>, e sfruttando al massimo tutte le opportunit\u00e0 offerte dagli strumenti informatici e digitali a loro disposizione, in tutte le aree del Paese, a partire dalle Regioni particolarmente colpite per salvaguardare la salute dei propri dipendenti e dei cittadini tutti.<\/span><\/p>","protected":false},"excerpt":{"rendered":"<p>Fonti accreditate ci riferiscono che la Regione Emilia Romagna, Servizio Assistenza Territoriale, ha chiesto a Farmindustria collaborazione per valutare l&#8217;opportunit\u00e0 di limitare l&#8217;attivit\u00e0 di informazione scientifica che non rivestono carattere d&#8217;urgenza presso le strutture del Servizio Sanitario Regionale e presso gli ambulatori di medicina generale e gli ambulatori dei pediatri di libera scelta. La motivazione, &hellip;<\/p>","protected":false},"author":4,"featured_media":27185,"comment_status":"closed","ping_status":"closed","sticky":false,"template":"","format":"standard","meta":{"footnotes":""},"categories":[1],"tags":[],"class_list":["post-48041","post","type-post","status-publish","format-standard","has-post-thumbnail","hentry","category-notizie"],"amp_enabled":true,"_links":{"self":[{"href":"https:\/\/www.fedaiisf.it\/en\/wp-json\/wp\/v2\/posts\/48041","targetHints":{"allow":["GET"]}}],"collection":[{"href":"https:\/\/www.fedaiisf.it\/en\/wp-json\/wp\/v2\/posts"}],"about":[{"href":"https:\/\/www.fedaiisf.it\/en\/wp-json\/wp\/v2\/types\/post"}],"author":[{"embeddable":true,"href":"https:\/\/www.fedaiisf.it\/en\/wp-json\/wp\/v2\/users\/4"}],"replies":[{"embeddable":true,"href":"https:\/\/www.fedaiisf.it\/en\/wp-json\/wp\/v2\/comments?post=48041"}],"version-history":[{"count":0,"href":"https:\/\/www.fedaiisf.it\/en\/wp-json\/wp\/v2\/posts\/48041\/revisions"}],"wp:featuredmedia":[{"embeddable":true,"href":"https:\/\/www.fedaiisf.it\/en\/wp-json\/wp\/v2\/media\/27185"}],"wp:attachment":[{"href":"https:\/\/www.fedaiisf.it\/en\/wp-json\/wp\/v2\/media?parent=48041"}],"wp:term":[{"taxonomy":"category","embeddable":true,"href":"https:\/\/www.fedaiisf.it\/en\/wp-json\/wp\/v2\/categories?post=48041"},{"taxonomy":"post_tag","embeddable":true,"href":"https:\/\/www.fedaiisf.it\/en\/wp-json\/wp\/v2\/tags?post=48041"}],"curies":[{"name":"wp","href":"https:\/\/api.w.org\/{rel}","templated":true}]}}