{"id":48149,"date":"2020-02-28T08:08:10","date_gmt":"2020-02-28T07:08:10","guid":{"rendered":"https:\/\/www.fedaiisf.it\/?p=48149"},"modified":"2020-02-28T13:24:33","modified_gmt":"2020-02-28T12:24:33","slug":"la-storia-di-oronzio-de-nora-linventore-dellamuchina","status":"publish","type":"post","link":"https:\/\/www.fedaiisf.it\/en\/la-storia-di-oronzio-de-nora-linventore-dellamuchina\/","title":{"rendered":"The story of Oronzio de Nora, the inventor of the amuchina"},"content":{"rendered":"<header class=\"middle-img\">\n<p class=\"summary\">Mentre il Coronavirus impazza, l\u2019Amuchina \u00e8 diventato uno dei prodotti pi\u00f9 ricercati, introvabile se non a prezzi esorbitanti. Ma qualcuno conosce la storia di questo gel trasparente venuto alla ribalta solo adesso?<\/p>\n<p><a href=\"https:\/\/www.fedaiisf.it\/wp-content\/uploads\/2020\/02\/amuchina.jpg\"><img loading=\"lazy\" decoding=\"async\" class=\"size-full wp-image-48157 alignleft\" src=\"https:\/\/www.fedaiisf.it\/wp-content\/uploads\/2020\/02\/amuchina.jpg\" alt=\"\" width=\"275\" height=\"183\" srcset=\"https:\/\/www.fedaiisf.it\/wp-content\/uploads\/2020\/02\/amuchina.jpg 275w, https:\/\/www.fedaiisf.it\/wp-content\/uploads\/2020\/02\/amuchina-274x183.jpg 274w, https:\/\/www.fedaiisf.it\/wp-content\/uploads\/2020\/02\/amuchina-80x54.jpg 80w, https:\/\/www.fedaiisf.it\/wp-content\/uploads\/2020\/02\/amuchina-130x87.jpg 130w, https:\/\/www.fedaiisf.it\/wp-content\/uploads\/2020\/02\/amuchina-359x240.jpg 359w, https:\/\/www.fedaiisf.it\/wp-content\/uploads\/2020\/02\/amuchina-85x57.jpg 85w, https:\/\/www.fedaiisf.it\/wp-content\/uploads\/2020\/02\/amuchina-546x365.jpg 546w, https:\/\/www.fedaiisf.it\/wp-content\/uploads\/2020\/02\/amuchina-165x109.jpg 165w, https:\/\/www.fedaiisf.it\/wp-content\/uploads\/2020\/02\/amuchina-112x75.jpg 112w, https:\/\/www.fedaiisf.it\/wp-content\/uploads\/2020\/02\/amuchina-179x120.jpg 179w, https:\/\/www.fedaiisf.it\/wp-content\/uploads\/2020\/02\/amuchina-170x113.jpg 170w, https:\/\/www.fedaiisf.it\/wp-content\/uploads\/2020\/02\/amuchina-81x55.jpg 81w, https:\/\/www.fedaiisf.it\/wp-content\/uploads\/2020\/02\/amuchina-765x510.jpg 765w\" sizes=\"auto, (max-width: 275px) 100vw, 275px\" \/><\/a>L\u2019inventore dell\u2019Amuchina \u00e8 <strong>Oronzio De Nora<\/strong>, un ingegnere pugliese nato ad Altamura alla fine dell\u2019800; brevett\u00f2 il prodotto in Germania cedendo poi il marchio, che oggi \u00e8 di propriet\u00e0 di Angelini Pharma.<\/p>\n<p>In questi giorni \u00e8 emersa la sua storia, raccontata sulla Gazzetta del Mezzogiorno dal giornalista Onofrio Bruno. De Nora (1899-1995) \u00e8 stato un rivoluzionario ingegnere elettrotecnico, visionario nelle applicazioni della chimica nell\u2019industria. L\u2019azienda, fondata a Milano nel 1923, esiste ancora e si occupa delle tecnologie sostenibili, del risparmio energetico e del trattamento delle acque.<\/p>\n<\/header>\n<div class=\"social-content\">\n<div class=\"body-text\">\n<p>Durante gli anni universitari al Politecnico di Milano, furono gli stessi docenti a spronare la sua ricerca sul cloro e la soda caustica e fu cos\u00ec che, poco pi\u00f9 che ventenne, deposit\u00f2 il famoso brevetto per la produzione di <strong>ipoclorito di sodio<\/strong>\u00a0catalogato con il numero 1811. Cos\u00ec nacque l\u2019Amuchina.<\/p>\n<p><a href=\"https:\/\/www.fedaiisf.it\/wp-content\/uploads\/2020\/02\/Amuchina-storia.jpeg\"><img loading=\"lazy\" decoding=\"async\" class=\" wp-image-48155 alignright\" src=\"https:\/\/www.fedaiisf.it\/wp-content\/uploads\/2020\/02\/Amuchina-storia.jpeg\" alt=\"\" width=\"343\" height=\"220\" srcset=\"https:\/\/www.fedaiisf.it\/wp-content\/uploads\/2020\/02\/Amuchina-storia.jpeg 483w, https:\/\/www.fedaiisf.it\/wp-content\/uploads\/2020\/02\/Amuchina-storia-300x193.jpeg 300w, https:\/\/www.fedaiisf.it\/wp-content\/uploads\/2020\/02\/Amuchina-storia-179x116.jpeg 179w\" sizes=\"auto, (max-width: 343px) 100vw, 343px\" \/><\/a>Oronzio De Nora fu un innovatore, le sue scoperte scientifiche facilitavano gli impianti che utilizzavano i processi cloro-soda nei trattamenti di depurazione delle acque e gli anodi per l\u2019industria farmaceutica.<br \/>\nIl salto di qualit\u00e0 risale al 1969, quando brevett\u00f2 la tecnologia Dsa, diventata uno standard nell\u2019industria chimica. Prima azienda italiana ad entrare nel mercato giapponese, annovera fra i clienti grandi nomi come Bayer e Solvay, fino a diventare fornitore ufficiale di Apple per l\u2019elettronica.Oggi il gruppo \u00e8 nelle mani dei<br \/>\nnipoti, conta pi\u00f9 di 1.500 dipendenti e ben nove sedi. Nonostante il cognome di Oronzio sia strettamente legato a Milano, la traccia De Nora si pu\u00f2 ancora trovare ad Altamura nel nome di suo padre Michele (ingegnere civile) al quale \u00e8 intitolata una scuola di istruzione superiore. [Scritto da <a href=\"https:\/\/www.consulpress.eu\/author\/sveva\/\" target=\"_blank\" rel=\"noopener noreferrer\">Sveva Marchetti<\/a> il <a href=\"https:\/\/www.consulpress.eu\/amuchina-la-storia-del-suo-inventore-oronzio-de-nora\/\" target=\"_blank\" rel=\"noopener noreferrer\"><time datetime=\"2020-02-28T12:04:12+01:00\">28\/02\/2020 &#8211; ConsulPress<\/time><\/a>]\n<p>L&#8217;ipoclorito di sodio\u00a0\u00e8 il sale di\u00a0sodio\u00a0dell&#8217;acido ipocloroso. La sua\u00a0formula chimica\u00a0\u00e8 NaClO.<\/p>\n<p>Diluito variabilmente dall&#8217;1% al 25% circa in\u00a0soluzione acquosa, di colore giallo-paglierino e dal caratteristico odore penetrante, \u00e8 noto nell&#8217;uso comune come sbiancante e disinfettante, con i seguenti nomi:<\/p>\n<\/div>\n<\/div>\n<ul>\n<li><strong>candeggina<\/strong>, dal verbo\u00a0<em>candeggiare<\/em>, che significa\u00a0<em>rendere candido, bianco<\/em>, usata per detergere, disinfettare sanitari e pavimenti, smacchiare, sbiancare o\u00a0decolorare\u00a0tessuti e capi di\u00a0abbigliamento\u00a0non colorati.<\/li>\n<li><strong>varichina<\/strong>,\u00a0<strong>varechina<\/strong>,\u00a0<strong>varachina<\/strong>o\u00a0<strong>varecchina<\/strong>, dal francese\u00a0<em>varech<\/em>, alga da cui si ricavava la\u00a0soda.<\/li>\n<li><strong>Amuchina<\/strong>(nome commerciale di\u00a0Angelini) in soluzione pi\u00f9 diluita, viene usata come disinfettante alimentare.<\/li>\n<li><strong>nettorina\u00a0<\/strong>o\u00a0<strong>nitorina<\/strong>, usato soprattutto nel nord-Italia, specialmente in\u00a0Romagna, il cui significato \u00e8\u00a0<em>rendere splendente<\/em>, cio\u00e8 nitido, limpido, pulito, bianco.<\/li>\n<li><strong>acquetta<\/strong>o\u00a0<strong>acquina<\/strong>, usato soprattutto in Toscana.<\/li>\n<li><strong>neveina<\/strong>o\u00a0<strong>niveina<\/strong>, usato al centro e sud\u00a0Italia, e che significa, appunto, rendere bianco come la\u00a0<a href=\"https:\/\/it.wikipedia.org\/wiki\/Neve\" target=\"_blank\" rel=\"noopener\">neve<\/a>.<\/li>\n<li><strong>conegrina<\/strong>, di etimologia incerta e di uso piemontese-lombardo.<\/li>\n<li><strong>acqua di Labarraque<\/strong>, dal chimico francese che la studi\u00f2,\u00a0Antoine Germain Labarraque\u00a0(1777-1850).<\/li>\n<li><strong>acqua di Javel\u00a0<\/strong>(dal francese\u00a0<em>eau de Javel<\/em>).<\/li>\n<\/ul>\n<p>Per la sua azione\u00a0ossidante, oltre che esser utilizzato come sbiancante e disinfettante, l&#8217;ipoclorito di sodio \u00e8 uno\u00a0sporicida, un\u00a0fungicida\u00a0e un\u00a0virucida.<\/p>\n<p>Viene anche utilizzato, titolato in cloro attivo al 5% e spesso riscaldato, come principale irrigante endocanalare in\u00a0endodonzia\u00a0(branca dell&#8217;odontoiatria).<\/p>\n<p>Una soluzione di ipoclorito di sodio, a varie titolazioni, \u00e8 usata per la\u00a0disinfezione\u00a0e pulizia degli apparecchi per\u00a0emodialisi.<\/p>\n<hr \/>\n<p><a href=\"https:\/\/www.fedaiisf.it\/wp-content\/uploads\/2020\/02\/Amuchina-Angelini.jpeg\"><img loading=\"lazy\" decoding=\"async\" class=\"alignnone size-full wp-image-48153\" src=\"https:\/\/www.fedaiisf.it\/wp-content\/uploads\/2020\/02\/Amuchina-Angelini.jpeg\" alt=\"\" width=\"793\" height=\"716\" srcset=\"https:\/\/www.fedaiisf.it\/wp-content\/uploads\/2020\/02\/Amuchina-Angelini.jpeg 793w, https:\/\/www.fedaiisf.it\/wp-content\/uploads\/2020\/02\/Amuchina-Angelini-300x271.jpeg 300w, https:\/\/www.fedaiisf.it\/wp-content\/uploads\/2020\/02\/Amuchina-Angelini-768x693.jpeg 768w\" sizes=\"auto, (max-width: 793px) 100vw, 793px\" \/><\/a><\/p>\n","protected":false},"excerpt":{"rendered":"<p>Mentre il Coronavirus impazza, l\u2019Amuchina \u00e8 diventato uno dei prodotti pi\u00f9 ricercati, introvabile se non a prezzi esorbitanti. Ma qualcuno conosce la storia di questo gel trasparente venuto alla ribalta solo adesso? L\u2019inventore dell\u2019Amuchina \u00e8 Oronzio De Nora, un ingegnere pugliese nato ad Altamura alla fine dell\u2019800; brevett\u00f2 il prodotto in Germania cedendo poi il &hellip;<\/p>","protected":false},"author":4,"featured_media":48158,"comment_status":"closed","ping_status":"closed","sticky":false,"template":"","format":"standard","meta":{"footnotes":""},"categories":[1],"tags":[],"class_list":["post-48149","post","type-post","status-publish","format-standard","has-post-thumbnail","hentry","category-notizie"],"amp_enabled":true,"_links":{"self":[{"href":"https:\/\/www.fedaiisf.it\/en\/wp-json\/wp\/v2\/posts\/48149","targetHints":{"allow":["GET"]}}],"collection":[{"href":"https:\/\/www.fedaiisf.it\/en\/wp-json\/wp\/v2\/posts"}],"about":[{"href":"https:\/\/www.fedaiisf.it\/en\/wp-json\/wp\/v2\/types\/post"}],"author":[{"embeddable":true,"href":"https:\/\/www.fedaiisf.it\/en\/wp-json\/wp\/v2\/users\/4"}],"replies":[{"embeddable":true,"href":"https:\/\/www.fedaiisf.it\/en\/wp-json\/wp\/v2\/comments?post=48149"}],"version-history":[{"count":0,"href":"https:\/\/www.fedaiisf.it\/en\/wp-json\/wp\/v2\/posts\/48149\/revisions"}],"wp:featuredmedia":[{"embeddable":true,"href":"https:\/\/www.fedaiisf.it\/en\/wp-json\/wp\/v2\/media\/48158"}],"wp:attachment":[{"href":"https:\/\/www.fedaiisf.it\/en\/wp-json\/wp\/v2\/media?parent=48149"}],"wp:term":[{"taxonomy":"category","embeddable":true,"href":"https:\/\/www.fedaiisf.it\/en\/wp-json\/wp\/v2\/categories?post=48149"},{"taxonomy":"post_tag","embeddable":true,"href":"https:\/\/www.fedaiisf.it\/en\/wp-json\/wp\/v2\/tags?post=48149"}],"curies":[{"name":"wp","href":"https:\/\/api.w.org\/{rel}","templated":true}]}}