{"id":48168,"date":"2020-02-29T13:26:53","date_gmt":"2020-02-29T12:26:53","guid":{"rendered":"https:\/\/www.fedaiisf.it\/?p=48168"},"modified":"2020-02-29T13:26:53","modified_gmt":"2020-02-29T12:26:53","slug":"fimmg-insieme-senza-paura-keep-calm-rendiamo-virale-il-buon-senso","status":"publish","type":"post","link":"https:\/\/www.fedaiisf.it\/en\/fimmg-insieme-senza-paura-keep-calm-rendiamo-virale-il-buon-senso\/","title":{"rendered":"Fimmg. Together without fear, keep calm&quot;, let&#039;s make common sense &quot;viral&quot;."},"content":{"rendered":"<h2>Al via la campagna social di FIMMG e Cittadinanzattiva<\/h2>\n<p>\u201cKeep calm\u201d. \u00c8 questo l\u2019invito che FIMMG e Cittadinanzattiva rivolgono a tutti i cittadini\/pazienti con una campagna social che si prospetta pi\u00f9 virale del COVID-19. Messaggi lanciati tramite slogan e immagini che parlano chiaro. \u00abKeep calm and evita luoghi affollati\u00bb \u00e8 ad esempio una delle esortazioni che puntano a riportare la giusta serenit\u00e0 al cospetto di un\u2019emergenza che, se non deve essere sottovalutata, non deve neppure diventare psicosi.<\/p>\n<p><a href=\"https:\/\/www.fedaiisf.it\/wp-content\/uploads\/2020\/02\/Fimmg_keep_kalm_Insieme_senza_paura_1.jpg\"><img loading=\"lazy\" decoding=\"async\" class=\"wp-image-48171 alignright\" src=\"https:\/\/www.fedaiisf.it\/wp-content\/uploads\/2020\/02\/Fimmg_keep_kalm_Insieme_senza_paura_1.jpg\" alt=\"\" width=\"302\" height=\"512\" srcset=\"https:\/\/www.fedaiisf.it\/wp-content\/uploads\/2020\/02\/Fimmg_keep_kalm_Insieme_senza_paura_1.jpg 354w, https:\/\/www.fedaiisf.it\/wp-content\/uploads\/2020\/02\/Fimmg_keep_kalm_Insieme_senza_paura_1-177x300.jpg 177w\" sizes=\"auto, (max-width: 302px) 100vw, 302px\" \/><\/a>L\u2019invito di FIMMG e Cittadinanzattiva \u00e8 chiaramente espresso nei manifesti che contengono lo slogan della campagna \u00abInsieme, senza paura. Il coronavirus \u00e8 un nemico debole se lo combattiamo uniti, medici di famiglia e cittadini\u00bb. Nell\u2019immagine proposta da FIMMG e Cittadinanzattiva una donna mantiene davanti al volto una mascherina con i colori della bandiera italiana, a voler simboleggiare che la risposta non pu\u00f2 arrivare da singoli comparti o segmenti della societ\u00e0 civile, ma dal Paese nel suo insieme e insieme prova ad educare i pazienti ad usare la mascherina solo se si hanno affezioni respiratorie e in quel caso levandola e usandola come bandiera di un Paese che combatte e non si piega alla paura irrazionale.<\/p>\n<p>\u00abCombattiamo il virus &#8211; sottolinea il segretario generale FIMMG Silvestro Scotti &#8211; anche tramite il web e negli spazi sociali come le nostre sale d\u2019attesa. Lanciamo una campagna che gli italiani ci devono aiutare a rendere virale quanto e pi\u00f9 del COVID-19: i social network sono strumenti preziosi se utilizzati nel modo corretto.<\/p>\n<p>Diciamo che questa campagna \u00e8 una parte importante di una controffensiva che FIMMG, in questo caso con Cittadinanziattiva, sta portando avanti sin dal primo momento. Il timore \u00e8 comprensibile e anche utile, il panico o la psicosi no. Per queste il nostro \u00e8 un invito alla calma e all\u2019unit\u00e0. Il nostro Sistema sanitario e il nostro Paese stanno affrontando l\u2019emergenza in maniera seria e proporzionata.<\/p>\n<p>Le decisioni che vengono prese, anche quelle che possono sembrare drastiche, non devono per\u00f2 essere ragione di allarme sociale. Medici e cittadini, uniti, possono tenere testa a questa emergenza\u00bb. Sulla stessa <a href=\"https:\/\/www.fedaiisf.it\/wp-content\/uploads\/2020\/02\/attilio-fontana-coronavirus.jpg\"><img loading=\"lazy\" decoding=\"async\" class=\"size-full wp-image-48175 alignleft\" src=\"https:\/\/www.fedaiisf.it\/wp-content\/uploads\/2020\/02\/attilio-fontana-coronavirus.jpg\" alt=\"\" width=\"290\" height=\"290\" srcset=\"https:\/\/www.fedaiisf.it\/wp-content\/uploads\/2020\/02\/attilio-fontana-coronavirus.jpg 290w, https:\/\/www.fedaiisf.it\/wp-content\/uploads\/2020\/02\/attilio-fontana-coronavirus-150x150.jpg 150w, https:\/\/www.fedaiisf.it\/wp-content\/uploads\/2020\/02\/attilio-fontana-coronavirus-36x36.jpg 36w\" sizes=\"auto, (max-width: 290px) 100vw, 290px\" \/><\/a>linea anche Antonio Gaudioso, segretario generale di Cittadinanzattiva, che dice: \u00abAbbiamo deciso di sostenere questa campagna non solo perch\u00e9 in un momento come questo \u00e8 fondamentale che ognuno faccia la propria parte, per evitare approcci allarmistici e aiutare i cittadini a distinguere tra false notizie e azioni da intraprendere, ma perch\u00e9 pensiamo che in questo contesto l\u2019asse tra cittadini e medici di famiglia sia essenziale.<\/p>\n<p>La bandiera &#8211; aggiunge Gaudioso &#8211; \u00e8 il simbolo di una battaglia che deve essere affrontata da tutto il Paese unitamente, perch\u00e9 non possono esserci divisioni tra istituzioni, professioni, politica, amministrazioni e cittadini. Non \u00e8 l\u2019ora degli egoismi, ma quella in cui tutti insieme dobbiamo dare il meglio di noi per superare questa fase. FIMMG e Cittadinanzattiva sono stati e sono compagni di strada in tante battaglie, non potevano non esserlo a maggior ragione in questo momento\u00bb.<\/p>\n<p><a href=\"http:\/\/www.fimmg.org\/index.php?action=pages&amp;m=view&amp;p=43&amp;art=3831\" target=\"_blank\" rel=\"noopener noreferrer\">Fimmg &#8211; 29 febbraio 2020<\/a><\/p>\n<p>Related news: <a href=\"https:\/\/www.cittadinanzattiva.it\/files\/approfondimenti\/salute\/coronavirus\/locandina_FEDERFARMA.pdf\" target=\"_blank\" rel=\"noopener noreferrer\">Locandina Federfarma<\/a><\/p>","protected":false},"excerpt":{"rendered":"<p>Al via la campagna social di FIMMG e Cittadinanzattiva \u201cKeep calm\u201d. \u00c8 questo l\u2019invito che FIMMG e Cittadinanzattiva rivolgono a tutti i cittadini\/pazienti con una campagna social che si prospetta pi\u00f9 virale del COVID-19. Messaggi lanciati tramite slogan e immagini che parlano chiaro. \u00abKeep calm and evita luoghi affollati\u00bb \u00e8 ad esempio una delle esortazioni &hellip;<\/p>","protected":false},"author":4,"featured_media":48172,"comment_status":"closed","ping_status":"closed","sticky":false,"template":"","format":"standard","meta":{"footnotes":""},"categories":[1],"tags":[],"class_list":["post-48168","post","type-post","status-publish","format-standard","has-post-thumbnail","hentry","category-notizie"],"amp_enabled":true,"_links":{"self":[{"href":"https:\/\/www.fedaiisf.it\/en\/wp-json\/wp\/v2\/posts\/48168","targetHints":{"allow":["GET"]}}],"collection":[{"href":"https:\/\/www.fedaiisf.it\/en\/wp-json\/wp\/v2\/posts"}],"about":[{"href":"https:\/\/www.fedaiisf.it\/en\/wp-json\/wp\/v2\/types\/post"}],"author":[{"embeddable":true,"href":"https:\/\/www.fedaiisf.it\/en\/wp-json\/wp\/v2\/users\/4"}],"replies":[{"embeddable":true,"href":"https:\/\/www.fedaiisf.it\/en\/wp-json\/wp\/v2\/comments?post=48168"}],"version-history":[{"count":0,"href":"https:\/\/www.fedaiisf.it\/en\/wp-json\/wp\/v2\/posts\/48168\/revisions"}],"wp:featuredmedia":[{"embeddable":true,"href":"https:\/\/www.fedaiisf.it\/en\/wp-json\/wp\/v2\/media\/48172"}],"wp:attachment":[{"href":"https:\/\/www.fedaiisf.it\/en\/wp-json\/wp\/v2\/media?parent=48168"}],"wp:term":[{"taxonomy":"category","embeddable":true,"href":"https:\/\/www.fedaiisf.it\/en\/wp-json\/wp\/v2\/categories?post=48168"},{"taxonomy":"post_tag","embeddable":true,"href":"https:\/\/www.fedaiisf.it\/en\/wp-json\/wp\/v2\/tags?post=48168"}],"curies":[{"name":"wp","href":"https:\/\/api.w.org\/{rel}","templated":true}]}}