{"id":48300,"date":"2020-03-05T13:37:39","date_gmt":"2020-03-05T12:37:39","guid":{"rendered":"https:\/\/www.fedaiisf.it\/?p=48300"},"modified":"2020-03-05T13:39:16","modified_gmt":"2020-03-05T12:39:16","slug":"coronavirus-taranto-gianni-azzaro-tutelare-gli-informatori-scientifici-dal-coronavirus","status":"publish","type":"post","link":"https:\/\/www.fedaiisf.it\/en\/coronavirus-taranto-gianni-azzaro-tutelare-gli-informatori-scientifici-dal-coronavirus\/","title":{"rendered":"Coronavirus. Tarentum. Gianni Azzaro: &quot;Protect sales reps from the coronavirus&quot;"},"content":{"rendered":"<h1 class=\"jeg_post_title\">\u201cTUTELARE GLI INFORMATORI SCIENTIFICI DAL CORONAVIRUS\u201d<\/h1>\n<p><a href=\"https:\/\/www.tarantinitime.it\/2020\/03\/05\/gianni-azzaro-pd-tutelare-gli-informatori-scientifici-dal-coronavirus\/\" target=\"_blank\" rel=\"noopener noreferrer\">Tarantini Time &#8211; 5 marzo 2020<\/a><\/p>\n<p><span style=\"color: #000000;\">\u00abQuando c\u2019\u00e8 un\u2019emergenza non ci si pu\u00f2 dimenticare di nessuno. Questo, in linea generale. In realt\u00e0, invece, <strong>la comunit\u00e0 e le istituzioni sembrano paradossalmente ignorare proprio chi \u00e8 potenzialmente maggiormente esposto al rischio del contagio da coronavirus. Mi riferisco agli informatori scientifici<\/strong>\u00bb. Lo afferma, in una nota inviata alla stampa, il consigliere provinciale e comunale del Pd, Gianni Azzaro.<\/span><\/p>\n<p><span style=\"color: #000000;\">L\u2019esponente del Partito democratico, infatti, si rivolge al ministro della Salute, Roberto <a href=\"https:\/\/www.fedaiisf.it\/wp-content\/uploads\/2020\/03\/Gianni-Azzaro-696x420-Taranto-PD.jpg\"><img loading=\"lazy\" decoding=\"async\" class=\"wp-image-48302 alignright\" src=\"https:\/\/www.fedaiisf.it\/wp-content\/uploads\/2020\/03\/Gianni-Azzaro-696x420-Taranto-PD.jpg\" alt=\"\" width=\"333\" height=\"201\" srcset=\"https:\/\/www.fedaiisf.it\/wp-content\/uploads\/2020\/03\/Gianni-Azzaro-696x420-Taranto-PD.jpg 696w, https:\/\/www.fedaiisf.it\/wp-content\/uploads\/2020\/03\/Gianni-Azzaro-696x420-Taranto-PD-300x181.jpg 300w\" sizes=\"auto, (max-width: 333px) 100vw, 333px\" \/><\/a>Speranza e al presidente della Regione Puglia affinch\u00e9 adottino quelle misure di prevenzione utili per ridurre i rischi per questi lavoratori. \u00ab<strong>\u00c8 del tutto evidente \u2013 spiega Azzaro \u2013 come questi operatori siano particolarmente esposti al rischio del contagio visto che, ogni giorno, frequentano per svolgere il loro ruolo di informatori scientifici gli studi dei medici di famiglia, ma anche quelli pediatrici e soprattutto i reparti ospedalieri<\/strong>. Per quale motivo \u2013 si chiede il consigliere provinciale e comunale del Partito democratico \u2013 <strong>dobbiamo continuare ad esporre ad un rischio cos\u00ec elevato di contagio sia gli informatori scientifici che i medici oltre agli stessi pazienti?<\/strong>\u00bb. Non a caso, di recente, la Regione Marche ha sospeso le attivit\u00e0 degli informatori scientifici nelle strutture sanitarie.<\/span><\/p>\n<p><span style=\"color: #000000;\">E allora, Azzaro rivolgendosi a Speranza ed Emiliano propone loro di \u00abinvitare, anzi obbligare, le aziende in cui lavorando gli informatori a varare temporaneamente il telelavoro (<em>smart working<\/em>), impedendo l\u2019accesso negli studi medici e in ospedale o, al massimo, limitandolo con la prenotazione per via telematica degli appuntamenti. Ma, insisto, in via prioritaria \u2013 conclude Azzaro \u2013 la strada maestra \u00e8 quella di far ricorso provvisoriamente al telelavoro. Confido nella sensibilit\u00e0 del ministro della Salute e del presidente della Regione Puglia che, peraltro, sono quotidianamente impegnati, nei diversi ruoli, a ridurre i contatti tra soggetti pi\u00f9 potenzialmente esposti al rischio del contagio da coronavirus\u00bb.<\/span><\/p>\n<p>&nbsp;<\/p>","protected":false},"excerpt":{"rendered":"<p>\u201cTUTELARE GLI INFORMATORI SCIENTIFICI DAL CORONAVIRUS\u201d Tarantini Time &#8211; 5 marzo 2020 \u00abQuando c\u2019\u00e8 un\u2019emergenza non ci si pu\u00f2 dimenticare di nessuno. Questo, in linea generale. In realt\u00e0, invece, la comunit\u00e0 e le istituzioni sembrano paradossalmente ignorare proprio chi \u00e8 potenzialmente maggiormente esposto al rischio del contagio da coronavirus. Mi riferisco agli informatori scientifici\u00bb. Lo &hellip;<\/p>","protected":false},"author":4,"featured_media":48304,"comment_status":"closed","ping_status":"closed","sticky":false,"template":"","format":"standard","meta":{"footnotes":""},"categories":[1],"tags":[],"class_list":["post-48300","post","type-post","status-publish","format-standard","has-post-thumbnail","hentry","category-notizie"],"amp_enabled":true,"_links":{"self":[{"href":"https:\/\/www.fedaiisf.it\/en\/wp-json\/wp\/v2\/posts\/48300","targetHints":{"allow":["GET"]}}],"collection":[{"href":"https:\/\/www.fedaiisf.it\/en\/wp-json\/wp\/v2\/posts"}],"about":[{"href":"https:\/\/www.fedaiisf.it\/en\/wp-json\/wp\/v2\/types\/post"}],"author":[{"embeddable":true,"href":"https:\/\/www.fedaiisf.it\/en\/wp-json\/wp\/v2\/users\/4"}],"replies":[{"embeddable":true,"href":"https:\/\/www.fedaiisf.it\/en\/wp-json\/wp\/v2\/comments?post=48300"}],"version-history":[{"count":0,"href":"https:\/\/www.fedaiisf.it\/en\/wp-json\/wp\/v2\/posts\/48300\/revisions"}],"wp:featuredmedia":[{"embeddable":true,"href":"https:\/\/www.fedaiisf.it\/en\/wp-json\/wp\/v2\/media\/48304"}],"wp:attachment":[{"href":"https:\/\/www.fedaiisf.it\/en\/wp-json\/wp\/v2\/media?parent=48300"}],"wp:term":[{"taxonomy":"category","embeddable":true,"href":"https:\/\/www.fedaiisf.it\/en\/wp-json\/wp\/v2\/categories?post=48300"},{"taxonomy":"post_tag","embeddable":true,"href":"https:\/\/www.fedaiisf.it\/en\/wp-json\/wp\/v2\/tags?post=48300"}],"curies":[{"name":"wp","href":"https:\/\/api.w.org\/{rel}","templated":true}]}}