{"id":48364,"date":"2020-03-08T13:31:22","date_gmt":"2020-03-08T12:31:22","guid":{"rendered":"https:\/\/www.fedaiisf.it\/?p=48364"},"modified":"2020-03-08T19:15:57","modified_gmt":"2020-03-08T18:15:57","slug":"coronavirus-due-isf-contagiati-una-a-torre-del-greco-uno-a-cosenza","status":"publish","type":"post","link":"https:\/\/www.fedaiisf.it\/en\/coronavirus-due-isf-contagiati-una-a-torre-del-greco-uno-a-cosenza\/","title":{"rendered":"Coronavirus. Two ISF infected, one in Torre del Greco, one in Cosenza"},"content":{"rendered":"<p><span style=\"color: #000000;\">Padre e figlia a fine febbraio tornati da Milano. Un medico cardiologo e una informatrice farmaceutica hanno poi contagiato dei loro familiari. Un ceppo diverso da quello che ha infettato gli insegnanti della scuola-focolaio.<\/span><\/p>\n<p><span style=\"color: #000000;\">Cos\u00ec Torre del Greco piomba nell&#8217;incubo, vedendo arrivare in un sabato nero a 14 gli infetti da coronavirus. Dieci sono le persone contagiate in una delle citt\u00e0 pi\u00f9 popolate della Campania, quattro gli insegnanti che hanno preso il virus nella scuola don Bosco-D&#8217;Assisi, ma abitano tra Castellammare e il salernitano.<\/span><\/p>\n<p><span style=\"color: #000000;\">E, quando col passare dei giorni di incubazione si allenta la tensione sulla scuola-focolaio, il virus colpisce fuori da quel cerchio risultando positivi il cardiologo e la figlia. I due sarebbero stati anche a <a href=\"https:\/\/www.fedaiisf.it\/wp-content\/uploads\/2020\/03\/coronavirus-covid19.png\"><img loading=\"lazy\" decoding=\"async\" class=\"wp-image-48367 alignright\" src=\"https:\/\/www.fedaiisf.it\/wp-content\/uploads\/2020\/03\/coronavirus-covid19.png\" alt=\"\" width=\"335\" height=\"223\" srcset=\"https:\/\/www.fedaiisf.it\/wp-content\/uploads\/2020\/03\/coronavirus-covid19.png 1024w, https:\/\/www.fedaiisf.it\/wp-content\/uploads\/2020\/03\/coronavirus-covid19-300x200.png 300w, https:\/\/www.fedaiisf.it\/wp-content\/uploads\/2020\/03\/coronavirus-covid19-768x512.png 768w, https:\/\/www.fedaiisf.it\/wp-content\/uploads\/2020\/03\/coronavirus-covid19-274x183.png 274w, https:\/\/www.fedaiisf.it\/wp-content\/uploads\/2020\/03\/coronavirus-covid19-80x54.png 80w, https:\/\/www.fedaiisf.it\/wp-content\/uploads\/2020\/03\/coronavirus-covid19-130x87.png 130w, https:\/\/www.fedaiisf.it\/wp-content\/uploads\/2020\/03\/coronavirus-covid19-359x240.png 359w, https:\/\/www.fedaiisf.it\/wp-content\/uploads\/2020\/03\/coronavirus-covid19-85x57.png 85w, https:\/\/www.fedaiisf.it\/wp-content\/uploads\/2020\/03\/coronavirus-covid19-546x365.png 546w, https:\/\/www.fedaiisf.it\/wp-content\/uploads\/2020\/03\/coronavirus-covid19-165x109.png 165w, https:\/\/www.fedaiisf.it\/wp-content\/uploads\/2020\/03\/coronavirus-covid19-112x75.png 112w, https:\/\/www.fedaiisf.it\/wp-content\/uploads\/2020\/03\/coronavirus-covid19-179x120.png 179w, https:\/\/www.fedaiisf.it\/wp-content\/uploads\/2020\/03\/coronavirus-covid19-170x113.png 170w, https:\/\/www.fedaiisf.it\/wp-content\/uploads\/2020\/03\/coronavirus-covid19-81x55.png 81w, https:\/\/www.fedaiisf.it\/wp-content\/uploads\/2020\/03\/coronavirus-covid19-765x510.png 765w\" sizes=\"auto, (max-width: 335px) 100vw, 335px\" \/><\/a>Villa Betania e per questo da venerd\u00ec un reparto \u00e8 in quarantena. &#8220;Possiamo stare tranquilli da una parte dice il sindaco Giovanni Palomba perch\u00e9 i ceppi sono due: quello della scuola e quello civile. Questo significa che sarebbero circoscritti.<\/span><\/p>\n<p><span style=\"color: #000000;\">Nel frattempo il laboratorio di microbiologia dell&#8217;Ospedale Civile dell&#8217;Annunziata di Cosenza ha comunicato l&#8217;esito positivo di tre tamponi. Si tratta di due persone ricoverate nel reparto di malattie infettive dell&#8217;ospedale cosentino, il terzo \u00e8 un residente della provincia di Cosenza, a Corigliano Rossano. Nel reparto infettivi di Cosenza \u00e8 ricoverata una coppia. Il marito \u00e8 un Informatore Scientifico di 65 anni. Fondo locali riferiscono che anche la moglie, 59 anni, sia un&#8217;informatrice scientifica.<\/span><\/p>\n<p><span style=\"color: #000000;\">Le condizioni dei due coniugi per ora non destano preoccupazioni. L&#8217;informatore scientifico, originario di Tarsia, aveva partecipato il 28 febbraio a una riunione operativa a Lamezia Terme con altri colleghi <a href=\"https:\/\/www.fedaiisf.it\/wp-content\/uploads\/2020\/03\/ISF-con-mascherina.jpeg\"><img loading=\"lazy\" decoding=\"async\" class=\"wp-image-48368 alignleft\" src=\"https:\/\/www.fedaiisf.it\/wp-content\/uploads\/2020\/03\/ISF-con-mascherina.jpeg\" alt=\"\" width=\"355\" height=\"160\" srcset=\"https:\/\/www.fedaiisf.it\/wp-content\/uploads\/2020\/03\/ISF-con-mascherina.jpeg 490w, https:\/\/www.fedaiisf.it\/wp-content\/uploads\/2020\/03\/ISF-con-mascherina-300x135.jpeg 300w\" sizes=\"auto, (max-width: 355px) 100vw, 355px\" \/><\/a>provenienti da Campania, Basilicata e Sicilia. Subito dopo ha iniziato a sentirsi male e venerd\u00ec sera, febbricitante, insieme alla moglie \u00e8 stato trasportato all&#8217;ospedale di Cosenza.<\/span><\/p>\n<p><span style=\"color: #000000;\">I sintomi, legati a problemi respiratori e febbre, hanno destato subito sospetti nei medici. I tamponi effettuati sull&#8217;informatore e la moglie sono risultati positivi. Ora si attende la conferma da parte dell&#8217;ISS. Adesso le autorit\u00e0 sanitarie sono al lavoro per ricostruire tutti i movimenti dell&#8217;ISF e della moglie, risalire ai contatti avuti nei giorni precedenti il ricovero e i luoghi visitati.<\/span><\/p>\n<p><span style=\"color: #000000;\">Si sta valutando se applicare all&#8217;azienda dell&#8217;informatore l&#8217;applicazione\u00a0dell&#8217;articolo 650 del codice penale, per mancato rispetto delle misure di contenimento previste nel decreto della presidenza del Consiglio dei Ministri, a parte la mancata tutela del dipendente dal pericolo biologico, pericolo e rischio biologico noto in tutta Italia.<\/span><\/p>\n<p>Redazione, da fonti locali &#8211; 8 marzo 2020<\/p>\n<p><a href=\"https:\/\/www.cosenzachannel.it\/2020\/03\/07\/coronavirus-tre-casi-sospetti-a-cosenza-ce-una-coppia-di-tarsia\/\" target=\"_blank\" rel=\"noopener noreferrer\">il Lametino<\/a><\/p>","protected":false},"excerpt":{"rendered":"<p>Padre e figlia a fine febbraio tornati da Milano. Un medico cardiologo e una informatrice farmaceutica hanno poi contagiato dei loro familiari. Un ceppo diverso da quello che ha infettato gli insegnanti della scuola-focolaio. Cos\u00ec Torre del Greco piomba nell&#8217;incubo, vedendo arrivare in un sabato nero a 14 gli infetti da coronavirus. Dieci sono le &hellip;<\/p>","protected":false},"author":4,"featured_media":48369,"comment_status":"closed","ping_status":"closed","sticky":false,"template":"","format":"standard","meta":{"footnotes":""},"categories":[1],"tags":[],"class_list":["post-48364","post","type-post","status-publish","format-standard","has-post-thumbnail","hentry","category-notizie"],"amp_enabled":true,"_links":{"self":[{"href":"https:\/\/www.fedaiisf.it\/en\/wp-json\/wp\/v2\/posts\/48364","targetHints":{"allow":["GET"]}}],"collection":[{"href":"https:\/\/www.fedaiisf.it\/en\/wp-json\/wp\/v2\/posts"}],"about":[{"href":"https:\/\/www.fedaiisf.it\/en\/wp-json\/wp\/v2\/types\/post"}],"author":[{"embeddable":true,"href":"https:\/\/www.fedaiisf.it\/en\/wp-json\/wp\/v2\/users\/4"}],"replies":[{"embeddable":true,"href":"https:\/\/www.fedaiisf.it\/en\/wp-json\/wp\/v2\/comments?post=48364"}],"version-history":[{"count":0,"href":"https:\/\/www.fedaiisf.it\/en\/wp-json\/wp\/v2\/posts\/48364\/revisions"}],"wp:featuredmedia":[{"embeddable":true,"href":"https:\/\/www.fedaiisf.it\/en\/wp-json\/wp\/v2\/media\/48369"}],"wp:attachment":[{"href":"https:\/\/www.fedaiisf.it\/en\/wp-json\/wp\/v2\/media?parent=48364"}],"wp:term":[{"taxonomy":"category","embeddable":true,"href":"https:\/\/www.fedaiisf.it\/en\/wp-json\/wp\/v2\/categories?post=48364"},{"taxonomy":"post_tag","embeddable":true,"href":"https:\/\/www.fedaiisf.it\/en\/wp-json\/wp\/v2\/tags?post=48364"}],"curies":[{"name":"wp","href":"https:\/\/api.w.org\/{rel}","templated":true}]}}