{"id":48428,"date":"2020-03-09T18:28:44","date_gmt":"2020-03-09T17:28:44","guid":{"rendered":"https:\/\/www.fedaiisf.it\/?p=48428"},"modified":"2020-03-09T18:40:03","modified_gmt":"2020-03-09T17:40:03","slug":"coronavirus-limpegno-di-farmindustria-proseguono-le-attivita-di-informazione-scientifica-rispettando-delibere-e-ordinanze","status":"publish","type":"post","link":"https:\/\/www.fedaiisf.it\/en\/coronavirus-limpegno-di-farmindustria-proseguono-le-attivita-di-informazione-scientifica-rispettando-delibere-e-ordinanze\/","title":{"rendered":"Coronavirus. Farmindustria&#039;s commitment: scientific information activities continue in compliance with resolutions and ordinances"},"content":{"rendered":"<blockquote><p><em><strong>Come affronta l\u2019emergenza sanitaria l\u2019industria farmaceutica?<\/strong><\/em><\/p><\/blockquote>\n<div id=\"laleg-1323742206\" class=\"laleg-summary\"><\/div>\n<p><strong><a href=\"https:\/\/www.fedaiisf.it\/wp-content\/uploads\/2020\/03\/Coronavirus-mascherina.jpeg\"><img loading=\"lazy\" decoding=\"async\" class=\" wp-image-48429 alignright\" src=\"https:\/\/www.fedaiisf.it\/wp-content\/uploads\/2020\/03\/Coronavirus-mascherina.jpeg\" alt=\"\" width=\"356\" height=\"238\" srcset=\"https:\/\/www.fedaiisf.it\/wp-content\/uploads\/2020\/03\/Coronavirus-mascherina.jpeg 429w, https:\/\/www.fedaiisf.it\/wp-content\/uploads\/2020\/03\/Coronavirus-mascherina-300x201.jpeg 300w, https:\/\/www.fedaiisf.it\/wp-content\/uploads\/2020\/03\/Coronavirus-mascherina-274x183.jpeg 274w, https:\/\/www.fedaiisf.it\/wp-content\/uploads\/2020\/03\/Coronavirus-mascherina-80x54.jpeg 80w, https:\/\/www.fedaiisf.it\/wp-content\/uploads\/2020\/03\/Coronavirus-mascherina-130x87.jpeg 130w, https:\/\/www.fedaiisf.it\/wp-content\/uploads\/2020\/03\/Coronavirus-mascherina-359x240.jpeg 359w, https:\/\/www.fedaiisf.it\/wp-content\/uploads\/2020\/03\/Coronavirus-mascherina-85x57.jpeg 85w, https:\/\/www.fedaiisf.it\/wp-content\/uploads\/2020\/03\/Coronavirus-mascherina-546x365.jpeg 546w, https:\/\/www.fedaiisf.it\/wp-content\/uploads\/2020\/03\/Coronavirus-mascherina-266x179.jpeg 266w, https:\/\/www.fedaiisf.it\/wp-content\/uploads\/2020\/03\/Coronavirus-mascherina-165x109.jpeg 165w, https:\/\/www.fedaiisf.it\/wp-content\/uploads\/2020\/03\/Coronavirus-mascherina-347x233.jpeg 347w, https:\/\/www.fedaiisf.it\/wp-content\/uploads\/2020\/03\/Coronavirus-mascherina-112x75.jpeg 112w, https:\/\/www.fedaiisf.it\/wp-content\/uploads\/2020\/03\/Coronavirus-mascherina-179x120.jpeg 179w, https:\/\/www.fedaiisf.it\/wp-content\/uploads\/2020\/03\/Coronavirus-mascherina-170x113.jpeg 170w, https:\/\/www.fedaiisf.it\/wp-content\/uploads\/2020\/03\/Coronavirus-mascherina-81x55.jpeg 81w, https:\/\/www.fedaiisf.it\/wp-content\/uploads\/2020\/03\/Coronavirus-mascherina-765x510.jpeg 765w\" sizes=\"auto, (max-width: 356px) 100vw, 356px\" \/><\/a>Farmindustria<\/strong> ha attivato<strong> piani di continuit\u00e0 ed emergenza<\/strong>, organizzando dei piccoli team operativi, sia nel campo della produzione che della ricerca con il minimo numero possibile di componenti, che possano ruotare in modo da non venire mai in contatto l\u2019uno con l\u2019altro. E anche in caso di problemi, sarebbero poche unit\u00e0 di dipendenti a venire meno.<\/p>\n<p>A fronte delle restrizioni, dei divieti e dell\u2019allarme dovuti al<strong> Covid-19<\/strong>, il presidente di Farmindustria, Massimo Scaccabarozzi, spiega che l\u2019<strong>industria farmaceutica<\/strong> non pu\u00f2 permettersi delle discontinuit\u00e0: \u201csvolgiamo un ruolo sociale, produciamo farmaci e ci assumiamo la responsabilit\u00e0 di garantire che continueremo a farlo, sia per i malati di Covid-19 che per gli altri. <span style=\"color: #000000;\"><strong>Ovviamente proseguono,<\/strong> anche se con qualche innegabile difficolt\u00e0, gli studi di<strong> sperimentazione dei nuovi medicinali<\/strong> e <strong>le attivit\u00e0 di informazione scientifica<\/strong> che ci consentono di avere un interscambio con i medici sui nostri prodotti. Sono stati attivati piani di emergenza e di continuit\u00e0 in ognuna di queste aree\u201d<\/span>. E\u2019 quanto emerge da una nota stampa dell\u2019Adnkronos Salute.<\/p>\n<p>\u201cIl <a href=\"https:\/\/www.laleggepertutti.it\/374794_coronavirus-il-nuovo-decreto-e-tutte-le-restrizioni\" target=\"_blank\" rel=\"noopener noreferrer\">decreto del governo<\/a> \u2013 ricorda \u2013 stabilisce che l\u2019industria debba <strong>garantire servizi essenziali<\/strong> ed \u00e8 quello che stiamo facendo: abbiamo assunto forte la responsabilit\u00e0 di non far venire meno prodotti che siusano per tutte le malattie. Anche la ricerca non si pu\u00f2 fermare, sul <strong>Covid-19<\/strong> come in altri settori. Gli studi clinici non li possiamo di certo stoppare, perch\u00e9 i pazienti stanno assumendo i farmaci oggetto di studio e non voglio immaginare cosa accadrebbe se non arrivasse loro la quantit\u00e0 adeguata di prodotto.<\/p>\n<p><span style=\"color: #000000;\"><a href=\"https:\/\/www.fedaiisf.it\/wp-content\/uploads\/2018\/07\/scaccabarozzi-assemblea-farmindustria-2018.jpg\"><img loading=\"lazy\" decoding=\"async\" class=\"wp-image-36995 alignleft\" src=\"https:\/\/www.fedaiisf.it\/wp-content\/uploads\/2018\/07\/scaccabarozzi-assemblea-farmindustria-2018-1024x682.jpg\" alt=\"\" width=\"386\" height=\"257\" srcset=\"https:\/\/www.fedaiisf.it\/wp-content\/uploads\/2018\/07\/scaccabarozzi-assemblea-farmindustria-2018.jpg 1024w, https:\/\/www.fedaiisf.it\/wp-content\/uploads\/2018\/07\/scaccabarozzi-assemblea-farmindustria-2018-300x200.jpg 300w, https:\/\/www.fedaiisf.it\/wp-content\/uploads\/2018\/07\/scaccabarozzi-assemblea-farmindustria-2018-768x512.jpg 768w, https:\/\/www.fedaiisf.it\/wp-content\/uploads\/2018\/07\/scaccabarozzi-assemblea-farmindustria-2018-274x183.jpg 274w, https:\/\/www.fedaiisf.it\/wp-content\/uploads\/2018\/07\/scaccabarozzi-assemblea-farmindustria-2018-80x54.jpg 80w, https:\/\/www.fedaiisf.it\/wp-content\/uploads\/2018\/07\/scaccabarozzi-assemblea-farmindustria-2018-130x87.jpg 130w, https:\/\/www.fedaiisf.it\/wp-content\/uploads\/2018\/07\/scaccabarozzi-assemblea-farmindustria-2018-359x240.jpg 359w, https:\/\/www.fedaiisf.it\/wp-content\/uploads\/2018\/07\/scaccabarozzi-assemblea-farmindustria-2018-85x57.jpg 85w, https:\/\/www.fedaiisf.it\/wp-content\/uploads\/2018\/07\/scaccabarozzi-assemblea-farmindustria-2018-546x365.jpg 546w, https:\/\/www.fedaiisf.it\/wp-content\/uploads\/2018\/07\/scaccabarozzi-assemblea-farmindustria-2018-165x109.jpg 165w, https:\/\/www.fedaiisf.it\/wp-content\/uploads\/2018\/07\/scaccabarozzi-assemblea-farmindustria-2018-112x75.jpg 112w, https:\/\/www.fedaiisf.it\/wp-content\/uploads\/2018\/07\/scaccabarozzi-assemblea-farmindustria-2018-179x120.jpg 179w, https:\/\/www.fedaiisf.it\/wp-content\/uploads\/2018\/07\/scaccabarozzi-assemblea-farmindustria-2018-170x113.jpg 170w, https:\/\/www.fedaiisf.it\/wp-content\/uploads\/2018\/07\/scaccabarozzi-assemblea-farmindustria-2018-81x55.jpg 81w, https:\/\/www.fedaiisf.it\/wp-content\/uploads\/2018\/07\/scaccabarozzi-assemblea-farmindustria-2018-765x510.jpg 765w\" sizes=\"auto, (max-width: 386px) 100vw, 386px\" \/><\/a>Anche le <strong>attivit\u00e0 di informazione scientifica<\/strong>, che servono a portare ai medici tutti i datinecessari all\u2019impiego dei nostri farmaci, in un flusso di <strong>scambio di informazioni<\/strong> che ci ritorna dall\u2019esperienza degli stessi medici e che trasmettiamo poi a chi fa ricerca, sono molto importanti. <strong>Ferme restando queste responsabilit\u00e0, le industrie devono agire rispettando le delibere di questi giorni, sia quelle locali, che quelle ospedaliere, sia quelle regionali, che quelle centrali, tutelando anche i nostri dipendenti<\/strong>\u201d.<\/span><\/p>\n<p>Chiaramente, in tutti gli uffici \u201c\u00e8 stato attivato lo<strong> smart working<\/strong> e abbiamo potenziato il sistema per avere una connessione da remoto con gli<strong> operatori sanitari<\/strong>, che ci devono poter consultare in qualsiasi momento\u201d.<\/p>\n<p>\u201cGrazie a questo impegno \u2013 sottolinea il presidente di Farmindustria \u2013 al momento <strong>non ci sono problemi di approvvigionamento di farmaci<\/strong>, ma per far s\u00ec che non si verifichino fra qualche tempo dobbiamo continuare a vigilare e a mettere in atto piani per aumentare le scorte e garantire anche una distribuzione oculata, per<strong> evitare accaparramenti<\/strong>. Anche gli studi clinici vanno avanti, pur con difficolt\u00e0. Noi andremo avanti finch\u00e9 possibile, in caso contrario sarebbe una grandissima perdita di dati validati e ci sarebbero dei ritardi per l\u2019arrivo delle<strong> nuove terapie in Italia<\/strong>. Siamo pronti a collaborare con tutte le istituzioni con il massimo impegno e il minimo disturbo possibili\u201d.<\/p>\n<p>La Legge per Tutti &#8211; 9 marzo 2020<\/p>\n<hr \/>\n<p><span style=\"color: #ff0000;\"><strong>Nota<\/strong><\/span>:<span style=\"font-family: arial, helvetica, sans-serif;\">\u00a0<a href=\"https:\/\/www.ilfattoquotidiano.it\/2020\/03\/08\/coronavirus-viminale-fino-a-tre-mesi-di-carcere-per-chi-viola-la-quarantena-ai-controlli-richiesta-autodichiarazione-motivi-di-salute\/5729939\/\" target=\"_blank\" rel=\"noopener noreferrer\">La direttiva inviata dal\u00a0<strong>Viminale<\/strong>\u00a0ai prefetti<\/a>: dispone che<span style=\"color: #000000;\">: \u201cLa sanzione per chi viola le limitazioni agli spostamenti \u00e8 quella prevista in via generale dall\u2019articolo 650 del codice penale salvo che non si possa configurare un\u2019ipotesi pi\u00f9 grave quale quella prevista dall\u2019articolo 452 del Codice penale (<strong>delitti colposi contro la salute pubblica\u00a0<span style=\"color: #000000;\">che persegue tutte le condotte idonee a produrre un pericolo appunto per la salute pubblica)<\/span><\/strong>\u201d.\u00a0<\/span><\/span><\/p>\n<p><span style=\"color: #000000; font-family: arial, helvetica, sans-serif;\">Uno dei principali obblighi messi a carico dell\u2019azienda dalla legge\u00a0<strong>[Art. 2087 cod. civ.]<\/strong>\u00a0\u00e8, infatti,\u00a0<strong>l\u2019obbligo di sicurezza<\/strong>.<\/span><\/p>\n<p><span style=\"color: #000000; font-family: arial, helvetica, sans-serif;\">Testo unico delle norme in materia di\u00a0<strong>salute e sicurezza sul lavoro<\/strong><\/span><\/p>\n<p><span style=\"color: #000000; font-family: arial, helvetica, sans-serif;\"><strong>La violazione di singoli obblighi previsti dal testo unico espone l\u2019azienda al rischio di sanzioni<\/strong>. Inoltre, se si verifica un infortunio o una malattia professionale e si dimostra che\u00a0l\u2019azienda non \u00e8 in regola con la sicurezza,\u00a0<strong>il datore di lavoro rischia<\/strong>:<\/span><\/p>\n<ul>\n<li><span style=\"font-family: arial, helvetica, sans-serif;\"><strong><span style=\"color: #000000;\">una\u00a0condanna penale\u00a0per<\/span>\u00a0<a href=\"https:\/\/www.laleggepertutti.it\/147950_cose-lomicidio-colposo\" target=\"_blank\" rel=\"noopener noreferrer\">omicidio colposo<\/a>\u00a0<span style=\"color: #000000;\">o per lesioni<\/span><\/strong><span style=\"color: #000000;\">, a seconda che l\u2019infortunio o la malattia professionali siano mortali o meno;<\/span><\/span><\/li>\n<li><span style=\"color: #000000; font-family: arial, helvetica, sans-serif;\"><strong>una condanna per\u00a0risarcimento del danno\u00a0al dipendente<\/strong>, che sar\u00e0 pari alla differenza tra il danno complessivamente subito e la quota gi\u00e0 indennizzata dall\u2019Inail.<\/span><\/li>\n<\/ul>\n<p><span style=\"color: #000000; font-family: arial, helvetica, sans-serif;\">Inoltre il\u00a0<em>diritto alla salute<\/em>\u00a0\u00e8 un diritto soggettivo assoluto. A presidio del rispetto di tale obbligo vi sono anche norme penali, contenute nel codice penale (artt. 437, 451 c.p.) ed in numerose leggi speciali.<\/span><\/p>\n<p>&nbsp;<\/p>\n","protected":false},"excerpt":{"rendered":"<p>Come affronta l\u2019emergenza sanitaria l\u2019industria farmaceutica? Farmindustria ha attivato piani di continuit\u00e0 ed emergenza, organizzando dei piccoli team operativi, sia nel campo della produzione che della ricerca con il minimo numero possibile di componenti, che possano ruotare in modo da non venire mai in contatto l\u2019uno con l\u2019altro. E anche in caso di problemi, sarebbero &hellip;<\/p>","protected":false},"author":4,"featured_media":48430,"comment_status":"closed","ping_status":"closed","sticky":false,"template":"","format":"standard","meta":{"footnotes":""},"categories":[1],"tags":[],"class_list":["post-48428","post","type-post","status-publish","format-standard","has-post-thumbnail","hentry","category-notizie"],"amp_enabled":true,"_links":{"self":[{"href":"https:\/\/www.fedaiisf.it\/en\/wp-json\/wp\/v2\/posts\/48428","targetHints":{"allow":["GET"]}}],"collection":[{"href":"https:\/\/www.fedaiisf.it\/en\/wp-json\/wp\/v2\/posts"}],"about":[{"href":"https:\/\/www.fedaiisf.it\/en\/wp-json\/wp\/v2\/types\/post"}],"author":[{"embeddable":true,"href":"https:\/\/www.fedaiisf.it\/en\/wp-json\/wp\/v2\/users\/4"}],"replies":[{"embeddable":true,"href":"https:\/\/www.fedaiisf.it\/en\/wp-json\/wp\/v2\/comments?post=48428"}],"version-history":[{"count":0,"href":"https:\/\/www.fedaiisf.it\/en\/wp-json\/wp\/v2\/posts\/48428\/revisions"}],"wp:featuredmedia":[{"embeddable":true,"href":"https:\/\/www.fedaiisf.it\/en\/wp-json\/wp\/v2\/media\/48430"}],"wp:attachment":[{"href":"https:\/\/www.fedaiisf.it\/en\/wp-json\/wp\/v2\/media?parent=48428"}],"wp:term":[{"taxonomy":"category","embeddable":true,"href":"https:\/\/www.fedaiisf.it\/en\/wp-json\/wp\/v2\/categories?post=48428"},{"taxonomy":"post_tag","embeddable":true,"href":"https:\/\/www.fedaiisf.it\/en\/wp-json\/wp\/v2\/tags?post=48428"}],"curies":[{"name":"wp","href":"https:\/\/api.w.org\/{rel}","templated":true}]}}