{"id":48460,"date":"2020-03-10T13:29:35","date_gmt":"2020-03-10T12:29:35","guid":{"rendered":"https:\/\/www.fedaiisf.it\/?p=48460"},"modified":"2020-03-10T13:33:18","modified_gmt":"2020-03-10T12:33:18","slug":"covid-19-in-gazzetta-ufficiale-il-decreto-iorestoacasa-per-muoverrsi-autocertificarsi-lo-stat-di-necessita-il-modulo","status":"publish","type":"post","link":"https:\/\/www.fedaiisf.it\/en\/covid-19-in-gazzetta-ufficiale-il-decreto-iorestoacasa-per-muoverrsi-autocertificarsi-lo-stat-di-necessita-il-modulo\/","title":{"rendered":"Covid-19, the Decree #Iorestoacasa in the Official Gazette. To move, even for work, self-certify the state of necessity. The module"},"content":{"rendered":"<p>Tutta l\u2019Italia diventa zona protetta. Con l\u2019ultimo dpcm sottoscritto la sera 9 marzo dal presidente del Consiglio dei ministri, Giuseppe Conte, le misure restrittive gi\u00e0 applicate per la Lombardia e le 14 province del nord pi\u00f9 colpite dal coronavirus vengono estese a tutto il territorio nazionale. Il nuovo provvedimento entra in vigore a partire dal 10 marzo e avr\u00e0 efficacia fino al 3 aprile.<\/p>\n<h4><a href=\"https:\/\/www.fedaiisf.it\/wp-content\/uploads\/2020\/03\/Modulo-autodichiarazione.jpeg\"><img loading=\"lazy\" decoding=\"async\" class=\"wp-image-48463 alignright\" src=\"https:\/\/www.fedaiisf.it\/wp-content\/uploads\/2020\/03\/Modulo-autodichiarazione.jpeg\" alt=\"\" width=\"370\" height=\"434\" srcset=\"https:\/\/www.fedaiisf.it\/wp-content\/uploads\/2020\/03\/Modulo-autodichiarazione.jpeg 746w, https:\/\/www.fedaiisf.it\/wp-content\/uploads\/2020\/03\/Modulo-autodichiarazione-256x300.jpeg 256w\" sizes=\"auto, (max-width: 370px) 100vw, 370px\" \/><\/a>Muoversi solo se necessario<\/h4>\n<p><span style=\"color: #000000;\">Si pu\u00f2 uscire di casa solo per esigenze lavorative, motivi di salute e necessit\u00e0. Ove richiesto, queste esigenze vanno attestate mediante autodichiarazione, che potr\u00e0 essere resa anche seduta stante attraverso la compilazione di moduli forniti dalle forze di polizia o scaricati da Internet. Una falsa dichiarazione \u00e8 un reato.<\/span><\/p>\n<ul>\n<li><span style=\"color: #000000;\">Scarica il nuovo<\/span>\u00a0<strong><a title=\"Apre file pdf Modulo di autocertificazione \" href=\"http:\/\/www.salute.gov.it\/imgs\/C_17_notizie_4186_0_file.pdf\" target=\"_blank\" rel=\"noopener noreferrer\">modulo di autocertificazione<\/a><\/strong>\u00a0<span style=\"color: #000000;\">del Ministero dell&#8217;Interno aggiornato al Dpcm 9 marzo.<\/span><\/li>\n<li>Leggi la <a title=\"apre pagina ministero Interno\" href=\"https:\/\/www.interno.gov.it\/it\/notizie\/controlli-nelle-aree-contenimento-rafforzato-direttiva-ministro-lamorgese-prefetti\" target=\"_blank\" rel=\"noopener noreferrer\">direttiva del Ministro dell&#8217;Interno ai Prefetti<\/a><\/li>\n<\/ul>\n<h4>Divieto di assembramento<\/h4>\n<p>Sull&#8217;intero territorio nazionale \u00e9 vietata ogni forma di assembramento di persone in luoghi pubblici o aperti al pubblico.<\/p>\n<h4>Ristoranti e bar chiusi alle 18<\/h4>\n<p>Sono consentite le attivit\u00e0 di ristorazione e bar dalle 6 alle 18, con obbligo da parte del gestore di garantire il rispetto della distanza interpersonale di almeno un metro<\/p>\n<h4>Centri commerciali chiusi nei fine settimana (eccetto farmacie, parafarmacie e alimentari)<\/h4>\n<p>Chiusi centri commerciali e mercati nei giorni festivi e prefestivi. Nei giorni feriali il gestore dell\u2019esercizio commerciale deve garantire il rispetto della distanza di sicurezza interpersonale di un metro. La\u00a0 chiusura non \u00e9 disposta\u00a0 per\u00a0 farmacie,\u00a0 parafarmacie e punti vendita di generi alimentari (che comunque devono garantire distanza di un metro tra le persone)<\/p>\n<h4>Sospesi eventi e competizioni sportive<\/h4>\n<p>Sono sospesi gli eventi e le competizioni sportive di ogni ordine e disciplina, in luoghi pubblici o privati. Restano consentite solo quelle organizzate da organismi sportivi internazionali, all\u2019interno di impianti a porte chiuse o all\u2019aperto senza la presenza di pubblico.<\/p>\n<h4>Allenamenti per gli atleti a porte chiuse<\/h4>\n<p>Gli impianti sportivi sono utilizzabili, a porte chiuse, soltanto per le sedute di allenamento degli atleti, professionisti e non professionisti, riconosciuti di interesse nazionale dal Comitato olimpico nazionale italiano (Coni) e dalle rispettive federazioni, in vista della loro partecipazione ai giochi olimpici o a manifestazioni nazionali e internazionali.<\/p>\n<h4>Stop a palestre, piscine, spa e centri ricreativi<\/h4>\n<p>Sono sospese le attivit\u00e0 di palestre, centri sportivi, piscine, centri natatori, centri\u00a0 benessere, centri termali (fatta eccezione per l&#8217;erogazione delle prestazioni rientranti nei livelli essenziali di assistenza), centri culturali, centri\u00a0 sociali, centri ricreativi.<\/p>\n<p>Download<\/p>\n<ul>\n<li><a title=\"Apre file pdf Modulo di autocertificazione \" href=\"http:\/\/www.salute.gov.it\/imgs\/C_17_notizie_4186_0_file.pdf\" target=\"_blank\" rel=\"noopener noreferrer\">Modulo per autocertificazione<\/a><\/li>\n<\/ul>\n<p>Vai a<\/p>\n<ul>\n<li><a title=\"apre sito Viminale\" href=\"https:\/\/www.interno.gov.it\/it\" target=\"_blank\" rel=\"noopener noreferrer\">Sito del Ministero dell&#8217;Interno<\/a><\/li>\n<\/ul>\n<p>Consult<\/p>\n<ul>\n<li><a href=\"http:\/\/www.trovanorme.salute.gov.it\/norme\/dettaglioAtto?id=73629\" target=\"_blank\" rel=\"noopener noreferrer\">Dpcm 9 marzo<\/a><\/li>\n<\/ul>\n<p>See also<\/p>\n<ul>\n<li><a title=\"apre decreto 8 marzo\" href=\"http:\/\/www.trovanorme.salute.gov.it\/norme\/dettaglioAtto?id=73594\" target=\"_blank\" rel=\"noopener noreferrer\">Dpcm 8 marzo<\/a><\/li>\n<\/ul>\n<div>Ministero della Salute &#8211; 10 marzo 2020<\/div>","protected":false},"excerpt":{"rendered":"<p>Tutta l\u2019Italia diventa zona protetta. Con l\u2019ultimo dpcm sottoscritto la sera 9 marzo dal presidente del Consiglio dei ministri, Giuseppe Conte, le misure restrittive gi\u00e0 applicate per la Lombardia e le 14 province del nord pi\u00f9 colpite dal coronavirus vengono estese a tutto il territorio nazionale. Il nuovo provvedimento entra in vigore a partire dal &hellip;<\/p>","protected":false},"author":4,"featured_media":29656,"comment_status":"closed","ping_status":"closed","sticky":false,"template":"","format":"standard","meta":{"footnotes":""},"categories":[1],"tags":[],"class_list":["post-48460","post","type-post","status-publish","format-standard","has-post-thumbnail","hentry","category-notizie"],"amp_enabled":true,"_links":{"self":[{"href":"https:\/\/www.fedaiisf.it\/en\/wp-json\/wp\/v2\/posts\/48460","targetHints":{"allow":["GET"]}}],"collection":[{"href":"https:\/\/www.fedaiisf.it\/en\/wp-json\/wp\/v2\/posts"}],"about":[{"href":"https:\/\/www.fedaiisf.it\/en\/wp-json\/wp\/v2\/types\/post"}],"author":[{"embeddable":true,"href":"https:\/\/www.fedaiisf.it\/en\/wp-json\/wp\/v2\/users\/4"}],"replies":[{"embeddable":true,"href":"https:\/\/www.fedaiisf.it\/en\/wp-json\/wp\/v2\/comments?post=48460"}],"version-history":[{"count":0,"href":"https:\/\/www.fedaiisf.it\/en\/wp-json\/wp\/v2\/posts\/48460\/revisions"}],"wp:featuredmedia":[{"embeddable":true,"href":"https:\/\/www.fedaiisf.it\/en\/wp-json\/wp\/v2\/media\/29656"}],"wp:attachment":[{"href":"https:\/\/www.fedaiisf.it\/en\/wp-json\/wp\/v2\/media?parent=48460"}],"wp:term":[{"taxonomy":"category","embeddable":true,"href":"https:\/\/www.fedaiisf.it\/en\/wp-json\/wp\/v2\/categories?post=48460"},{"taxonomy":"post_tag","embeddable":true,"href":"https:\/\/www.fedaiisf.it\/en\/wp-json\/wp\/v2\/tags?post=48460"}],"curies":[{"name":"wp","href":"https:\/\/api.w.org\/{rel}","templated":true}]}}